{"id":5652,"date":"2025-08-29T23:51:53","date_gmt":"2025-08-29T23:51:53","guid":{"rendered":"https:\/\/www.rengoenlanoticia.cl\/prensa\/?p=5652"},"modified":"2025-08-29T23:52:24","modified_gmt":"2025-08-29T23:52:24","slug":"diputada-marta-gonzalez-presenta-anteproyecto-junto-a-dirigentes-sindicales-para-frenar-practicas-antisindicales-corrupcion-sindical-y-precarizacion-laboral","status":"publish","type":"post","link":"https:\/\/www.rengoenlanoticia.cl\/prensa\/2025\/08\/29\/diputada-marta-gonzalez-presenta-anteproyecto-junto-a-dirigentes-sindicales-para-frenar-practicas-antisindicales-corrupcion-sindical-y-precarizacion-laboral\/","title":{"rendered":"Diputada Marta Gonz\u00e1lez presenta anteproyecto junto a dirigentes sindicales para frenar pr\u00e1cticas antisindicales, corrupci\u00f3n sindical y precarizaci\u00f3n laboral"},"content":{"rendered":"\n<p>En la sede de la ANEF en Rancagua se desarroll\u00f3 un foro conversatorio organizado por la Diputada de la Regi\u00f3n de O\u2019Higgins, Marta Gonz\u00e1lez, donde se present\u00f3 un anteproyecto legislativo orientado a frenar pr\u00e1cticas antisindicales, erradicar la corrupci\u00f3n sindical y enfrentar la precarizaci\u00f3n derivada de la subcontrataci\u00f3n. La jornada reuni\u00f3 a cerca de 50 dirigentes y sindicatos de distintos rubros, quienes compartieron ideas y experiencias en torno a la realidad que viven diariamente los trabajadores del pa\u00eds.<\/p>\n\n\n\n<p>En la apertura, la parlamentaria agradeci\u00f3 la participaci\u00f3n de los asistentes y destac\u00f3 que el prop\u00f3sito de la actividad fue \u201ctrabajar en torno a tres ejes que son esenciales para que el mundo del trabajo avance, para que se respeten los derechos laborales y para que tambi\u00e9n se d\u00e9 un respaldo a los dirigentes sindicales que cumplen su funci\u00f3n y hacen el trabajo como corresponde\u201d.<\/p>\n\n\n\n<p>El primero de estos temas corresponde a las pr\u00e1cticas antisindicales. La Diputada Gonz\u00e1lez recalc\u00f3 que el anteproyecto busca sancionar de manera m\u00e1s efectiva a quienes incurren en estas conductas.&nbsp; \u201cQueremos que no solamente sea sancionada la empresa con multas econ\u00f3micas, sino que tambi\u00e9n sean sancionados los ejecutantes, los que en el fondo realizan estas pr\u00e1cticas antisindicales o persecuciones a los dirigentes sindicales o a las distintas organizaciones sindicales\u201d, enfatiz\u00f3.<\/p>\n\n\n\n<p>En la misma l\u00ednea, Mar\u00eda Guzm\u00e1n, presidenta de la CUT Provincial Cachapoal, sostuvo que este tipo de medidas son necesarias porque \u201cactualmente tenemos muchas pr\u00e1cticas antisindicales que van en contra de los beneficios de los trabajadores y, por lo tanto, en esa perspectiva este proyecto podr\u00eda regular y aumentar tambi\u00e9n el sindicalismo y la credibilidad de los sindicatos para los trabajadores\u201d.<\/p>\n\n\n\n<p>El segundo punto tratado fue la corrupci\u00f3n dentro de las organizaciones sindicales, tema que tambi\u00e9n gener\u00f3 coincidencia entre los presentes. \u201cFrenar la corrupci\u00f3n en los sindicatos y poder erradicar la corrupci\u00f3n de distintas dirigencias, que no solamente han tenido un perjuicio econ\u00f3mico para los socios, sino que tambi\u00e9n han generado un retroceso en los derechos laborales. Adem\u00e1s, muchas de esas dirigencias han vendido las luchas sindicales, por lo que para nosotros es tan importante avanzar en medidas que pongan fin a estas malas pr\u00e1cticas\u201d, recalc\u00f3 Gonz\u00e1lez.<\/p>\n\n\n\n<p>para frenar la corrupci\u00f3n en los sindicatos y poder erradicar la corrupci\u00f3n de distintas dirigencias, que no solamente han tenido un perjuicio econ\u00f3mico para los socios, sino que tambi\u00e9n han generado un retroceso en los derechos laborales, lo que afecta hoy d\u00eda a esta generaci\u00f3n de trabajadores y va a afectar a las generaciones futuras. Adem\u00e1s, han vendido las luchas sindicales. Es por esto que, para nosotros, es tan importante trabajar en las pr\u00e1cticas antisindicales y erradicar la corrupci\u00f3n de todos los dirigentes sindicales.<\/p>\n\n\n\n<p>Marco Ibarra, dirigente de la Federaci\u00f3n de Trabajadores Territorial del Cobre (FETRATEC), coincidi\u00f3 en que este es un tema urgente de abordar. \u201cPara nosotros los dirigentes siempre es bueno participar en esta iniciativa de corregir errores que tiene la ley. En este caso, acompa\u00f1ar a la Diputada y ayudarla a desarrollar este nuevo proyecto es clave, porque hay muchas pr\u00e1cticas que nos est\u00e1n perjudicando como sindicatos y como dirigentes. Esta es una buena instancia\u201d, se\u00f1al\u00f3.<\/p>\n\n\n\n<p>El tercer eje del anteproyecto fue la subcontrataci\u00f3n, un modelo que, seg\u00fan la Diputada Gonz\u00e1lez, ha extendido la precarizaci\u00f3n laboral en el pa\u00eds. \u201cEl tercer punto es poder tomar el tema de la subcontrataci\u00f3n: c\u00f3mo ha precarizado a los trabajadores y c\u00f3mo tambi\u00e9n, con proyectos de ley, podemos frenar esta precarizaci\u00f3n que no solamente hoy d\u00eda afecta a la miner\u00eda, sino que afecta a muchos rubros del pa\u00eds\u201d, afirm\u00f3.<\/p>\n\n\n\n<p>Sobre este punto, Gonzalo Olave, presidente del sindicato N\u00b01 de la Empresa Cartocor Chile, advirti\u00f3 que el problema de fondo se agrava cuando existen sindicatos paralelos que no representan los intereses de los trabajadores. \u201cEn la misma empresa tenemos sindicatos amarillos que lo \u00fanico que han hecho es trabajar con la misi\u00f3n de desincentivar la afiliaci\u00f3n sindical al sindicato que lleva las luchas m\u00e1s importantes\u201d, expres\u00f3.<\/p>\n\n\n\n<p>Desde la miner\u00eda, Eduardo Gallardo, del Sindicato Nacional Interempresa de Trabajadores de la Miner\u00eda (SIM), quien particip\u00f3 del foro en medio de la huelga que llevan adelante los trabajadores de Salfa en El Salvador, valor\u00f3 la instancia y reforz\u00f3 la urgencia de abordar el r\u00e9gimen de subcontrataci\u00f3n. \u201cEstamos en esta actividad porque nos parece muy importante que nos reunamos los trabajadores y dirigentes sindicales con una perspectiva de cambiar las cosas, de ir m\u00e1s all\u00e1 incluso de lo que nos proporciona hoy d\u00eda la legislaci\u00f3n laboral\u201d, se\u00f1al\u00f3.&nbsp;<\/p>\n\n\n\n<p>\u201cSaludamos la actividad y creemos que es fundamental que se sigan dando estas instancias, no solo aqu\u00ed, sino en otros lugares del pa\u00eds. La gran mayor\u00eda de la mano de obra de este pa\u00eds est\u00e1 bajo un r\u00e9gimen de subcontrataci\u00f3n, un sistema impuesto en dictadura y consolidado en democracia, que ha precarizado a los trabajadores tres o cuatro veces m\u00e1s que a los de planta, en sueldos, derechos y beneficios\u201d, a\u00f1adi\u00f3.<\/p>\n\n\n\n<p>Al cierre, la Diputada Marta Gonz\u00e1lez agradeci\u00f3 la participaci\u00f3n de los dirigentes y reiter\u00f3 su llamado a trabajar en conjunto para fortalecer la propuesta. \u201cInvitamos a todos los que se quieran sumar a esta iniciativa legislativa a que puedan enviar su aporte, y que podamos, juntos y juntas, empujar estos distintos proyectos de ley\u201d, sostuvo.<\/p>\n","protected":false},"excerpt":{"rendered":"En la sede de la ANEF en Rancagua se desarroll\u00f3 un foro conversatorio organizado por la Diputada de&hellip;\n","protected":false},"author":1,"featured_media":5653,"comment_status":"open","ping_status":"open","sticky":false,"template":"","format":"standard","meta":{"_monsterinsights_skip_tracking":false,"_monsterinsights_sitenote_active":false,"_monsterinsights_sitenote_note":"","_monsterinsights_sitenote_category":0,"footnotes":""},"categories":[11,8],"tags":[],"class_list":{"0":"post-5652","1":"post","2":"type-post","3":"status-publish","4":"format-standard","5":"has-post-thumbnail","7":"category-politica","8":"category-portada"},"aioseo_notices":[],"_links":{"self":[{"href":"https:\/\/www.rengoenlanoticia.cl\/prensa\/wp-json\/wp\/v2\/posts\/5652","targetHints":{"allow":["GET"]}}],"collection":[{"href":"https:\/\/www.rengoenlanoticia.cl\/prensa\/wp-json\/wp\/v2\/posts"}],"about":[{"href":"https:\/\/www.rengoenlanoticia.cl\/prensa\/wp-json\/wp\/v2\/types\/post"}],"author":[{"embeddable":true,"href":"https:\/\/www.rengoenlanoticia.cl\/prensa\/wp-json\/wp\/v2\/users\/1"}],"replies":[{"embeddable":true,"href":"https:\/\/www.rengoenlanoticia.cl\/prensa\/wp-json\/wp\/v2\/comments?post=5652"}],"version-history":[{"count":2,"href":"https:\/\/www.rengoenlanoticia.cl\/prensa\/wp-json\/wp\/v2\/posts\/5652\/revisions"}],"predecessor-version":[{"id":5659,"href":"https:\/\/www.rengoenlanoticia.cl\/prensa\/wp-json\/wp\/v2\/posts\/5652\/revisions\/5659"}],"wp:featuredmedia":[{"embeddable":true,"href":"https:\/\/www.rengoenlanoticia.cl\/prensa\/wp-json\/wp\/v2\/media\/5653"}],"wp:attachment":[{"href":"https:\/\/www.rengoenlanoticia.cl\/prensa\/wp-json\/wp\/v2\/media?parent=5652"}],"wp:term":[{"taxonomy":"category","embeddable":true,"href":"https:\/\/www.rengoenlanoticia.cl\/prensa\/wp-json\/wp\/v2\/categories?post=5652"},{"taxonomy":"post_tag","embeddable":true,"href":"https:\/\/www.rengoenlanoticia.cl\/prensa\/wp-json\/wp\/v2\/tags?post=5652"}],"curies":[{"name":"wp","href":"https:\/\/api.w.org\/{rel}","templated":true}]}}