{"id":5633,"date":"2025-08-29T17:37:12","date_gmt":"2025-08-29T17:37:12","guid":{"rendered":"https:\/\/www.rengoenlanoticia.cl\/prensa\/?p=5633"},"modified":"2025-08-29T17:37:39","modified_gmt":"2025-08-29T17:37:39","slug":"matronas-del-hospital-de-santa-cruz-recibieron-reconocimiento-en-su-dia","status":"publish","type":"post","link":"https:\/\/www.rengoenlanoticia.cl\/prensa\/2025\/08\/29\/matronas-del-hospital-de-santa-cruz-recibieron-reconocimiento-en-su-dia\/","title":{"rendered":"Matronas del Hospital de Santa Cruz recibieron reconocimiento en su d\u00eda"},"content":{"rendered":"\n<p>Autoridades del recinto asistencial realizaron un saludo institucional a las matronas, valorando su aporte al fortalecimiento de la atenci\u00f3n integral en salud de la comunidad.<\/p>\n\n\n\n<p>En el marco de la conmemoraci\u00f3n del D\u00eda de la Matrona, el Hospital de Santa Cruz realiz\u00f3 un especial saludo a las y los profesionales que d\u00eda a d\u00eda entregan acompa\u00f1amiento, cuidado y atenci\u00f3n integral a mujeres, familias y reci\u00e9n nacidos en la comuna y la provincia de Colchagua.<\/p>\n\n\n\n<p>Esta conmemoraci\u00f3n fue instaurada en Chile en 1962, en homenaje a la fundaci\u00f3n de la primera Escuela de Obstetricia en la Universidad de Chile, en 1834.<\/p>\n\n\n\n<figure class=\"wp-block-image size-large\"><img loading=\"lazy\" decoding=\"async\" width=\"1024\" height=\"768\" src=\"https:\/\/www.rengoenlanoticia.cl\/prensa\/wp-content\/uploads\/2025\/08\/WhatsApp-Image-2025-08-29-at-13.19.07-1-1024x768.jpeg\" alt=\"\" class=\"wp-image-5635\" srcset=\"https:\/\/www.rengoenlanoticia.cl\/prensa\/wp-content\/uploads\/2025\/08\/WhatsApp-Image-2025-08-29-at-13.19.07-1-1024x768.jpeg 1024w, https:\/\/www.rengoenlanoticia.cl\/prensa\/wp-content\/uploads\/2025\/08\/WhatsApp-Image-2025-08-29-at-13.19.07-1-300x225.jpeg 300w, https:\/\/www.rengoenlanoticia.cl\/prensa\/wp-content\/uploads\/2025\/08\/WhatsApp-Image-2025-08-29-at-13.19.07-1-768x576.jpeg 768w, https:\/\/www.rengoenlanoticia.cl\/prensa\/wp-content\/uploads\/2025\/08\/WhatsApp-Image-2025-08-29-at-13.19.07-1-1536x1152.jpeg 1536w, https:\/\/www.rengoenlanoticia.cl\/prensa\/wp-content\/uploads\/2025\/08\/WhatsApp-Image-2025-08-29-at-13.19.07-1-110x83.jpeg 110w, https:\/\/www.rengoenlanoticia.cl\/prensa\/wp-content\/uploads\/2025\/08\/WhatsApp-Image-2025-08-29-at-13.19.07-1-200x150.jpeg 200w, https:\/\/www.rengoenlanoticia.cl\/prensa\/wp-content\/uploads\/2025\/08\/WhatsApp-Image-2025-08-29-at-13.19.07-1-380x285.jpeg 380w, https:\/\/www.rengoenlanoticia.cl\/prensa\/wp-content\/uploads\/2025\/08\/WhatsApp-Image-2025-08-29-at-13.19.07-1-255x191.jpeg 255w, https:\/\/www.rengoenlanoticia.cl\/prensa\/wp-content\/uploads\/2025\/08\/WhatsApp-Image-2025-08-29-at-13.19.07-1-550x413.jpeg 550w, https:\/\/www.rengoenlanoticia.cl\/prensa\/wp-content\/uploads\/2025\/08\/WhatsApp-Image-2025-08-29-at-13.19.07-1-800x600.jpeg 800w, https:\/\/www.rengoenlanoticia.cl\/prensa\/wp-content\/uploads\/2025\/08\/WhatsApp-Image-2025-08-29-at-13.19.07-1-1160x870.jpeg 1160w, https:\/\/www.rengoenlanoticia.cl\/prensa\/wp-content\/uploads\/2025\/08\/WhatsApp-Image-2025-08-29-at-13.19.07-1.jpeg 1600w\" sizes=\"auto, (max-width: 1024px) 100vw, 1024px\" \/><\/figure>\n\n\n\n<p>Durante la jornada, el director del Hospital de Santa Cruz, Dr. Sebasti\u00e1n Urz\u00faa, enfatiz\u00f3 el rol del equipo de matronas, se\u00f1alando que \u201ceste domingo es el d\u00eda de estos profesionales y quisimos hoy expresar nuestro reconocimiento y gratitud a nuestras matronas y matrones, quienes cumplen una misi\u00f3n trascendental en la salud y bienestar de la comunidad. Su entrega y compromiso no solo garantizan una atenci\u00f3n segura y de calidad, sino que tambi\u00e9n entregan cercan\u00eda, confianza y humanidad a cada paciente y su familia\u201d.<\/p>\n\n\n\n<p>Durante la jornada, el recinto hospitalario realiz\u00f3 un saludo institucional a este equipo, agradeciendo el trabajo diario que desarrollan en beneficio de los usuarios y usuarias, haciendo un reconocimiento enmarcado en la importancia de visibilizar la tarea de estos profesionales en momentos significativos de la vida de las personas y en la continuidad de cuidados que van m\u00e1s all\u00e1 del embarazo y el nacimiento.<\/p>\n\n\n\n<figure class=\"wp-block-image size-full\"><img loading=\"lazy\" decoding=\"async\" width=\"960\" height=\"671\" src=\"https:\/\/www.rengoenlanoticia.cl\/prensa\/wp-content\/uploads\/2025\/08\/WhatsApp-Image-2025-08-29-at-13.19.06.jpeg\" alt=\"\" class=\"wp-image-5634\" srcset=\"https:\/\/www.rengoenlanoticia.cl\/prensa\/wp-content\/uploads\/2025\/08\/WhatsApp-Image-2025-08-29-at-13.19.06.jpeg 960w, https:\/\/www.rengoenlanoticia.cl\/prensa\/wp-content\/uploads\/2025\/08\/WhatsApp-Image-2025-08-29-at-13.19.06-300x210.jpeg 300w, https:\/\/www.rengoenlanoticia.cl\/prensa\/wp-content\/uploads\/2025\/08\/WhatsApp-Image-2025-08-29-at-13.19.06-768x537.jpeg 768w, https:\/\/www.rengoenlanoticia.cl\/prensa\/wp-content\/uploads\/2025\/08\/WhatsApp-Image-2025-08-29-at-13.19.06-110x77.jpeg 110w, https:\/\/www.rengoenlanoticia.cl\/prensa\/wp-content\/uploads\/2025\/08\/WhatsApp-Image-2025-08-29-at-13.19.06-200x140.jpeg 200w, https:\/\/www.rengoenlanoticia.cl\/prensa\/wp-content\/uploads\/2025\/08\/WhatsApp-Image-2025-08-29-at-13.19.06-380x266.jpeg 380w, https:\/\/www.rengoenlanoticia.cl\/prensa\/wp-content\/uploads\/2025\/08\/WhatsApp-Image-2025-08-29-at-13.19.06-255x178.jpeg 255w, https:\/\/www.rengoenlanoticia.cl\/prensa\/wp-content\/uploads\/2025\/08\/WhatsApp-Image-2025-08-29-at-13.19.06-550x384.jpeg 550w, https:\/\/www.rengoenlanoticia.cl\/prensa\/wp-content\/uploads\/2025\/08\/WhatsApp-Image-2025-08-29-at-13.19.06-800x559.jpeg 800w\" sizes=\"auto, (max-width: 960px) 100vw, 960px\" \/><\/figure>\n\n\n\n<p>En el marco de la celebraci\u00f3n, el director del hospital destac\u00f3 a Yosinin Tapia Maldonado, por su trayectoria, entrega, dedicaci\u00f3n, atenci\u00f3n respetuosa y de calidad, lo que la hizo acreedora al reconocimiento: \u00abVocaci\u00f3n y Esp\u00edritu de Matrona\u00bb.<\/p>\n\n\n\n<p>De acuerdo con el Ministerio de Salud, en Chile existen cerca de 10 mil matronas y matrones que se desempe\u00f1an tanto en hospitales como en la atenci\u00f3n primaria, constituyendo un eje esencial en la estrategia de salud p\u00fablica.<\/p>\n\n\n\n<p>En el caso del Hospital de Santa Cruz, el equipo participa en \u00e1reas que incluyen los controles prenatales, la atenci\u00f3n del parto, la vigilancia en salud sexual y reproductiva, adem\u00e1s de programas de prevenci\u00f3n y educaci\u00f3n dirigidos a la comunidad. \u201cLa labor de nuestras matronas y matrones ha sido fundamental para fortalecer la atenci\u00f3n de salud en la provincia de Colchagua, aportando tanto en la gesti\u00f3n hospitalaria como en la atenci\u00f3n directa a usuarias y usuarios\u201d, dijo el Dr. Urz\u00faa.<\/p>\n\n\n\n<figure class=\"wp-block-image size-full\"><img loading=\"lazy\" decoding=\"async\" width=\"960\" height=\"644\" src=\"https:\/\/www.rengoenlanoticia.cl\/prensa\/wp-content\/uploads\/2025\/08\/WhatsApp-Image-2025-08-29-at-13.19.08.jpeg\" alt=\"\" class=\"wp-image-5638\" srcset=\"https:\/\/www.rengoenlanoticia.cl\/prensa\/wp-content\/uploads\/2025\/08\/WhatsApp-Image-2025-08-29-at-13.19.08.jpeg 960w, https:\/\/www.rengoenlanoticia.cl\/prensa\/wp-content\/uploads\/2025\/08\/WhatsApp-Image-2025-08-29-at-13.19.08-300x201.jpeg 300w, https:\/\/www.rengoenlanoticia.cl\/prensa\/wp-content\/uploads\/2025\/08\/WhatsApp-Image-2025-08-29-at-13.19.08-768x515.jpeg 768w, https:\/\/www.rengoenlanoticia.cl\/prensa\/wp-content\/uploads\/2025\/08\/WhatsApp-Image-2025-08-29-at-13.19.08-110x74.jpeg 110w, https:\/\/www.rengoenlanoticia.cl\/prensa\/wp-content\/uploads\/2025\/08\/WhatsApp-Image-2025-08-29-at-13.19.08-200x134.jpeg 200w, https:\/\/www.rengoenlanoticia.cl\/prensa\/wp-content\/uploads\/2025\/08\/WhatsApp-Image-2025-08-29-at-13.19.08-380x255.jpeg 380w, https:\/\/www.rengoenlanoticia.cl\/prensa\/wp-content\/uploads\/2025\/08\/WhatsApp-Image-2025-08-29-at-13.19.08-255x171.jpeg 255w, https:\/\/www.rengoenlanoticia.cl\/prensa\/wp-content\/uploads\/2025\/08\/WhatsApp-Image-2025-08-29-at-13.19.08-550x369.jpeg 550w, https:\/\/www.rengoenlanoticia.cl\/prensa\/wp-content\/uploads\/2025\/08\/WhatsApp-Image-2025-08-29-at-13.19.08-800x537.jpeg 800w\" sizes=\"auto, (max-width: 960px) 100vw, 960px\" \/><\/figure>\n\n\n\n<p>Durante la conmemoraci\u00f3n, se destac\u00f3 el compromiso de continuar apoyando el rol de estos profesionales, cuyo trabajo es considerado estrat\u00e9gico para la salud materna, neonatal y sexual de la poblaci\u00f3n. Sobre ello, Camila Palma, Matrona supervisora de Maternidad, coment\u00f3 que \u201cme enorgullece saludar a cada una de mis colegas en este d\u00eda tan especial. Nuestra labor va mucho m\u00e1s all\u00e1 de la atenci\u00f3n cl\u00ednica; acompa\u00f1amos a las mujeres, familias y reci\u00e9n nacidos en momentos \u00fanicos de sus vidas, con respeto, calidez y compromiso. Hoy celebramos la dedicaci\u00f3n, la vocaci\u00f3n y el amor que entregamos cada d\u00eda en el cuidado y acompa\u00f1amiento durante el proceso reproductivo y de salud de la mujer y su familia\u201d.<\/p>\n\n\n\n<figure class=\"wp-block-image size-large\"><img loading=\"lazy\" decoding=\"async\" width=\"1024\" height=\"682\" src=\"https:\/\/www.rengoenlanoticia.cl\/prensa\/wp-content\/uploads\/2025\/08\/WhatsApp-Image-2025-08-29-at-13.19.07-1024x682.jpeg\" alt=\"\" class=\"wp-image-5636\" srcset=\"https:\/\/www.rengoenlanoticia.cl\/prensa\/wp-content\/uploads\/2025\/08\/WhatsApp-Image-2025-08-29-at-13.19.07-1024x682.jpeg 1024w, https:\/\/www.rengoenlanoticia.cl\/prensa\/wp-content\/uploads\/2025\/08\/WhatsApp-Image-2025-08-29-at-13.19.07-300x200.jpeg 300w, https:\/\/www.rengoenlanoticia.cl\/prensa\/wp-content\/uploads\/2025\/08\/WhatsApp-Image-2025-08-29-at-13.19.07-768x512.jpeg 768w, https:\/\/www.rengoenlanoticia.cl\/prensa\/wp-content\/uploads\/2025\/08\/WhatsApp-Image-2025-08-29-at-13.19.07-110x73.jpeg 110w, https:\/\/www.rengoenlanoticia.cl\/prensa\/wp-content\/uploads\/2025\/08\/WhatsApp-Image-2025-08-29-at-13.19.07-200x133.jpeg 200w, https:\/\/www.rengoenlanoticia.cl\/prensa\/wp-content\/uploads\/2025\/08\/WhatsApp-Image-2025-08-29-at-13.19.07-380x253.jpeg 380w, https:\/\/www.rengoenlanoticia.cl\/prensa\/wp-content\/uploads\/2025\/08\/WhatsApp-Image-2025-08-29-at-13.19.07-255x170.jpeg 255w, https:\/\/www.rengoenlanoticia.cl\/prensa\/wp-content\/uploads\/2025\/08\/WhatsApp-Image-2025-08-29-at-13.19.07-550x367.jpeg 550w, https:\/\/www.rengoenlanoticia.cl\/prensa\/wp-content\/uploads\/2025\/08\/WhatsApp-Image-2025-08-29-at-13.19.07-800x533.jpeg 800w, https:\/\/www.rengoenlanoticia.cl\/prensa\/wp-content\/uploads\/2025\/08\/WhatsApp-Image-2025-08-29-at-13.19.07-1160x773.jpeg 1160w, https:\/\/www.rengoenlanoticia.cl\/prensa\/wp-content\/uploads\/2025\/08\/WhatsApp-Image-2025-08-29-at-13.19.07.jpeg 1280w\" sizes=\"auto, (max-width: 1024px) 100vw, 1024px\" \/><\/figure>\n\n\n\n<p>Por su parte, Fany Castillo, Matrona supervisora de Neonatolog\u00eda, invit\u00f3 a sus colegas a \u201cseguir trabajando con dedicaci\u00f3n, calidad y, sobre todo, con empat\u00eda hacia nuestras usuarias, que depositan en nosotras su confianza en los momentos m\u00e1s importantes de sus vidas. Sigamos construyendo equipos unidos, comprometidos y humanos, que hagan de cada atenci\u00f3n una experiencia respetuosa y memorable\u201d.<\/p>\n","protected":false},"excerpt":{"rendered":"Autoridades del recinto asistencial realizaron un saludo institucional a las matronas, valorando su aporte al fortalecimiento de la&hellip;\n","protected":false},"author":1,"featured_media":5637,"comment_status":"open","ping_status":"open","sticky":false,"template":"","format":"standard","meta":{"_monsterinsights_skip_tracking":false,"_monsterinsights_sitenote_active":false,"_monsterinsights_sitenote_note":"","_monsterinsights_sitenote_category":0,"footnotes":""},"categories":[8],"tags":[],"class_list":{"0":"post-5633","1":"post","2":"type-post","3":"status-publish","4":"format-standard","5":"has-post-thumbnail","7":"category-portada"},"aioseo_notices":[],"_links":{"self":[{"href":"https:\/\/www.rengoenlanoticia.cl\/prensa\/wp-json\/wp\/v2\/posts\/5633","targetHints":{"allow":["GET"]}}],"collection":[{"href":"https:\/\/www.rengoenlanoticia.cl\/prensa\/wp-json\/wp\/v2\/posts"}],"about":[{"href":"https:\/\/www.rengoenlanoticia.cl\/prensa\/wp-json\/wp\/v2\/types\/post"}],"author":[{"embeddable":true,"href":"https:\/\/www.rengoenlanoticia.cl\/prensa\/wp-json\/wp\/v2\/users\/1"}],"replies":[{"embeddable":true,"href":"https:\/\/www.rengoenlanoticia.cl\/prensa\/wp-json\/wp\/v2\/comments?post=5633"}],"version-history":[{"count":2,"href":"https:\/\/www.rengoenlanoticia.cl\/prensa\/wp-json\/wp\/v2\/posts\/5633\/revisions"}],"predecessor-version":[{"id":5640,"href":"https:\/\/www.rengoenlanoticia.cl\/prensa\/wp-json\/wp\/v2\/posts\/5633\/revisions\/5640"}],"wp:featuredmedia":[{"embeddable":true,"href":"https:\/\/www.rengoenlanoticia.cl\/prensa\/wp-json\/wp\/v2\/media\/5637"}],"wp:attachment":[{"href":"https:\/\/www.rengoenlanoticia.cl\/prensa\/wp-json\/wp\/v2\/media?parent=5633"}],"wp:term":[{"taxonomy":"category","embeddable":true,"href":"https:\/\/www.rengoenlanoticia.cl\/prensa\/wp-json\/wp\/v2\/categories?post=5633"},{"taxonomy":"post_tag","embeddable":true,"href":"https:\/\/www.rengoenlanoticia.cl\/prensa\/wp-json\/wp\/v2\/tags?post=5633"}],"curies":[{"name":"wp","href":"https:\/\/api.w.org\/{rel}","templated":true}]}}