{"id":5628,"date":"2025-08-29T17:06:46","date_gmt":"2025-08-29T17:06:46","guid":{"rendered":"https:\/\/www.rengoenlanoticia.cl\/prensa\/?p=5628"},"modified":"2025-08-29T17:07:06","modified_gmt":"2025-08-29T17:07:06","slug":"realizan-masiva-jornada-regional-de-capacitacion-del-programa-saludablemente-aps","status":"publish","type":"post","link":"https:\/\/www.rengoenlanoticia.cl\/prensa\/2025\/08\/29\/realizan-masiva-jornada-regional-de-capacitacion-del-programa-saludablemente-aps\/","title":{"rendered":"Realizan masiva Jornada Regional de Capacitaci\u00f3n del Programa Saludablemente APS"},"content":{"rendered":"\n<p>La actividad reuni\u00f3 a coordinadores comunales, referentes ministeriales y representantes de la red asistencial, permitiendo compartir aprendizajes, revisar el estado actual del Programa y planificar metas de mediano y largo plazo para un entorno laboral m\u00e1s seguro y emp\u00e1tico.<\/p>\n\n\n\n<p>Con el prop\u00f3sito de fortalecer el bienestar de la Salud Mental de los equipos de salud y promover una cultura de cuidado emp\u00e1tico dentro de la red asistencial, se realiz\u00f3 hoy en Santa Cruz, la Jornada Regional de Capacitaci\u00f3n del Programa Saludablemente APS.<\/p>\n\n\n\n<p>Este Programa es una estrategia impulsada por el Ministerio de Salud que busca mejorar la salud mental y el bienestar psicosocial de funcionarios, mediante un conjunto de acciones coordinadas por una mesa de expertos, orientadas a dar promoci\u00f3n, prevenci\u00f3n y respuestas efectivas a las necesidades de salud mental del personal, en este caso de red primaria de salud: \u201cUno de los ejes centrales del programa es el cuidado de la salud mental de los funcionarios de Atenci\u00f3n Primaria, reconociendo el rol fundamental que desempe\u00f1an en la respuesta sanitaria\u201d, indic\u00f3 la encargada de Saludablemente del Departamento de Salud Mental del Servicio de Salud O\u2019Higgins, Ximena Duarte Aranda.<\/p>\n\n\n\n<figure class=\"wp-block-image size-large\"><img loading=\"lazy\" decoding=\"async\" width=\"1024\" height=\"768\" src=\"https:\/\/www.rengoenlanoticia.cl\/prensa\/wp-content\/uploads\/2025\/08\/WhatsApp-Image-2025-08-29-at-10.48.59-1024x768.jpeg\" alt=\"\" class=\"wp-image-5630\" srcset=\"https:\/\/www.rengoenlanoticia.cl\/prensa\/wp-content\/uploads\/2025\/08\/WhatsApp-Image-2025-08-29-at-10.48.59-1024x768.jpeg 1024w, https:\/\/www.rengoenlanoticia.cl\/prensa\/wp-content\/uploads\/2025\/08\/WhatsApp-Image-2025-08-29-at-10.48.59-300x225.jpeg 300w, https:\/\/www.rengoenlanoticia.cl\/prensa\/wp-content\/uploads\/2025\/08\/WhatsApp-Image-2025-08-29-at-10.48.59-768x576.jpeg 768w, https:\/\/www.rengoenlanoticia.cl\/prensa\/wp-content\/uploads\/2025\/08\/WhatsApp-Image-2025-08-29-at-10.48.59-110x83.jpeg 110w, https:\/\/www.rengoenlanoticia.cl\/prensa\/wp-content\/uploads\/2025\/08\/WhatsApp-Image-2025-08-29-at-10.48.59-200x150.jpeg 200w, https:\/\/www.rengoenlanoticia.cl\/prensa\/wp-content\/uploads\/2025\/08\/WhatsApp-Image-2025-08-29-at-10.48.59-380x285.jpeg 380w, https:\/\/www.rengoenlanoticia.cl\/prensa\/wp-content\/uploads\/2025\/08\/WhatsApp-Image-2025-08-29-at-10.48.59-255x191.jpeg 255w, https:\/\/www.rengoenlanoticia.cl\/prensa\/wp-content\/uploads\/2025\/08\/WhatsApp-Image-2025-08-29-at-10.48.59-550x413.jpeg 550w, https:\/\/www.rengoenlanoticia.cl\/prensa\/wp-content\/uploads\/2025\/08\/WhatsApp-Image-2025-08-29-at-10.48.59-800x600.jpeg 800w, https:\/\/www.rengoenlanoticia.cl\/prensa\/wp-content\/uploads\/2025\/08\/WhatsApp-Image-2025-08-29-at-10.48.59-1160x870.jpeg 1160w, https:\/\/www.rengoenlanoticia.cl\/prensa\/wp-content\/uploads\/2025\/08\/WhatsApp-Image-2025-08-29-at-10.48.59.jpeg 1280w\" sizes=\"auto, (max-width: 1024px) 100vw, 1024px\" \/><\/figure>\n\n\n\n<p>Resalt\u00f3, asimismo, que la iniciativa tiene como grupo prioritario al personal de salud. En este sentido, la implementaci\u00f3n de la estrategia para funcionarios de APS adquiere una gran relevancia, ya que busca generar un clima de seguridad psicosocial que logre un sano equilibrio entre la productividad y el bienestar de los equipos, con una mirada colaborativa y en red.<\/p>\n\n\n\n<p>Durante la jornada, los participantes -entre ellos coordinadores comunales del programa, referentes del Ministerio de Salud en Gesti\u00f3n del Cuidado de Ambientes Laborales Saludables, y representantes del Servicio de Salud O\u2019Higgins en materias como la Ley Karin- abordaron temas claves, entre los que destacan la epidemiolog\u00eda de la salud mental en el personal de salud y estado actual del Programa Saludablemente; adem\u00e1s de contenidos y lineamientos del Programa.<\/p>\n\n\n\n<p>A lo anterior se suman exposiciones sobre el marco jur\u00eddico de cuidados de ambientes laborales, con especial \u00e9nfasis en la Ley Karin N\u00b0 21.643 y su implementaci\u00f3n en la regi\u00f3n de O\u2019Higgins; experiencias exitosas en la red, con presentaci\u00f3n de hospital de Chimbarongo, exposici\u00f3n sobre el trabajo del Centro de Apoyo a V\u00edctimas (CAV), y la difusi\u00f3n del Programa de Donaci\u00f3n de \u00d3rganos y Tejidos y resultados regionales para apoyar a este Programa, entre otros.<\/p>\n\n\n\n<p>\u201cSin duda que esta jornada permiti\u00f3 compartir aprendizajes, fortalecer el trabajo en red y proyectar acciones conjuntas que contribuyan a un abordaje integral del impacto psicosocial en los equipos de salud, abordando adem\u00e1s metas a mediano y largo plazo en beneficio de los funcionarios y, en consecuencia, de toda la comunidad usuaria\u201d, resalt\u00f3 Ximena Duarte Aranda.<\/p>\n\n\n\n<p>En la ocasi\u00f3n, tambi\u00e9n destac\u00f3 que el compromiso es avanzar hacia espacios laborales que protejan la salud mental de quienes cuidan a la poblaci\u00f3n. Esta estrategia busca no solo acompa\u00f1ar, sino tambi\u00e9n generar cambios sostenibles que permitan a los equipos de salud desarrollarse en un entorno sano, seguro y respetuoso, donde el bienestar psicosocial sea una prioridad, como eje de las instituciones de salud.<\/p>\n\n\n\n<p>Finalmente, los asistentes valoraron la jornada, que a juicio de Paola Bobadilla, del CESFAM de Quinta de Tilcoco, \u00abpermiti\u00f3 compartir aprendizajes, fortalecer el trabajo en red y proyectar acciones conjuntas que contribuyan a un abordaje integral del impacto psicosocial en los equipos de salud, planificando metas a mediano y largo plazo en beneficio de los funcionarios y, en consecuencia, de toda la comunidad usuaria\u00bb.<\/p>\n","protected":false},"excerpt":{"rendered":"La actividad reuni\u00f3 a coordinadores comunales, referentes ministeriales y representantes de la red asistencial, permitiendo compartir aprendizajes, revisar&hellip;\n","protected":false},"author":1,"featured_media":5629,"comment_status":"open","ping_status":"open","sticky":false,"template":"","format":"standard","meta":{"_monsterinsights_skip_tracking":false,"_monsterinsights_sitenote_active":false,"_monsterinsights_sitenote_note":"","_monsterinsights_sitenote_category":0,"footnotes":""},"categories":[8],"tags":[],"class_list":{"0":"post-5628","1":"post","2":"type-post","3":"status-publish","4":"format-standard","5":"has-post-thumbnail","7":"category-portada"},"aioseo_notices":[],"_links":{"self":[{"href":"https:\/\/www.rengoenlanoticia.cl\/prensa\/wp-json\/wp\/v2\/posts\/5628","targetHints":{"allow":["GET"]}}],"collection":[{"href":"https:\/\/www.rengoenlanoticia.cl\/prensa\/wp-json\/wp\/v2\/posts"}],"about":[{"href":"https:\/\/www.rengoenlanoticia.cl\/prensa\/wp-json\/wp\/v2\/types\/post"}],"author":[{"embeddable":true,"href":"https:\/\/www.rengoenlanoticia.cl\/prensa\/wp-json\/wp\/v2\/users\/1"}],"replies":[{"embeddable":true,"href":"https:\/\/www.rengoenlanoticia.cl\/prensa\/wp-json\/wp\/v2\/comments?post=5628"}],"version-history":[{"count":2,"href":"https:\/\/www.rengoenlanoticia.cl\/prensa\/wp-json\/wp\/v2\/posts\/5628\/revisions"}],"predecessor-version":[{"id":5632,"href":"https:\/\/www.rengoenlanoticia.cl\/prensa\/wp-json\/wp\/v2\/posts\/5628\/revisions\/5632"}],"wp:featuredmedia":[{"embeddable":true,"href":"https:\/\/www.rengoenlanoticia.cl\/prensa\/wp-json\/wp\/v2\/media\/5629"}],"wp:attachment":[{"href":"https:\/\/www.rengoenlanoticia.cl\/prensa\/wp-json\/wp\/v2\/media?parent=5628"}],"wp:term":[{"taxonomy":"category","embeddable":true,"href":"https:\/\/www.rengoenlanoticia.cl\/prensa\/wp-json\/wp\/v2\/categories?post=5628"},{"taxonomy":"post_tag","embeddable":true,"href":"https:\/\/www.rengoenlanoticia.cl\/prensa\/wp-json\/wp\/v2\/tags?post=5628"}],"curies":[{"name":"wp","href":"https:\/\/api.w.org\/{rel}","templated":true}]}}