{"id":5623,"date":"2025-08-29T16:54:58","date_gmt":"2025-08-29T16:54:58","guid":{"rendered":"https:\/\/www.rengoenlanoticia.cl\/prensa\/?p=5623"},"modified":"2025-08-29T16:56:48","modified_gmt":"2025-08-29T16:56:48","slug":"corte-de-rancagua-fiscalia-y-defensoria-firman-protocolo-interinstitucional-de-seguridad-en-tribunales","status":"publish","type":"post","link":"https:\/\/www.rengoenlanoticia.cl\/prensa\/2025\/08\/29\/corte-de-rancagua-fiscalia-y-defensoria-firman-protocolo-interinstitucional-de-seguridad-en-tribunales\/","title":{"rendered":"Corte de Rancagua, Fiscal\u00eda y Defensor\u00eda firman protocolo interinstitucional de seguridad en tribunales"},"content":{"rendered":"\n<p>Corte de Rancagua, Fiscal\u00eda y Defensor\u00eda firman protocolo interinstitucional de seguridad en tribunalesLa Corte de Apelaciones de Rancagua, los tribunales penales de la ciudad, la Fiscal\u00eda y la Defensor\u00eda Penal P\u00fablica firmaron un protocolo interinstitucional de seguridad para evitar situaciones de riesgo que puedan afectar a los intervinientes de los procesos judiciales, funcionarios, magistrados y p\u00fablico en general.<\/p>\n\n\n\n<p>La actividad cont\u00f3 con la participaci\u00f3n del ministro de la Corte Suprema encargado de materias de seguridad y visitador del tribunal de alzada, Manuel Antonio Valderrama, quien valor\u00f3 esta medida que da cuenta de la coordinaci\u00f3n entre las instituciones para entregar un servicio judicial seguro para todas las personas. A la instancia tambi\u00e9n asisti\u00f3 el jefe de seguridad del Poder Judicial, Renato D\u00edaz N\u00fa\u00f1ez.<\/p>\n\n\n\n<p>En la firma del documento participaron el presidente de la Corte de Apelaciones de Rancagua, ministro Pedro Caro; el fiscal regional Aquiles Cubillos; el defensor regional, Claudio Aspe; el juez del Juzgado de Garant\u00eda de Rancagua, Gonzalo Celed\u00f3n; y la jueza del Tribunal de Juicio Oral en lo penal de la ciudad, Marcela Paredes.<\/p>\n\n\n\n<p>\u201cEn este contexto en que est\u00e1 presente el crimen organizado, los actores del sistema de justicia penal hemos firmado este protocolo de seguridad cuyo objetivo es proteger a todas las personas que intervienen en los procesos judiciales de alta complejidad, los funcionarios de los tribunales de justicia y las institucionales firmantes, junto con los usuarios que asisten a las unidades judiciales\u201d, se\u00f1al\u00f3 el presidente del tribunal de alzada, ministro Pedro Caro.<\/p>\n\n\n\n<p>\u201cEl enfoque de este acuerdo es que exista una comunicaci\u00f3n constante, la realizaci\u00f3n de reuniones peri\u00f3dicas para tomar todas las medidas de manera anticipada. En esta regi\u00f3n siempre ha existido una muy buena relaci\u00f3n entre las instituciones\u201d, agreg\u00f3.<\/p>\n","protected":false},"excerpt":{"rendered":"Corte de Rancagua, Fiscal\u00eda y Defensor\u00eda firman protocolo interinstitucional de seguridad en tribunalesLa Corte de Apelaciones de Rancagua,&hellip;\n","protected":false},"author":1,"featured_media":5624,"comment_status":"open","ping_status":"open","sticky":false,"template":"","format":"standard","meta":{"_monsterinsights_skip_tracking":false,"_monsterinsights_sitenote_active":false,"_monsterinsights_sitenote_note":"","_monsterinsights_sitenote_category":0,"footnotes":""},"categories":[8],"tags":[],"class_list":{"0":"post-5623","1":"post","2":"type-post","3":"status-publish","4":"format-standard","5":"has-post-thumbnail","7":"category-portada"},"aioseo_notices":[],"_links":{"self":[{"href":"https:\/\/www.rengoenlanoticia.cl\/prensa\/wp-json\/wp\/v2\/posts\/5623","targetHints":{"allow":["GET"]}}],"collection":[{"href":"https:\/\/www.rengoenlanoticia.cl\/prensa\/wp-json\/wp\/v2\/posts"}],"about":[{"href":"https:\/\/www.rengoenlanoticia.cl\/prensa\/wp-json\/wp\/v2\/types\/post"}],"author":[{"embeddable":true,"href":"https:\/\/www.rengoenlanoticia.cl\/prensa\/wp-json\/wp\/v2\/users\/1"}],"replies":[{"embeddable":true,"href":"https:\/\/www.rengoenlanoticia.cl\/prensa\/wp-json\/wp\/v2\/comments?post=5623"}],"version-history":[{"count":3,"href":"https:\/\/www.rengoenlanoticia.cl\/prensa\/wp-json\/wp\/v2\/posts\/5623\/revisions"}],"predecessor-version":[{"id":5627,"href":"https:\/\/www.rengoenlanoticia.cl\/prensa\/wp-json\/wp\/v2\/posts\/5623\/revisions\/5627"}],"wp:featuredmedia":[{"embeddable":true,"href":"https:\/\/www.rengoenlanoticia.cl\/prensa\/wp-json\/wp\/v2\/media\/5624"}],"wp:attachment":[{"href":"https:\/\/www.rengoenlanoticia.cl\/prensa\/wp-json\/wp\/v2\/media?parent=5623"}],"wp:term":[{"taxonomy":"category","embeddable":true,"href":"https:\/\/www.rengoenlanoticia.cl\/prensa\/wp-json\/wp\/v2\/categories?post=5623"},{"taxonomy":"post_tag","embeddable":true,"href":"https:\/\/www.rengoenlanoticia.cl\/prensa\/wp-json\/wp\/v2\/tags?post=5623"}],"curies":[{"name":"wp","href":"https:\/\/api.w.org\/{rel}","templated":true}]}}