{"id":5606,"date":"2025-08-29T00:01:42","date_gmt":"2025-08-29T00:01:42","guid":{"rendered":"https:\/\/www.rengoenlanoticia.cl\/prensa\/?p=5606"},"modified":"2025-08-29T00:01:51","modified_gmt":"2025-08-29T00:01:51","slug":"gobierno-regional-y-fosis-cumplen-compromiso-con-personas-afectadas-por-emergencias","status":"publish","type":"post","link":"https:\/\/www.rengoenlanoticia.cl\/prensa\/2025\/08\/29\/gobierno-regional-y-fosis-cumplen-compromiso-con-personas-afectadas-por-emergencias\/","title":{"rendered":"Gobierno Regional y FOSIS cumplen compromiso con personas afectadas por emergencias"},"content":{"rendered":"\n<p>El Gobierno Regional de O&#8217;\u00b4Higgins y el Fondo de Solidaridad e Inversi\u00f3n Social (FOSIS) de la Regi\u00f3n de O\u2019Higgins cumplieron su compromiso de entregar apoyo a m\u00e1s de 600 personas de distintas comunas que, de alguna u otra manera, se vieron afectadas por la emergencia clim\u00e1tica de a\u00f1os anteriores. En concreto, a trav\u00e9s del programa Emprendamos Avanzado, financiado por el GORE, se lleg\u00f3 con recursos, asesor\u00eda y acompa\u00f1amiento a 636 emprendedores y emprendedoras, de los cuales 254 contaban con la Ficha de Emergencia (FIBE), mientras que el resto declar\u00f3 haber sufrido p\u00e9rdidas en sus actividades econ\u00f3micas por los temporales del a\u00f1o 2023.<\/p>\n\n\n\n<p>Al respecto, el Gobernador de O\u2019Higgins, Pablo Silva Amaya, se\u00f1al\u00f3 que \u201ceste es un ejemplo concreto de nuestro compromiso social con la comunidad que se vio afectada por la emergencia clim\u00e1tica en distintas comunas de la regi\u00f3n. Destinamos importantes recursos, a trav\u00e9s del programa Emprendamos Avanzado del Fosis, para que emprendedoras y emprendedores pudieran ejecutar sus ideas de negocio, sacando adelante a sus familias despu\u00e9s de los graves frentes de mal tiempo que afectaron a O\u00b4Higgins\u201d.<\/p>\n\n\n\n<figure class=\"wp-block-image size-large\"><img loading=\"lazy\" decoding=\"async\" width=\"1024\" height=\"768\" src=\"https:\/\/www.rengoenlanoticia.cl\/prensa\/wp-content\/uploads\/2025\/08\/WhatsApp-Image-2025-08-28-at-14.31.36-1-1024x768.jpeg\" alt=\"\" class=\"wp-image-5608\" srcset=\"https:\/\/www.rengoenlanoticia.cl\/prensa\/wp-content\/uploads\/2025\/08\/WhatsApp-Image-2025-08-28-at-14.31.36-1-1024x768.jpeg 1024w, https:\/\/www.rengoenlanoticia.cl\/prensa\/wp-content\/uploads\/2025\/08\/WhatsApp-Image-2025-08-28-at-14.31.36-1-300x225.jpeg 300w, https:\/\/www.rengoenlanoticia.cl\/prensa\/wp-content\/uploads\/2025\/08\/WhatsApp-Image-2025-08-28-at-14.31.36-1-768x576.jpeg 768w, https:\/\/www.rengoenlanoticia.cl\/prensa\/wp-content\/uploads\/2025\/08\/WhatsApp-Image-2025-08-28-at-14.31.36-1-110x83.jpeg 110w, https:\/\/www.rengoenlanoticia.cl\/prensa\/wp-content\/uploads\/2025\/08\/WhatsApp-Image-2025-08-28-at-14.31.36-1-200x150.jpeg 200w, https:\/\/www.rengoenlanoticia.cl\/prensa\/wp-content\/uploads\/2025\/08\/WhatsApp-Image-2025-08-28-at-14.31.36-1-380x285.jpeg 380w, https:\/\/www.rengoenlanoticia.cl\/prensa\/wp-content\/uploads\/2025\/08\/WhatsApp-Image-2025-08-28-at-14.31.36-1-255x191.jpeg 255w, https:\/\/www.rengoenlanoticia.cl\/prensa\/wp-content\/uploads\/2025\/08\/WhatsApp-Image-2025-08-28-at-14.31.36-1-550x413.jpeg 550w, https:\/\/www.rengoenlanoticia.cl\/prensa\/wp-content\/uploads\/2025\/08\/WhatsApp-Image-2025-08-28-at-14.31.36-1-800x600.jpeg 800w, https:\/\/www.rengoenlanoticia.cl\/prensa\/wp-content\/uploads\/2025\/08\/WhatsApp-Image-2025-08-28-at-14.31.36-1-1160x870.jpeg 1160w, https:\/\/www.rengoenlanoticia.cl\/prensa\/wp-content\/uploads\/2025\/08\/WhatsApp-Image-2025-08-28-at-14.31.36-1.jpeg 1280w\" sizes=\"auto, (max-width: 1024px) 100vw, 1024px\" \/><\/figure>\n\n\n\n<p>El programa Emprendamos Avanzado se desarroll\u00f3 entre fines de 2024 y principios del 2025, con 1084 personas seleccionadas. Estuvo presente en las 33 comunas de O\u2019Higgins, con una inversi\u00f3n total de mil 455 millones de pesos.<\/p>\n\n\n\n<p>Adem\u00e1s de asesor\u00eda, capacitaci\u00f3n y acompa\u00f1amiento a la que tuvieron acceso las y los participantes del proyecto, tambi\u00e9n recibieron un mill\u00f3n de pesos cada uno para invertir en sus negocios, en la compra de m\u00e1quinas, insumos, herramientas u otros bienes o servicios necesarios para fortalecer sus actividades.<\/p>\n\n\n\n<p>De esta manera, el Gobierno del Presidente Gabriel Boric y el Gobierno Regional, a trav\u00e9s del FOSIS, dieron cumplimiento a su compromiso con las personas afectadas por los temporales de 2023, principalmente de las comunas de Coltauco, San Fernando y Navidad y otras localidades, cuyos habitantes enfrentaron importantes p\u00e9rdidas materiales producto de estos eventos. Programa que tambi\u00e9n otorgo ayudas a habitantes de otras comunas, que resultaron afectados por la situaci\u00f3n.<\/p>\n\n\n\n<p>Asimismo, el director regional del FOSIS, Carlos Saravia Aravena, dijo que \u201cesta alianza con el Gobierno Regional nos ha permitido, mediante el programa Emprendamos Avanzado, llegar a m\u00e1s de 600 habitantes de la regi\u00f3n que se vieron afectados por eventos clim\u00e1ticos, ayud\u00e1ndoles a recuperar sus fuentes de ingreso, y aportando tambi\u00e9n con la econom\u00eda local de las comunas de O\u2019Higgins\u201d.<\/p>\n\n\n\n<figure class=\"wp-block-image size-large\"><img loading=\"lazy\" decoding=\"async\" width=\"1024\" height=\"682\" src=\"https:\/\/www.rengoenlanoticia.cl\/prensa\/wp-content\/uploads\/2025\/08\/WhatsApp-Image-2025-08-28-at-14.31.37-1024x682.jpeg\" alt=\"\" class=\"wp-image-5610\" srcset=\"https:\/\/www.rengoenlanoticia.cl\/prensa\/wp-content\/uploads\/2025\/08\/WhatsApp-Image-2025-08-28-at-14.31.37-1024x682.jpeg 1024w, https:\/\/www.rengoenlanoticia.cl\/prensa\/wp-content\/uploads\/2025\/08\/WhatsApp-Image-2025-08-28-at-14.31.37-300x200.jpeg 300w, https:\/\/www.rengoenlanoticia.cl\/prensa\/wp-content\/uploads\/2025\/08\/WhatsApp-Image-2025-08-28-at-14.31.37-768x512.jpeg 768w, https:\/\/www.rengoenlanoticia.cl\/prensa\/wp-content\/uploads\/2025\/08\/WhatsApp-Image-2025-08-28-at-14.31.37-110x73.jpeg 110w, https:\/\/www.rengoenlanoticia.cl\/prensa\/wp-content\/uploads\/2025\/08\/WhatsApp-Image-2025-08-28-at-14.31.37-200x133.jpeg 200w, https:\/\/www.rengoenlanoticia.cl\/prensa\/wp-content\/uploads\/2025\/08\/WhatsApp-Image-2025-08-28-at-14.31.37-380x253.jpeg 380w, https:\/\/www.rengoenlanoticia.cl\/prensa\/wp-content\/uploads\/2025\/08\/WhatsApp-Image-2025-08-28-at-14.31.37-255x170.jpeg 255w, https:\/\/www.rengoenlanoticia.cl\/prensa\/wp-content\/uploads\/2025\/08\/WhatsApp-Image-2025-08-28-at-14.31.37-550x367.jpeg 550w, https:\/\/www.rengoenlanoticia.cl\/prensa\/wp-content\/uploads\/2025\/08\/WhatsApp-Image-2025-08-28-at-14.31.37-800x533.jpeg 800w, https:\/\/www.rengoenlanoticia.cl\/prensa\/wp-content\/uploads\/2025\/08\/WhatsApp-Image-2025-08-28-at-14.31.37-1160x773.jpeg 1160w, https:\/\/www.rengoenlanoticia.cl\/prensa\/wp-content\/uploads\/2025\/08\/WhatsApp-Image-2025-08-28-at-14.31.37.jpeg 1280w\" sizes=\"auto, (max-width: 1024px) 100vw, 1024px\" \/><\/figure>\n\n\n\n<p>\u201cPor eso \u2013 agreg\u00f3- agradecemos la gesti\u00f3n del Gobernador Pablo Silva Amaya y su equipo, la aprobaci\u00f3n de los recursos por parte del Consejo Regional y el trabajo t\u00e9cnico de los pofesionales del FOSIS y de las empresas ejecutoras que permitieron que esto ocurriera. Estamos muy conformes con el resultado de estas acciones\u201d.<\/p>\n\n\n\n<figure class=\"wp-block-image size-large\"><img loading=\"lazy\" decoding=\"async\" width=\"1024\" height=\"682\" src=\"https:\/\/www.rengoenlanoticia.cl\/prensa\/wp-content\/uploads\/2025\/08\/WhatsApp-Image-2025-08-28-at-14.31.36-1024x682.jpeg\" alt=\"\" class=\"wp-image-5609\" srcset=\"https:\/\/www.rengoenlanoticia.cl\/prensa\/wp-content\/uploads\/2025\/08\/WhatsApp-Image-2025-08-28-at-14.31.36-1024x682.jpeg 1024w, https:\/\/www.rengoenlanoticia.cl\/prensa\/wp-content\/uploads\/2025\/08\/WhatsApp-Image-2025-08-28-at-14.31.36-300x200.jpeg 300w, https:\/\/www.rengoenlanoticia.cl\/prensa\/wp-content\/uploads\/2025\/08\/WhatsApp-Image-2025-08-28-at-14.31.36-768x512.jpeg 768w, https:\/\/www.rengoenlanoticia.cl\/prensa\/wp-content\/uploads\/2025\/08\/WhatsApp-Image-2025-08-28-at-14.31.36-110x73.jpeg 110w, https:\/\/www.rengoenlanoticia.cl\/prensa\/wp-content\/uploads\/2025\/08\/WhatsApp-Image-2025-08-28-at-14.31.36-200x133.jpeg 200w, https:\/\/www.rengoenlanoticia.cl\/prensa\/wp-content\/uploads\/2025\/08\/WhatsApp-Image-2025-08-28-at-14.31.36-380x253.jpeg 380w, https:\/\/www.rengoenlanoticia.cl\/prensa\/wp-content\/uploads\/2025\/08\/WhatsApp-Image-2025-08-28-at-14.31.36-255x170.jpeg 255w, https:\/\/www.rengoenlanoticia.cl\/prensa\/wp-content\/uploads\/2025\/08\/WhatsApp-Image-2025-08-28-at-14.31.36-550x367.jpeg 550w, https:\/\/www.rengoenlanoticia.cl\/prensa\/wp-content\/uploads\/2025\/08\/WhatsApp-Image-2025-08-28-at-14.31.36-800x533.jpeg 800w, https:\/\/www.rengoenlanoticia.cl\/prensa\/wp-content\/uploads\/2025\/08\/WhatsApp-Image-2025-08-28-at-14.31.36-1160x773.jpeg 1160w, https:\/\/www.rengoenlanoticia.cl\/prensa\/wp-content\/uploads\/2025\/08\/WhatsApp-Image-2025-08-28-at-14.31.36.jpeg 1280w\" sizes=\"auto, (max-width: 1024px) 100vw, 1024px\" \/><\/figure>\n","protected":false},"excerpt":{"rendered":"El Gobierno Regional de O&#8217;\u00b4Higgins y el Fondo de Solidaridad e Inversi\u00f3n Social (FOSIS) de la Regi\u00f3n de&hellip;\n","protected":false},"author":1,"featured_media":5611,"comment_status":"open","ping_status":"open","sticky":false,"template":"","format":"standard","meta":{"_monsterinsights_skip_tracking":false,"_monsterinsights_sitenote_active":false,"_monsterinsights_sitenote_note":"","_monsterinsights_sitenote_category":0,"footnotes":""},"categories":[8],"tags":[],"class_list":{"0":"post-5606","1":"post","2":"type-post","3":"status-publish","4":"format-standard","5":"has-post-thumbnail","7":"category-portada"},"aioseo_notices":[],"_links":{"self":[{"href":"https:\/\/www.rengoenlanoticia.cl\/prensa\/wp-json\/wp\/v2\/posts\/5606","targetHints":{"allow":["GET"]}}],"collection":[{"href":"https:\/\/www.rengoenlanoticia.cl\/prensa\/wp-json\/wp\/v2\/posts"}],"about":[{"href":"https:\/\/www.rengoenlanoticia.cl\/prensa\/wp-json\/wp\/v2\/types\/post"}],"author":[{"embeddable":true,"href":"https:\/\/www.rengoenlanoticia.cl\/prensa\/wp-json\/wp\/v2\/users\/1"}],"replies":[{"embeddable":true,"href":"https:\/\/www.rengoenlanoticia.cl\/prensa\/wp-json\/wp\/v2\/comments?post=5606"}],"version-history":[{"count":3,"href":"https:\/\/www.rengoenlanoticia.cl\/prensa\/wp-json\/wp\/v2\/posts\/5606\/revisions"}],"predecessor-version":[{"id":5622,"href":"https:\/\/www.rengoenlanoticia.cl\/prensa\/wp-json\/wp\/v2\/posts\/5606\/revisions\/5622"}],"wp:featuredmedia":[{"embeddable":true,"href":"https:\/\/www.rengoenlanoticia.cl\/prensa\/wp-json\/wp\/v2\/media\/5611"}],"wp:attachment":[{"href":"https:\/\/www.rengoenlanoticia.cl\/prensa\/wp-json\/wp\/v2\/media?parent=5606"}],"wp:term":[{"taxonomy":"category","embeddable":true,"href":"https:\/\/www.rengoenlanoticia.cl\/prensa\/wp-json\/wp\/v2\/categories?post=5606"},{"taxonomy":"post_tag","embeddable":true,"href":"https:\/\/www.rengoenlanoticia.cl\/prensa\/wp-json\/wp\/v2\/tags?post=5606"}],"curies":[{"name":"wp","href":"https:\/\/api.w.org\/{rel}","templated":true}]}}