{"id":5595,"date":"2025-08-28T23:59:08","date_gmt":"2025-08-28T23:59:08","guid":{"rendered":"https:\/\/www.rengoenlanoticia.cl\/prensa\/?p=5595"},"modified":"2025-08-28T23:59:11","modified_gmt":"2025-08-28T23:59:11","slug":"hospital-de-graneros-lanza-campana-buen-trato-que-sana-para-fortalecer-relaciones-humanas","status":"publish","type":"post","link":"https:\/\/www.rengoenlanoticia.cl\/prensa\/2025\/08\/28\/hospital-de-graneros-lanza-campana-buen-trato-que-sana-para-fortalecer-relaciones-humanas\/","title":{"rendered":"Hospital de Graneros lanza campa\u00f1a \u201cBuen Trato Que Sana\u201d\u00a0para fortalecer relaciones humanas"},"content":{"rendered":"\n<p>\u00b7&nbsp;&nbsp;&nbsp;&nbsp;&nbsp;&nbsp;&nbsp;&nbsp;&nbsp;La iniciativa contempla un dec\u00e1logo de 10 medidas orientadas a promover la empat\u00eda, el respeto y la colaboraci\u00f3n, tanto en la atenci\u00f3n de usuarios como en el trabajo entre funcionarios.<\/p>\n\n\n\n<p>Graneros, 28 de agosto de 2025.&nbsp;El Hospital de Graneros comenz\u00f3 oficialmente la&nbsp;Campa\u00f1a de Buen Trato que Sana,&nbsp;una iniciativa orientada a promover el respeto, la empat\u00eda y la cordialidad tanto en la atenci\u00f3n a los usuarios como en el trabajo diario entre los funcionarios del establecimiento.<\/p>\n\n\n\n<p>La campa\u00f1a contempla un&nbsp;Dec\u00e1logo de 10 medidas de Buen Trato,&nbsp;que busca instalar pr\u00e1cticas cotidianas de respeto mutuo, escucha activa, comunicaci\u00f3n clara y trabajo en equipo. El objetivo es que cada persona que llegue al hospital, ya sea como paciente, familiar o funcionario, pueda vivir una experiencia marcada por la cercan\u00eda y la confianza.<\/p>\n\n\n\n<p>Este dec\u00e1logo no solo est\u00e1 dirigido al v\u00ednculo con los pacientes y sus familias, sino que tambi\u00e9n pone \u00e9nfasis en las&nbsp;relaciones laborales internas,&nbsp;recordando que un clima organizacional positivo repercute directamente en la calidad de la atenci\u00f3n entregada a la comunidad.<\/p>\n\n\n\n<p>Las 10 medidas, que pueden parecer simples pero resultan fundamentales en la vida cotidiana, son: Saludo siempre con respeto y amabilidad, Escucho con atenci\u00f3n y empat\u00eda, Respeto la dignidad y opiniones de todas las personas, Me comunico con claridad y paciencia, Act\u00fao con disposici\u00f3n y buena voluntad, Cuido mis palabras y gestos, Evito juzgar, etiquetar o burlarme, Pido disculpas cuando me equivoco, Potencio y reconozco el trabajo de mis compa\u00f1eros y Promuevo un ambiente laboral respetuoso y seguro.<\/p>\n\n\n\n<p>Al respecto, el director del Hospital de Graneros,&nbsp;Dr. Mauricio Aedo, se\u00f1al\u00f3 que \u201cqueremos que el Hospital de Graneros sea un espacio donde cada interacci\u00f3n est\u00e9 marcada por el respeto y la empat\u00eda. El Buen Trato no es solo un valor, sino una pr\u00e1ctica diaria que mejora la experiencia de nuestros pacientes y fortalece el trabajo en equipo de nuestros funcionarios. Estamos convencidos de que un ambiente laboral positivo y colaborativo se traduce en una mejor atenci\u00f3n para toda la comunidad\u201d.<\/p>\n\n\n\n<p>A\u00f1adi\u00f3 la autoridad del hospital que \u201cla salud no solo se construye con tratamientos y diagn\u00f3sticos, tambi\u00e9n con gestos simples que transmiten humanidad. Con esta campa\u00f1a queremos recordar que un saludo cordial, una palabra amable o la disposici\u00f3n de escuchar pueden marcar una gran diferencia en la experiencia de nuestros usuarios y en la calidad de vida laboral de nuestros equipos\u201d.<\/p>\n\n\n\n<p>Por su parte, la encargada de Participaci\u00f3n del hospital, Mary Valenzuela, destac\u00f3 la importancia de este esfuerzo colectivo, indicando que \u201cesta campa\u00f1a nos invita a reflexionar sobre nuestras conductas diarias y a poner en pr\u00e1ctica gestos simples que pueden transformar la experiencia de atenci\u00f3n de los usuarios. El Buen Trato es una construcci\u00f3n de todos y todas, y creemos firmemente que cuando fortalecemos el respeto y la empat\u00eda dentro del hospital, estamos tambi\u00e9n fortaleciendo el lazo con nuestra comunidad\u201d.<\/p>\n\n\n\n<p>Finalmente, concluy\u00f3 con una invitaci\u00f3n a ver el video preparado sobre esta campa\u00f1a en las redes sociales del hospital, visitando el link&nbsp;<a href=\"https:\/\/www.facebook.com\/reel\/1543600450134221\" target=\"_blank\" rel=\"noreferrer noopener\">https:\/\/www.facebook.com\/reel\/1543600450134221<\/a><\/p>\n\n\n\n<p>Con esta campa\u00f1a, el Hospital de Graneros reafirma su compromiso con el bienestar de los usuarios y de su propio equipo de salud, impulsando una cultura basada en la colaboraci\u00f3n y el respeto mutuo.<\/p>\n","protected":false},"excerpt":{"rendered":"\u00b7&nbsp;&nbsp;&nbsp;&nbsp;&nbsp;&nbsp;&nbsp;&nbsp;&nbsp;La iniciativa contempla un dec\u00e1logo de 10 medidas orientadas a promover la empat\u00eda, el respeto y la colaboraci\u00f3n,&hellip;\n","protected":false},"author":1,"featured_media":5602,"comment_status":"open","ping_status":"open","sticky":false,"template":"","format":"standard","meta":{"_monsterinsights_skip_tracking":false,"_monsterinsights_sitenote_active":false,"_monsterinsights_sitenote_note":"","_monsterinsights_sitenote_category":0,"footnotes":""},"categories":[8],"tags":[],"class_list":{"0":"post-5595","1":"post","2":"type-post","3":"status-publish","4":"format-standard","5":"has-post-thumbnail","7":"category-portada"},"aioseo_notices":[],"_links":{"self":[{"href":"https:\/\/www.rengoenlanoticia.cl\/prensa\/wp-json\/wp\/v2\/posts\/5595","targetHints":{"allow":["GET"]}}],"collection":[{"href":"https:\/\/www.rengoenlanoticia.cl\/prensa\/wp-json\/wp\/v2\/posts"}],"about":[{"href":"https:\/\/www.rengoenlanoticia.cl\/prensa\/wp-json\/wp\/v2\/types\/post"}],"author":[{"embeddable":true,"href":"https:\/\/www.rengoenlanoticia.cl\/prensa\/wp-json\/wp\/v2\/users\/1"}],"replies":[{"embeddable":true,"href":"https:\/\/www.rengoenlanoticia.cl\/prensa\/wp-json\/wp\/v2\/comments?post=5595"}],"version-history":[{"count":3,"href":"https:\/\/www.rengoenlanoticia.cl\/prensa\/wp-json\/wp\/v2\/posts\/5595\/revisions"}],"predecessor-version":[{"id":5620,"href":"https:\/\/www.rengoenlanoticia.cl\/prensa\/wp-json\/wp\/v2\/posts\/5595\/revisions\/5620"}],"wp:featuredmedia":[{"embeddable":true,"href":"https:\/\/www.rengoenlanoticia.cl\/prensa\/wp-json\/wp\/v2\/media\/5602"}],"wp:attachment":[{"href":"https:\/\/www.rengoenlanoticia.cl\/prensa\/wp-json\/wp\/v2\/media?parent=5595"}],"wp:term":[{"taxonomy":"category","embeddable":true,"href":"https:\/\/www.rengoenlanoticia.cl\/prensa\/wp-json\/wp\/v2\/categories?post=5595"},{"taxonomy":"post_tag","embeddable":true,"href":"https:\/\/www.rengoenlanoticia.cl\/prensa\/wp-json\/wp\/v2\/tags?post=5595"}],"curies":[{"name":"wp","href":"https:\/\/api.w.org\/{rel}","templated":true}]}}