{"id":5540,"date":"2025-08-27T18:25:14","date_gmt":"2025-08-27T18:25:14","guid":{"rendered":"https:\/\/www.rengoenlanoticia.cl\/prensa\/?p=5540"},"modified":"2025-08-27T18:25:18","modified_gmt":"2025-08-27T18:25:18","slug":"hortitrade-consolida-su-exito-destacando-la-seguridad-alimentaria-como-eje-central","status":"publish","type":"post","link":"https:\/\/www.rengoenlanoticia.cl\/prensa\/2025\/08\/27\/hortitrade-consolida-su-exito-destacando-la-seguridad-alimentaria-como-eje-central\/","title":{"rendered":"HortiTrade consolida su \u00e9xito destacando la seguridad alimentaria como eje central"},"content":{"rendered":"\n<p><em>El encuentro reuni\u00f3 a productores, empresas y autoridades en O\u2019Higgins, proyectando a la horticultura chilena hacia un futuro m\u00e1s innovador y sostenible.<\/em><\/p>\n\n\n\n<p>El pasado 20 de agosto en el Club de Campo San Fernando, se llev\u00f3 a cabo una nueva edici\u00f3n de HortiTrade, el principal encuentro hort\u00edcola de Chile. La actividad, en su octava versi\u00f3n, convoc\u00f3 a productores, empresas proveedoras, instituciones y autoridades regionales en torno a un objetivo com\u00fan: fortalecer la competitividad del sector hort\u00edcola a trav\u00e9s de la innovaci\u00f3n, la sostenibilidad y la articulaci\u00f3n comercial.<\/p>\n\n\n\n<p>Con un alto marco de asistentes, la jornada ofreci\u00f3 un espacio de di\u00e1logo y aprendizaje mediante exposiciones de destacados referentes nacionales e internacionales, quienes compartieron su visi\u00f3n sobre los desaf\u00edos y oportunidades para la horticultura del futuro.<\/p>\n\n\n\n<p>HortiTrade 2025 no solo convoc\u00f3 a productores y empresas de la Regi\u00f3n de O\u2019Higgins, sino que tambi\u00e9n atrajo a participantes de otras regiones del pa\u00eds. Adem\u00e1s, a trav\u00e9s de la transmisi\u00f3n en l\u00ednea, el encuentro logr\u00f3 llegar a distintos puntos de Chile e incluso a audiencias internacionales, ampliando su impacto y posicionamiento como una vitrina nacional para la horticultura.<\/p>\n\n\n\n<p>\u201cEste evento ha sido maravilloso porque logramos congregar a agricultores, empresarios y diversos actores del rubro hort\u00edcola, todos vinculados a la seguridad alimentaria desde lo p\u00fablico y lo privado. Estamos muy contentos de la realizaci\u00f3n de esta actividad, del impacto que ya tiene y del que tendr\u00e1 a trav\u00e9s de su rueda de negocios\u201d, indic\u00f3 Marcela Reyes, gerente de O\u2019Higgins HortiCrece.<\/p>\n\n\n\n<figure class=\"wp-block-image size-full\"><img loading=\"lazy\" decoding=\"async\" width=\"1024\" height=\"683\" src=\"https:\/\/www.rengoenlanoticia.cl\/prensa\/wp-content\/uploads\/2025\/08\/A7301174.jpg\" alt=\"\" class=\"wp-image-5544\" srcset=\"https:\/\/www.rengoenlanoticia.cl\/prensa\/wp-content\/uploads\/2025\/08\/A7301174.jpg 1024w, https:\/\/www.rengoenlanoticia.cl\/prensa\/wp-content\/uploads\/2025\/08\/A7301174-300x200.jpg 300w, https:\/\/www.rengoenlanoticia.cl\/prensa\/wp-content\/uploads\/2025\/08\/A7301174-768x512.jpg 768w, https:\/\/www.rengoenlanoticia.cl\/prensa\/wp-content\/uploads\/2025\/08\/A7301174-110x73.jpg 110w, https:\/\/www.rengoenlanoticia.cl\/prensa\/wp-content\/uploads\/2025\/08\/A7301174-200x133.jpg 200w, https:\/\/www.rengoenlanoticia.cl\/prensa\/wp-content\/uploads\/2025\/08\/A7301174-380x253.jpg 380w, https:\/\/www.rengoenlanoticia.cl\/prensa\/wp-content\/uploads\/2025\/08\/A7301174-255x170.jpg 255w, https:\/\/www.rengoenlanoticia.cl\/prensa\/wp-content\/uploads\/2025\/08\/A7301174-550x367.jpg 550w, https:\/\/www.rengoenlanoticia.cl\/prensa\/wp-content\/uploads\/2025\/08\/A7301174-800x534.jpg 800w\" sizes=\"auto, (max-width: 1024px) 100vw, 1024px\" \/><\/figure>\n\n\n\n<p>A esto agreg\u00f3 que \u201ccada uno de los expositores abord\u00f3 la seguridad alimentaria desde su propio contexto, producci\u00f3n de suelos, producci\u00f3n vertical o modelos de negocio innovadores, aportando recomendaciones que resultan fundamentales para asegurar la sostenibilidad de la agricultura y proyectar negocios m\u00e1s sustentables\u201d<\/p>\n\n\n\n<p>Durante la jornada, tres expertos marcaron el eje de la conversaci\u00f3n con exposiciones que abrieron nuevas miradas para la horticultura y la seguridad alimentaria. Cristi\u00e1n Sj\u00f6gren, de AgroUrbana, abord\u00f3 la agricultura vertical; Carlos Meza, de Terrag\u00e9nesis, present\u00f3 la horticultura regenerativa; y Eduardo V\u00e1squez, de Farmt\u00e1stica, invit\u00f3 a reflexionar sobre los actuales desaf\u00edos de la cadena productiva.<\/p>\n\n\n\n<p>En este sentido, el director regional de Corfo, <strong>\u00d3scar \u00c1vila<\/strong>, destac\u00f3 que \u201cllegar a la octava versi\u00f3n de HortiTrade, que se ha consolidado como el principal encuentro hort\u00edcola del pa\u00eds, es muy satisfactorio. No solo convoca a participantes de la regi\u00f3n, sino tambi\u00e9n a actores de distintos puntos de Chile\u201d.<\/p>\n\n\n\n<figure class=\"wp-block-image size-full\"><img loading=\"lazy\" decoding=\"async\" width=\"1024\" height=\"683\" src=\"https:\/\/www.rengoenlanoticia.cl\/prensa\/wp-content\/uploads\/2025\/08\/A7300708.jpg\" alt=\"\" class=\"wp-image-5542\" srcset=\"https:\/\/www.rengoenlanoticia.cl\/prensa\/wp-content\/uploads\/2025\/08\/A7300708.jpg 1024w, https:\/\/www.rengoenlanoticia.cl\/prensa\/wp-content\/uploads\/2025\/08\/A7300708-300x200.jpg 300w, https:\/\/www.rengoenlanoticia.cl\/prensa\/wp-content\/uploads\/2025\/08\/A7300708-768x512.jpg 768w, https:\/\/www.rengoenlanoticia.cl\/prensa\/wp-content\/uploads\/2025\/08\/A7300708-110x73.jpg 110w, https:\/\/www.rengoenlanoticia.cl\/prensa\/wp-content\/uploads\/2025\/08\/A7300708-200x133.jpg 200w, https:\/\/www.rengoenlanoticia.cl\/prensa\/wp-content\/uploads\/2025\/08\/A7300708-380x253.jpg 380w, https:\/\/www.rengoenlanoticia.cl\/prensa\/wp-content\/uploads\/2025\/08\/A7300708-255x170.jpg 255w, https:\/\/www.rengoenlanoticia.cl\/prensa\/wp-content\/uploads\/2025\/08\/A7300708-550x367.jpg 550w, https:\/\/www.rengoenlanoticia.cl\/prensa\/wp-content\/uploads\/2025\/08\/A7300708-800x534.jpg 800w\" sizes=\"auto, (max-width: 1024px) 100vw, 1024px\" \/><\/figure>\n\n\n\n<p>Asimismo, agreg\u00f3 que \u201ctuvimos expositores de gran nivel y que permiten que estemos a la vanguardia y llevando adelante la posibilidad de ir incorporando nuevas tecnolog\u00edas, nuevos aprendizajes que van en beneficio de nuestros productores\u201d.<\/p>\n\n\n\n<p>La instancia cont\u00f3 con el apoyo del Gobierno Regional de O\u2019Higgins y su Consejo Regional, a trav\u00e9s del Centro de Estudios Avanzados en Fruticultura (CEAF), reafirmando el compromiso p\u00fablico-privado con el desarrollo del sector hort\u00edcola.<\/p>\n\n\n\n<p>\u201cHortiTrade 2025 ha sido tremendamente exitoso, con expositores de alto nivel y una gran convocatoria. Como parte de la organizaci\u00f3n y financistas de esta actividad, estamos muy contentos porque se cumpli\u00f3 el objetivo: hablar de sostenibilidad y seguridad alimentaria, y sobre todo transferir conocimiento a nuestros agricultores para apoyar su crecimiento y desarrollo\u201d, manifest\u00f3 la directora del CEAF, Claudia D\u00edaz.<\/p>\n\n\n\n<p>Por su parte, en representaci\u00f3n del Gobierno Regional de O\u2019Higgins, su jefe de Gabinete, Sergio Salazar, dijo que \u201cla estrategia que tenemos como gobierno regional, liderado por Pablo Silva Amaya es apoyar a cada uno de los ejes que son el sustento de nuestra regi\u00f3n. Sin duda la agricultura es uno de ellos\u201d.<\/p>\n\n\n\n<figure class=\"wp-block-image size-full\"><img loading=\"lazy\" decoding=\"async\" width=\"1024\" height=\"683\" src=\"https:\/\/www.rengoenlanoticia.cl\/prensa\/wp-content\/uploads\/2025\/08\/A7300815.jpg\" alt=\"\" class=\"wp-image-5543\" srcset=\"https:\/\/www.rengoenlanoticia.cl\/prensa\/wp-content\/uploads\/2025\/08\/A7300815.jpg 1024w, https:\/\/www.rengoenlanoticia.cl\/prensa\/wp-content\/uploads\/2025\/08\/A7300815-300x200.jpg 300w, https:\/\/www.rengoenlanoticia.cl\/prensa\/wp-content\/uploads\/2025\/08\/A7300815-768x512.jpg 768w, https:\/\/www.rengoenlanoticia.cl\/prensa\/wp-content\/uploads\/2025\/08\/A7300815-110x73.jpg 110w, https:\/\/www.rengoenlanoticia.cl\/prensa\/wp-content\/uploads\/2025\/08\/A7300815-200x133.jpg 200w, https:\/\/www.rengoenlanoticia.cl\/prensa\/wp-content\/uploads\/2025\/08\/A7300815-380x253.jpg 380w, https:\/\/www.rengoenlanoticia.cl\/prensa\/wp-content\/uploads\/2025\/08\/A7300815-255x170.jpg 255w, https:\/\/www.rengoenlanoticia.cl\/prensa\/wp-content\/uploads\/2025\/08\/A7300815-550x367.jpg 550w, https:\/\/www.rengoenlanoticia.cl\/prensa\/wp-content\/uploads\/2025\/08\/A7300815-800x534.jpg 800w\" sizes=\"auto, (max-width: 1024px) 100vw, 1024px\" \/><\/figure>\n\n\n\n<p>En HortiTrade &nbsp;se desarroll\u00f3 la tradicional rueda de negocios, que permiti\u00f3 generar v\u00ednculos comerciales entre productores, compradores e importadores, consolidando a HortiTrade como un puente efectivo entre la oferta regional y los mercados nacionales e internacionales.<\/p>\n\n\n\n<p>HortiTrade 2025 se consolida as\u00ed como un espacio clave para proyectar a la horticultura de O\u2019Higgins hacia nuevos mercados, impulsando la seguridad alimentaria y el crecimiento sostenible de la regi\u00f3n.<\/p>\n","protected":false},"excerpt":{"rendered":"El encuentro reuni\u00f3 a productores, empresas y autoridades en O\u2019Higgins, proyectando a la horticultura chilena hacia un futuro&hellip;\n","protected":false},"author":1,"featured_media":5541,"comment_status":"open","ping_status":"open","sticky":false,"template":"","format":"standard","meta":{"_monsterinsights_skip_tracking":false,"_monsterinsights_sitenote_active":false,"_monsterinsights_sitenote_note":"","_monsterinsights_sitenote_category":0,"footnotes":""},"categories":[8],"tags":[],"class_list":{"0":"post-5540","1":"post","2":"type-post","3":"status-publish","4":"format-standard","5":"has-post-thumbnail","7":"category-portada"},"aioseo_notices":[],"_links":{"self":[{"href":"https:\/\/www.rengoenlanoticia.cl\/prensa\/wp-json\/wp\/v2\/posts\/5540","targetHints":{"allow":["GET"]}}],"collection":[{"href":"https:\/\/www.rengoenlanoticia.cl\/prensa\/wp-json\/wp\/v2\/posts"}],"about":[{"href":"https:\/\/www.rengoenlanoticia.cl\/prensa\/wp-json\/wp\/v2\/types\/post"}],"author":[{"embeddable":true,"href":"https:\/\/www.rengoenlanoticia.cl\/prensa\/wp-json\/wp\/v2\/users\/1"}],"replies":[{"embeddable":true,"href":"https:\/\/www.rengoenlanoticia.cl\/prensa\/wp-json\/wp\/v2\/comments?post=5540"}],"version-history":[{"count":3,"href":"https:\/\/www.rengoenlanoticia.cl\/prensa\/wp-json\/wp\/v2\/posts\/5540\/revisions"}],"predecessor-version":[{"id":5559,"href":"https:\/\/www.rengoenlanoticia.cl\/prensa\/wp-json\/wp\/v2\/posts\/5540\/revisions\/5559"}],"wp:featuredmedia":[{"embeddable":true,"href":"https:\/\/www.rengoenlanoticia.cl\/prensa\/wp-json\/wp\/v2\/media\/5541"}],"wp:attachment":[{"href":"https:\/\/www.rengoenlanoticia.cl\/prensa\/wp-json\/wp\/v2\/media?parent=5540"}],"wp:term":[{"taxonomy":"category","embeddable":true,"href":"https:\/\/www.rengoenlanoticia.cl\/prensa\/wp-json\/wp\/v2\/categories?post=5540"},{"taxonomy":"post_tag","embeddable":true,"href":"https:\/\/www.rengoenlanoticia.cl\/prensa\/wp-json\/wp\/v2\/tags?post=5540"}],"curies":[{"name":"wp","href":"https:\/\/api.w.org\/{rel}","templated":true}]}}