{"id":5530,"date":"2025-08-27T18:23:14","date_gmt":"2025-08-27T18:23:14","guid":{"rendered":"https:\/\/www.rengoenlanoticia.cl\/prensa\/?p=5530"},"modified":"2025-08-27T18:23:20","modified_gmt":"2025-08-27T18:23:20","slug":"nueva-radiologa-fortalece-resolutividad-y-atencion-de-pacientes-en-hospital-de-santa-cruz","status":"publish","type":"post","link":"https:\/\/www.rengoenlanoticia.cl\/prensa\/2025\/08\/27\/nueva-radiologa-fortalece-resolutividad-y-atencion-de-pacientes-en-hospital-de-santa-cruz\/","title":{"rendered":"Nueva radi\u00f3loga fortalece resolutividad y atenci\u00f3n de pacientes en Hospital de Santa Cruz"},"content":{"rendered":"\n<p>Con la llegada de la especialista, el recinto asistencial podr\u00e1 realizar ecograf\u00edas generales, musculoesquel\u00e9ticas y vasculares, fortaleciendo el trabajo local.<strong><\/strong><\/p>\n\n\n\n<p>Con el objetivo de fortalecer el equipo cl\u00ednico y ampliar la capacidad de atenci\u00f3n para usuarios hospitalizados, ambulatorios y de urgencia, el Hospital de Santa Cruz anunci\u00f3 la incorporaci\u00f3n de la doctora <strong>Francisca Caro Flores<\/strong><strong>,<\/strong> m\u00e9dica radi\u00f3loga, al Servicio de Imagenolog\u00eda del recinto.<\/p>\n\n\n\n<p>La especialista realiz\u00f3 su formaci\u00f3n en Medicina en la Universidad de Chile, posteriormente trabaj\u00f3 seis a\u00f1os como m\u00e9dico general de zona en el Hospital de Pichilemu, y luego curs\u00f3 la especialidad en Radiolog\u00eda en la misma casa de estudios. Actualmente reside en Pichilemu, desde donde se traslada a Santa Cruz para cumplir con sus labores asistenciales. <em>\u201cMe he sentido s\u00faper bien, me recibieron con mucha calidez. El equipo es muy profesional y organizado, se nota el buen ambiente laboral. Estoy feliz de integrarme a este hospital y aportar a la regi\u00f3n\u201d<\/em><em>,<\/em> indic\u00f3 la profesional.<\/p>\n\n\n\n<figure class=\"wp-block-image size-large\"><img loading=\"lazy\" decoding=\"async\" width=\"1024\" height=\"768\" src=\"https:\/\/www.rengoenlanoticia.cl\/prensa\/wp-content\/uploads\/2025\/08\/Nueva-radiologa-2-1024x768.jpeg\" alt=\"\" class=\"wp-image-5534\" srcset=\"https:\/\/www.rengoenlanoticia.cl\/prensa\/wp-content\/uploads\/2025\/08\/Nueva-radiologa-2-1024x768.jpeg 1024w, https:\/\/www.rengoenlanoticia.cl\/prensa\/wp-content\/uploads\/2025\/08\/Nueva-radiologa-2-300x225.jpeg 300w, https:\/\/www.rengoenlanoticia.cl\/prensa\/wp-content\/uploads\/2025\/08\/Nueva-radiologa-2-768x576.jpeg 768w, https:\/\/www.rengoenlanoticia.cl\/prensa\/wp-content\/uploads\/2025\/08\/Nueva-radiologa-2-110x83.jpeg 110w, https:\/\/www.rengoenlanoticia.cl\/prensa\/wp-content\/uploads\/2025\/08\/Nueva-radiologa-2-200x150.jpeg 200w, https:\/\/www.rengoenlanoticia.cl\/prensa\/wp-content\/uploads\/2025\/08\/Nueva-radiologa-2-380x285.jpeg 380w, https:\/\/www.rengoenlanoticia.cl\/prensa\/wp-content\/uploads\/2025\/08\/Nueva-radiologa-2-255x191.jpeg 255w, https:\/\/www.rengoenlanoticia.cl\/prensa\/wp-content\/uploads\/2025\/08\/Nueva-radiologa-2-550x413.jpeg 550w, https:\/\/www.rengoenlanoticia.cl\/prensa\/wp-content\/uploads\/2025\/08\/Nueva-radiologa-2-800x600.jpeg 800w, https:\/\/www.rengoenlanoticia.cl\/prensa\/wp-content\/uploads\/2025\/08\/Nueva-radiologa-2-1160x870.jpeg 1160w, https:\/\/www.rengoenlanoticia.cl\/prensa\/wp-content\/uploads\/2025\/08\/Nueva-radiologa-2.jpeg 1280w\" sizes=\"auto, (max-width: 1024px) 100vw, 1024px\" \/><\/figure>\n\n\n\n<p>Desde la jefatura del Servicio de Imagenolog\u00eda, la tecn\u00f3loga m\u00e9dica <strong>Gabriela P\u00e9rez<\/strong><strong>,<\/strong> destac\u00f3 que <em>\u201cllev\u00e1bamos m\u00e1s de cuatro a\u00f1os sin un m\u00e9dico radi\u00f3logo en nuestro servicio, y contar con la doctora Caro ha sido fundamental. Esto nos permite ampliar la cartera de prestaciones del hospital, tanto para pacientes hospitalizados, de urgencia y ambulatorios, adem\u00e1s de contar con el respaldo t\u00e9cnico de un especialista en la ejecuci\u00f3n e informe de ex\u00e1menes de ecograf\u00eda, lo que antes no pod\u00edamos ofrecer\u201d<\/em><em>.<\/em><\/p>\n\n\n\n<p>Por su parte, el director del Hospital de Santa Cruz, <strong>Dr. Sebasti\u00e1n Urz\u00faa, <\/strong>resalt\u00f3 la importancia de esta gesti\u00f3n, comentando que <em>\u201cla llegada de la doctora Caro responde a una sentida necesidad de nuestro hospital desde hace a\u00f1os. Como equipo directivo nos la jugamos por este cargo porque sab\u00edamos que era fundamental para mejorar la resolutividad del establecimiento y entregar un servicio m\u00e1s completo a nuestros usuarios. Hoy podemos decir con orgullo que avanzamos en ese compromiso con nuestra comunidad\u201d<\/em><em>.<\/em><\/p>\n\n\n\n<p>Hasta ahora, el hospital deb\u00eda recurrir a servicios externos de teleradiolog\u00eda para la confecci\u00f3n de informes. Con la incorporaci\u00f3n de la doctora Caro, el recinto podr\u00e1 realizar ex\u00e1menes ecogr\u00e1ficos generales, musculoesquel\u00e9ticos y vasculares, fortaleciendo la resolutividad y evitando que los pacientes deban acudir al sistema privado.<\/p>\n","protected":false},"excerpt":{"rendered":"Con la llegada de la especialista, el recinto asistencial podr\u00e1 realizar ecograf\u00edas generales, musculoesquel\u00e9ticas y vasculares, fortaleciendo el&hellip;\n","protected":false},"author":1,"featured_media":5535,"comment_status":"open","ping_status":"open","sticky":false,"template":"","format":"standard","meta":{"_monsterinsights_skip_tracking":false,"_monsterinsights_sitenote_active":false,"_monsterinsights_sitenote_note":"","_monsterinsights_sitenote_category":0,"footnotes":""},"categories":[8],"tags":[],"class_list":{"0":"post-5530","1":"post","2":"type-post","3":"status-publish","4":"format-standard","5":"has-post-thumbnail","7":"category-portada"},"aioseo_notices":[],"_links":{"self":[{"href":"https:\/\/www.rengoenlanoticia.cl\/prensa\/wp-json\/wp\/v2\/posts\/5530","targetHints":{"allow":["GET"]}}],"collection":[{"href":"https:\/\/www.rengoenlanoticia.cl\/prensa\/wp-json\/wp\/v2\/posts"}],"about":[{"href":"https:\/\/www.rengoenlanoticia.cl\/prensa\/wp-json\/wp\/v2\/types\/post"}],"author":[{"embeddable":true,"href":"https:\/\/www.rengoenlanoticia.cl\/prensa\/wp-json\/wp\/v2\/users\/1"}],"replies":[{"embeddable":true,"href":"https:\/\/www.rengoenlanoticia.cl\/prensa\/wp-json\/wp\/v2\/comments?post=5530"}],"version-history":[{"count":3,"href":"https:\/\/www.rengoenlanoticia.cl\/prensa\/wp-json\/wp\/v2\/posts\/5530\/revisions"}],"predecessor-version":[{"id":5557,"href":"https:\/\/www.rengoenlanoticia.cl\/prensa\/wp-json\/wp\/v2\/posts\/5530\/revisions\/5557"}],"wp:featuredmedia":[{"embeddable":true,"href":"https:\/\/www.rengoenlanoticia.cl\/prensa\/wp-json\/wp\/v2\/media\/5535"}],"wp:attachment":[{"href":"https:\/\/www.rengoenlanoticia.cl\/prensa\/wp-json\/wp\/v2\/media?parent=5530"}],"wp:term":[{"taxonomy":"category","embeddable":true,"href":"https:\/\/www.rengoenlanoticia.cl\/prensa\/wp-json\/wp\/v2\/categories?post=5530"},{"taxonomy":"post_tag","embeddable":true,"href":"https:\/\/www.rengoenlanoticia.cl\/prensa\/wp-json\/wp\/v2\/tags?post=5530"}],"curies":[{"name":"wp","href":"https:\/\/api.w.org\/{rel}","templated":true}]}}