{"id":5509,"date":"2025-08-26T18:58:24","date_gmt":"2025-08-26T18:58:24","guid":{"rendered":"https:\/\/www.rengoenlanoticia.cl\/prensa\/?p=5509"},"modified":"2025-08-26T18:58:25","modified_gmt":"2025-08-26T18:58:25","slug":"senador-castro-se-reune-con-confederacion-obrera-de-chile-por-situacion-en-el-teniente-los-trabajadores-deben-volver-a-sus-puestos-con-garantias-minimas-de-seguridad","status":"publish","type":"post","link":"https:\/\/www.rengoenlanoticia.cl\/prensa\/2025\/08\/26\/senador-castro-se-reune-con-confederacion-obrera-de-chile-por-situacion-en-el-teniente-los-trabajadores-deben-volver-a-sus-puestos-con-garantias-minimas-de-seguridad\/","title":{"rendered":"Senador Castro se re\u00fane con Confederaci\u00f3n Obrera de Chile por situaci\u00f3n en El Teniente: \u201cLos trabajadores deben volver a sus puestos con garant\u00edas m\u00ednimas de seguridad\u201d"},"content":{"rendered":"\n<p><em>Coincidieron adem\u00e1s en la necesidad de otorgar certezas laborales a los m\u00e1s de 8 mil trabajadores subcontratados.<\/em><\/p>\n\n\n\n<p>El senador Juan Luis Castro, integrante de la comisi\u00f3n de Miner\u00eda de la C\u00e1mara Alta, sostuvo una reuni\u00f3n con la Confederaci\u00f3n Obrera de Chile, encabezada por su presidente Luis N\u00fa\u00f1ez, donde participaron dirigentes de los principales sindicatos base de la Divisi\u00f3n El Teniente.&nbsp;<\/p>\n\n\n\n<p>La instancia se enmarc\u00f3 en la preocupaci\u00f3n de miles de trabajadores subcontratados que enfrentan incertidumbre laboral tras la suspensi\u00f3n de faenas, producto de los recientes accidentes fatales.&nbsp;El senador Castro destac\u00f3 la urgencia de dar certezas a los trabajadores y, al mismo tiempo, avanzar en mayores medidas de resguardo en la mina m\u00e1s productiva del pa\u00eds.<\/p>\n\n\n\n<figure class=\"wp-block-image size-large\"><img loading=\"lazy\" decoding=\"async\" width=\"1024\" height=\"768\" src=\"https:\/\/www.rengoenlanoticia.cl\/prensa\/wp-content\/uploads\/2025\/08\/Imagen-de-WhatsApp-2025-08-26-a-las-14.18.42_706870dc-1024x768.jpg\" alt=\"\" class=\"wp-image-5510\" srcset=\"https:\/\/www.rengoenlanoticia.cl\/prensa\/wp-content\/uploads\/2025\/08\/Imagen-de-WhatsApp-2025-08-26-a-las-14.18.42_706870dc-1024x768.jpg 1024w, https:\/\/www.rengoenlanoticia.cl\/prensa\/wp-content\/uploads\/2025\/08\/Imagen-de-WhatsApp-2025-08-26-a-las-14.18.42_706870dc-300x225.jpg 300w, https:\/\/www.rengoenlanoticia.cl\/prensa\/wp-content\/uploads\/2025\/08\/Imagen-de-WhatsApp-2025-08-26-a-las-14.18.42_706870dc-768x576.jpg 768w, https:\/\/www.rengoenlanoticia.cl\/prensa\/wp-content\/uploads\/2025\/08\/Imagen-de-WhatsApp-2025-08-26-a-las-14.18.42_706870dc-1536x1152.jpg 1536w, https:\/\/www.rengoenlanoticia.cl\/prensa\/wp-content\/uploads\/2025\/08\/Imagen-de-WhatsApp-2025-08-26-a-las-14.18.42_706870dc-110x83.jpg 110w, https:\/\/www.rengoenlanoticia.cl\/prensa\/wp-content\/uploads\/2025\/08\/Imagen-de-WhatsApp-2025-08-26-a-las-14.18.42_706870dc-200x150.jpg 200w, https:\/\/www.rengoenlanoticia.cl\/prensa\/wp-content\/uploads\/2025\/08\/Imagen-de-WhatsApp-2025-08-26-a-las-14.18.42_706870dc-380x285.jpg 380w, https:\/\/www.rengoenlanoticia.cl\/prensa\/wp-content\/uploads\/2025\/08\/Imagen-de-WhatsApp-2025-08-26-a-las-14.18.42_706870dc-255x191.jpg 255w, https:\/\/www.rengoenlanoticia.cl\/prensa\/wp-content\/uploads\/2025\/08\/Imagen-de-WhatsApp-2025-08-26-a-las-14.18.42_706870dc-550x413.jpg 550w, https:\/\/www.rengoenlanoticia.cl\/prensa\/wp-content\/uploads\/2025\/08\/Imagen-de-WhatsApp-2025-08-26-a-las-14.18.42_706870dc-800x600.jpg 800w, https:\/\/www.rengoenlanoticia.cl\/prensa\/wp-content\/uploads\/2025\/08\/Imagen-de-WhatsApp-2025-08-26-a-las-14.18.42_706870dc-1160x870.jpg 1160w, https:\/\/www.rengoenlanoticia.cl\/prensa\/wp-content\/uploads\/2025\/08\/Imagen-de-WhatsApp-2025-08-26-a-las-14.18.42_706870dc.jpg 1600w\" sizes=\"auto, (max-width: 1024px) 100vw, 1024px\" \/><\/figure>\n\n\n\n<p>\u201cHemos tenido una importante reuni\u00f3n con la Confederaci\u00f3n Obrera de Chile, que representa a m\u00e1s de seis mil trabajadores de la miner\u00eda subcontratada de la Divisi\u00f3n El Teniente, incluyendo los sindicatos que han sido v\u00edctimas de las fatalidades ocurridas. Hemos concluido dos cosas: primero, que la empresa tiene el deber y el derecho de garantizar seguridad en la faena a todos los trabajadores, y que nunca m\u00e1s pueden repetirse accidentes de esta magnitud. Y segundo, que debe haber un reinicio de faenas, porque no puede ser que los trabajadores queden al margen o en la incertidumbre sin saber si podr\u00e1n retomar sus contratos pr\u00f3ximamente\u201d, se\u00f1al\u00f3.<\/p>\n\n\n\n<p>En la reuni\u00f3n, tambi\u00e9n se acord\u00f3 que la comisi\u00f3n de Miner\u00eda del Senado recibir\u00e1 a la Confederaci\u00f3n Obrera de Chile, junto a otros actores, para exponer sus planteamientos y propuestas.<\/p>\n\n\n\n<p>\u201cLos dirigentes no solo est\u00e1n pidiendo, tambi\u00e9n est\u00e1n proponiendo un paquete de medidas de seguridad que incluye tecnolog\u00eda de punta, sistemas de georreferenciaci\u00f3n para ubicar a cada minero y mejoras en el transporte dentro de la faena. Esta no es una posici\u00f3n de queja, sino una mirada constructiva para retomar la miner\u00eda en condiciones dignas y seguras\u201d, subray\u00f3 el senador Castro.<\/p>\n\n\n\n<p>Por su parte, Luis N\u00fa\u00f1ez, presidente de la Confederaci\u00f3n Obrera de Chile, expres\u00f3 la inquietud de los trabajadores frente a la prolongaci\u00f3n de la paralizaci\u00f3n y llam\u00f3 a una pronta definici\u00f3n de plazos para el retorno seguro.<\/p>\n\n\n\n<p>\u201cNuestra preocupaci\u00f3n hoy d\u00eda es la seguridad, c\u00f3mo hacer el retorno seguro a los miles de trabajadores que hoy est\u00e1n sin su fuente laboral. Son casi 8 mil 500 trabajadores que esperan certezas. Sabemos que el proceso ser\u00e1 gradual, pero necesitamos claridad sobre cu\u00e1nto tiempo tomar\u00e1 y qu\u00e9 medidas concretas se adoptar\u00e1n. Por eso hemos entregado a Codelco una propuesta de seguridad elaborada con profesionales y tecnolog\u00eda de punta, y esperamos avanzar en las mesas de trabajo junto a la empresa y el Senado\u201d, afirm\u00f3.<\/p>\n\n\n\n<p>La Confederaci\u00f3n Obrera de Chile agrupa a sindicatos como Mas Err\u00e1zuriz, Gardicic, Aura, Sindicatos Base RD, Master Drilling y STEEL, que representan a la gran mayor\u00eda de trabajadores subcontratados de El Teniente. Sus dirigentes reiteraron que la prioridad es resguardar la vida y asegurar que nunca m\u00e1s se repitan tragedias como las vividas en semanas recientes.<\/p>\n","protected":false},"excerpt":{"rendered":"Coincidieron adem\u00e1s en la necesidad de otorgar certezas laborales a los m\u00e1s de 8 mil trabajadores subcontratados. El&hellip;\n","protected":false},"author":1,"featured_media":5511,"comment_status":"open","ping_status":"open","sticky":false,"template":"","format":"standard","meta":{"_monsterinsights_skip_tracking":false,"_monsterinsights_sitenote_active":false,"_monsterinsights_sitenote_note":"","_monsterinsights_sitenote_category":0,"footnotes":""},"categories":[11,8],"tags":[],"class_list":{"0":"post-5509","1":"post","2":"type-post","3":"status-publish","4":"format-standard","5":"has-post-thumbnail","7":"category-politica","8":"category-portada"},"aioseo_notices":[],"_links":{"self":[{"href":"https:\/\/www.rengoenlanoticia.cl\/prensa\/wp-json\/wp\/v2\/posts\/5509","targetHints":{"allow":["GET"]}}],"collection":[{"href":"https:\/\/www.rengoenlanoticia.cl\/prensa\/wp-json\/wp\/v2\/posts"}],"about":[{"href":"https:\/\/www.rengoenlanoticia.cl\/prensa\/wp-json\/wp\/v2\/types\/post"}],"author":[{"embeddable":true,"href":"https:\/\/www.rengoenlanoticia.cl\/prensa\/wp-json\/wp\/v2\/users\/1"}],"replies":[{"embeddable":true,"href":"https:\/\/www.rengoenlanoticia.cl\/prensa\/wp-json\/wp\/v2\/comments?post=5509"}],"version-history":[{"count":3,"href":"https:\/\/www.rengoenlanoticia.cl\/prensa\/wp-json\/wp\/v2\/posts\/5509\/revisions"}],"predecessor-version":[{"id":5515,"href":"https:\/\/www.rengoenlanoticia.cl\/prensa\/wp-json\/wp\/v2\/posts\/5509\/revisions\/5515"}],"wp:featuredmedia":[{"embeddable":true,"href":"https:\/\/www.rengoenlanoticia.cl\/prensa\/wp-json\/wp\/v2\/media\/5511"}],"wp:attachment":[{"href":"https:\/\/www.rengoenlanoticia.cl\/prensa\/wp-json\/wp\/v2\/media?parent=5509"}],"wp:term":[{"taxonomy":"category","embeddable":true,"href":"https:\/\/www.rengoenlanoticia.cl\/prensa\/wp-json\/wp\/v2\/categories?post=5509"},{"taxonomy":"post_tag","embeddable":true,"href":"https:\/\/www.rengoenlanoticia.cl\/prensa\/wp-json\/wp\/v2\/tags?post=5509"}],"curies":[{"name":"wp","href":"https:\/\/api.w.org\/{rel}","templated":true}]}}