{"id":5501,"date":"2025-08-26T02:26:26","date_gmt":"2025-08-26T02:26:26","guid":{"rendered":"https:\/\/www.rengoenlanoticia.cl\/prensa\/?p=5501"},"modified":"2025-08-26T02:26:28","modified_gmt":"2025-08-26T02:26:28","slug":"carabineros-de-la-oic-de-la-4ta-comisaria-de-rengo-realizan-charla-sobre-ley-de-responsabilidad-penal-adolescente-en-colegio-antilen","status":"publish","type":"post","link":"https:\/\/www.rengoenlanoticia.cl\/prensa\/2025\/08\/26\/carabineros-de-la-oic-de-la-4ta-comisaria-de-rengo-realizan-charla-sobre-ley-de-responsabilidad-penal-adolescente-en-colegio-antilen\/","title":{"rendered":"Carabineros de la OIC de  la 4ta Comisaria de Rengo \u00a0realizan charla sobre ley de responsabilidad penal adolescente en colegio ANTILEN"},"content":{"rendered":"\n<p>Funcionarios de la <strong>OIC (Oficina de Integraci\u00f3n Comunitaria)<\/strong> de la <strong>4\u00aa Comisar\u00eda de Carabineros de Rengo<\/strong> realizaron una importante charla educativa en el <strong>Colegio Antilen<\/strong>, enfocada en la <strong>Ley de Responsabilidad Penal Adolescente (Ley N\u00b0 20.084)<\/strong> y 20.536 de Violencia Escolar<\/p>\n\n\n\n<figure class=\"wp-block-image size-large\"><img loading=\"lazy\" decoding=\"async\" width=\"1024\" height=\"478\" src=\"https:\/\/www.rengoenlanoticia.cl\/prensa\/wp-content\/uploads\/2025\/08\/WhatsApp-Image-2025-08-19-at-12.49.59-1-1024x478.jpeg\" alt=\"\" class=\"wp-image-5503\" srcset=\"https:\/\/www.rengoenlanoticia.cl\/prensa\/wp-content\/uploads\/2025\/08\/WhatsApp-Image-2025-08-19-at-12.49.59-1-1024x478.jpeg 1024w, https:\/\/www.rengoenlanoticia.cl\/prensa\/wp-content\/uploads\/2025\/08\/WhatsApp-Image-2025-08-19-at-12.49.59-1-300x140.jpeg 300w, https:\/\/www.rengoenlanoticia.cl\/prensa\/wp-content\/uploads\/2025\/08\/WhatsApp-Image-2025-08-19-at-12.49.59-1-768x359.jpeg 768w, https:\/\/www.rengoenlanoticia.cl\/prensa\/wp-content\/uploads\/2025\/08\/WhatsApp-Image-2025-08-19-at-12.49.59-1-1536x717.jpeg 1536w, https:\/\/www.rengoenlanoticia.cl\/prensa\/wp-content\/uploads\/2025\/08\/WhatsApp-Image-2025-08-19-at-12.49.59-1-110x51.jpeg 110w, https:\/\/www.rengoenlanoticia.cl\/prensa\/wp-content\/uploads\/2025\/08\/WhatsApp-Image-2025-08-19-at-12.49.59-1-200x93.jpeg 200w, https:\/\/www.rengoenlanoticia.cl\/prensa\/wp-content\/uploads\/2025\/08\/WhatsApp-Image-2025-08-19-at-12.49.59-1-380x177.jpeg 380w, https:\/\/www.rengoenlanoticia.cl\/prensa\/wp-content\/uploads\/2025\/08\/WhatsApp-Image-2025-08-19-at-12.49.59-1-255x119.jpeg 255w, https:\/\/www.rengoenlanoticia.cl\/prensa\/wp-content\/uploads\/2025\/08\/WhatsApp-Image-2025-08-19-at-12.49.59-1-550x257.jpeg 550w, https:\/\/www.rengoenlanoticia.cl\/prensa\/wp-content\/uploads\/2025\/08\/WhatsApp-Image-2025-08-19-at-12.49.59-1-800x374.jpeg 800w, https:\/\/www.rengoenlanoticia.cl\/prensa\/wp-content\/uploads\/2025\/08\/WhatsApp-Image-2025-08-19-at-12.49.59-1-1160x542.jpeg 1160w, https:\/\/www.rengoenlanoticia.cl\/prensa\/wp-content\/uploads\/2025\/08\/WhatsApp-Image-2025-08-19-at-12.49.59-1.jpeg 1600w\" sizes=\"auto, (max-width: 1024px) 100vw, 1024px\" \/><\/figure>\n\n\n\n<p>La actividad tuvo como objetivo informar a los estudiantes sobre los alcances legales que establece esta normativa, orientada a adolescentes entre 14 y 18 a\u00f1os que cometen delitos. A trav\u00e9s del di\u00e1logo y ejemplos pr\u00e1cticos, los carabineros buscaron generar conciencia sobre las consecuencias legales de ciertos actos, reforzando as\u00ed la prevenci\u00f3n y el autocuidado.<\/p>\n\n\n\n<p>&nbsp;Esta iniciativa forma parte del compromiso de Carabineros con la educaci\u00f3n y formaci\u00f3n ciudadana de los j\u00f3venes de nuestra comuna.<\/p>\n\n\n\n<figure class=\"wp-block-image size-large\"><img loading=\"lazy\" decoding=\"async\" width=\"1024\" height=\"768\" src=\"https:\/\/www.rengoenlanoticia.cl\/prensa\/wp-content\/uploads\/2025\/08\/WhatsApp-Image-2025-08-20-at-12.04.32-1024x768.jpeg\" alt=\"\" class=\"wp-image-5504\" srcset=\"https:\/\/www.rengoenlanoticia.cl\/prensa\/wp-content\/uploads\/2025\/08\/WhatsApp-Image-2025-08-20-at-12.04.32-1024x768.jpeg 1024w, https:\/\/www.rengoenlanoticia.cl\/prensa\/wp-content\/uploads\/2025\/08\/WhatsApp-Image-2025-08-20-at-12.04.32-300x225.jpeg 300w, https:\/\/www.rengoenlanoticia.cl\/prensa\/wp-content\/uploads\/2025\/08\/WhatsApp-Image-2025-08-20-at-12.04.32-768x576.jpeg 768w, https:\/\/www.rengoenlanoticia.cl\/prensa\/wp-content\/uploads\/2025\/08\/WhatsApp-Image-2025-08-20-at-12.04.32-1536x1152.jpeg 1536w, https:\/\/www.rengoenlanoticia.cl\/prensa\/wp-content\/uploads\/2025\/08\/WhatsApp-Image-2025-08-20-at-12.04.32-110x83.jpeg 110w, https:\/\/www.rengoenlanoticia.cl\/prensa\/wp-content\/uploads\/2025\/08\/WhatsApp-Image-2025-08-20-at-12.04.32-200x150.jpeg 200w, https:\/\/www.rengoenlanoticia.cl\/prensa\/wp-content\/uploads\/2025\/08\/WhatsApp-Image-2025-08-20-at-12.04.32-380x285.jpeg 380w, https:\/\/www.rengoenlanoticia.cl\/prensa\/wp-content\/uploads\/2025\/08\/WhatsApp-Image-2025-08-20-at-12.04.32-255x191.jpeg 255w, https:\/\/www.rengoenlanoticia.cl\/prensa\/wp-content\/uploads\/2025\/08\/WhatsApp-Image-2025-08-20-at-12.04.32-550x413.jpeg 550w, https:\/\/www.rengoenlanoticia.cl\/prensa\/wp-content\/uploads\/2025\/08\/WhatsApp-Image-2025-08-20-at-12.04.32-800x600.jpeg 800w, https:\/\/www.rengoenlanoticia.cl\/prensa\/wp-content\/uploads\/2025\/08\/WhatsApp-Image-2025-08-20-at-12.04.32-1160x870.jpeg 1160w, https:\/\/www.rengoenlanoticia.cl\/prensa\/wp-content\/uploads\/2025\/08\/WhatsApp-Image-2025-08-20-at-12.04.32.jpeg 1600w\" sizes=\"auto, (max-width: 1024px) 100vw, 1024px\" \/><\/figure>\n","protected":false},"excerpt":{"rendered":"Funcionarios de la OIC (Oficina de Integraci\u00f3n Comunitaria) de la 4\u00aa Comisar\u00eda de Carabineros de Rengo realizaron una&hellip;\n","protected":false},"author":2,"featured_media":5502,"comment_status":"open","ping_status":"open","sticky":false,"template":"","format":"standard","meta":{"_monsterinsights_skip_tracking":false,"_monsterinsights_sitenote_active":false,"_monsterinsights_sitenote_note":"","_monsterinsights_sitenote_category":0,"footnotes":""},"categories":[5,8],"tags":[],"class_list":{"0":"post-5501","1":"post","2":"type-post","3":"status-publish","4":"format-standard","5":"has-post-thumbnail","7":"category-policial","8":"category-portada"},"aioseo_notices":[],"_links":{"self":[{"href":"https:\/\/www.rengoenlanoticia.cl\/prensa\/wp-json\/wp\/v2\/posts\/5501","targetHints":{"allow":["GET"]}}],"collection":[{"href":"https:\/\/www.rengoenlanoticia.cl\/prensa\/wp-json\/wp\/v2\/posts"}],"about":[{"href":"https:\/\/www.rengoenlanoticia.cl\/prensa\/wp-json\/wp\/v2\/types\/post"}],"author":[{"embeddable":true,"href":"https:\/\/www.rengoenlanoticia.cl\/prensa\/wp-json\/wp\/v2\/users\/2"}],"replies":[{"embeddable":true,"href":"https:\/\/www.rengoenlanoticia.cl\/prensa\/wp-json\/wp\/v2\/comments?post=5501"}],"version-history":[{"count":3,"href":"https:\/\/www.rengoenlanoticia.cl\/prensa\/wp-json\/wp\/v2\/posts\/5501\/revisions"}],"predecessor-version":[{"id":5507,"href":"https:\/\/www.rengoenlanoticia.cl\/prensa\/wp-json\/wp\/v2\/posts\/5501\/revisions\/5507"}],"wp:featuredmedia":[{"embeddable":true,"href":"https:\/\/www.rengoenlanoticia.cl\/prensa\/wp-json\/wp\/v2\/media\/5502"}],"wp:attachment":[{"href":"https:\/\/www.rengoenlanoticia.cl\/prensa\/wp-json\/wp\/v2\/media?parent=5501"}],"wp:term":[{"taxonomy":"category","embeddable":true,"href":"https:\/\/www.rengoenlanoticia.cl\/prensa\/wp-json\/wp\/v2\/categories?post=5501"},{"taxonomy":"post_tag","embeddable":true,"href":"https:\/\/www.rengoenlanoticia.cl\/prensa\/wp-json\/wp\/v2\/tags?post=5501"}],"curies":[{"name":"wp","href":"https:\/\/api.w.org\/{rel}","templated":true}]}}