{"id":5493,"date":"2025-08-26T02:14:42","date_gmt":"2025-08-26T02:14:42","guid":{"rendered":"https:\/\/www.rengoenlanoticia.cl\/prensa\/?p=5493"},"modified":"2025-08-26T02:15:12","modified_gmt":"2025-08-26T02:15:12","slug":"charlas-de-prevencion-del-bullying-realiza-carabineros-de-la-micc-de-carabineros-en-colegio-el-naranjal-de-rengo","status":"publish","type":"post","link":"https:\/\/www.rengoenlanoticia.cl\/prensa\/2025\/08\/26\/charlas-de-prevencion-del-bullying-realiza-carabineros-de-la-micc-de-carabineros-en-colegio-el-naranjal-de-rengo\/","title":{"rendered":"Charlas de prevenci\u00f3n del Bullying realiza Carabineros de la MICC de Carabineros en colegio el Naranjal de Rengo"},"content":{"rendered":"\n<p>Durante este mes, alumnos de establecimientos educacionales de Rengo participaron en <strong>charlas preventivas contra el Bullying<\/strong>, dictadas por funcionarios de la <strong>MICC (Modelo de Integraci\u00f3n Carabineros-Comunidad)<\/strong> de la <strong>4\u00aa Comisar\u00eda de Carabineros de Rengo<\/strong>.<\/p>\n\n\n\n<p>Estas instancias buscan fomentar el respeto, la empat\u00eda y la sana convivencia escolar, entregando herramientas tanto a estudiantes como a docentes para prevenir situaciones de acoso escolar y fortalecer el trabajo colaborativo entre la comunidad educativa y las instituciones de seguridad.<\/p>\n\n\n\n<figure class=\"wp-block-image size-large\"><img loading=\"lazy\" decoding=\"async\" width=\"1024\" height=\"478\" src=\"https:\/\/www.rengoenlanoticia.cl\/prensa\/wp-content\/uploads\/2025\/08\/WhatsApp-Image-2025-08-19-at-12.49.59-1024x478.jpeg\" alt=\"\" class=\"wp-image-5495\" srcset=\"https:\/\/www.rengoenlanoticia.cl\/prensa\/wp-content\/uploads\/2025\/08\/WhatsApp-Image-2025-08-19-at-12.49.59-1024x478.jpeg 1024w, https:\/\/www.rengoenlanoticia.cl\/prensa\/wp-content\/uploads\/2025\/08\/WhatsApp-Image-2025-08-19-at-12.49.59-300x140.jpeg 300w, https:\/\/www.rengoenlanoticia.cl\/prensa\/wp-content\/uploads\/2025\/08\/WhatsApp-Image-2025-08-19-at-12.49.59-768x359.jpeg 768w, https:\/\/www.rengoenlanoticia.cl\/prensa\/wp-content\/uploads\/2025\/08\/WhatsApp-Image-2025-08-19-at-12.49.59-1536x717.jpeg 1536w, https:\/\/www.rengoenlanoticia.cl\/prensa\/wp-content\/uploads\/2025\/08\/WhatsApp-Image-2025-08-19-at-12.49.59-110x51.jpeg 110w, https:\/\/www.rengoenlanoticia.cl\/prensa\/wp-content\/uploads\/2025\/08\/WhatsApp-Image-2025-08-19-at-12.49.59-200x93.jpeg 200w, https:\/\/www.rengoenlanoticia.cl\/prensa\/wp-content\/uploads\/2025\/08\/WhatsApp-Image-2025-08-19-at-12.49.59-380x177.jpeg 380w, https:\/\/www.rengoenlanoticia.cl\/prensa\/wp-content\/uploads\/2025\/08\/WhatsApp-Image-2025-08-19-at-12.49.59-255x119.jpeg 255w, https:\/\/www.rengoenlanoticia.cl\/prensa\/wp-content\/uploads\/2025\/08\/WhatsApp-Image-2025-08-19-at-12.49.59-550x257.jpeg 550w, https:\/\/www.rengoenlanoticia.cl\/prensa\/wp-content\/uploads\/2025\/08\/WhatsApp-Image-2025-08-19-at-12.49.59-800x374.jpeg 800w, https:\/\/www.rengoenlanoticia.cl\/prensa\/wp-content\/uploads\/2025\/08\/WhatsApp-Image-2025-08-19-at-12.49.59-1160x542.jpeg 1160w, https:\/\/www.rengoenlanoticia.cl\/prensa\/wp-content\/uploads\/2025\/08\/WhatsApp-Image-2025-08-19-at-12.49.59.jpeg 1600w\" sizes=\"auto, (max-width: 1024px) 100vw, 1024px\" \/><\/figure>\n\n\n\n<p>Las charlas estuvieron dirigida a alumnos de 5to, 6to, 7to y 8vo B\u00e1sico<\/p>\n\n\n\n<p>&nbsp;Agradecemos el compromiso de Carabineros con la formaci\u00f3n y protecci\u00f3n de nuestros ni\u00f1os, ni\u00f1as y j\u00f3venes, se\u00f1alo uno de los profesores de dicho establecimiento educacional.<\/p>\n","protected":false},"excerpt":{"rendered":"Durante este mes, alumnos de establecimientos educacionales de Rengo participaron en charlas preventivas contra el Bullying, dictadas por&hellip;\n","protected":false},"author":2,"featured_media":5494,"comment_status":"open","ping_status":"open","sticky":false,"template":"","format":"standard","meta":{"_monsterinsights_skip_tracking":false,"_monsterinsights_sitenote_active":false,"_monsterinsights_sitenote_note":"","_monsterinsights_sitenote_category":0,"footnotes":""},"categories":[5,8],"tags":[],"class_list":{"0":"post-5493","1":"post","2":"type-post","3":"status-publish","4":"format-standard","5":"has-post-thumbnail","7":"category-policial","8":"category-portada"},"aioseo_notices":[],"_links":{"self":[{"href":"https:\/\/www.rengoenlanoticia.cl\/prensa\/wp-json\/wp\/v2\/posts\/5493","targetHints":{"allow":["GET"]}}],"collection":[{"href":"https:\/\/www.rengoenlanoticia.cl\/prensa\/wp-json\/wp\/v2\/posts"}],"about":[{"href":"https:\/\/www.rengoenlanoticia.cl\/prensa\/wp-json\/wp\/v2\/types\/post"}],"author":[{"embeddable":true,"href":"https:\/\/www.rengoenlanoticia.cl\/prensa\/wp-json\/wp\/v2\/users\/2"}],"replies":[{"embeddable":true,"href":"https:\/\/www.rengoenlanoticia.cl\/prensa\/wp-json\/wp\/v2\/comments?post=5493"}],"version-history":[{"count":5,"href":"https:\/\/www.rengoenlanoticia.cl\/prensa\/wp-json\/wp\/v2\/posts\/5493\/revisions"}],"predecessor-version":[{"id":5500,"href":"https:\/\/www.rengoenlanoticia.cl\/prensa\/wp-json\/wp\/v2\/posts\/5493\/revisions\/5500"}],"wp:featuredmedia":[{"embeddable":true,"href":"https:\/\/www.rengoenlanoticia.cl\/prensa\/wp-json\/wp\/v2\/media\/5494"}],"wp:attachment":[{"href":"https:\/\/www.rengoenlanoticia.cl\/prensa\/wp-json\/wp\/v2\/media?parent=5493"}],"wp:term":[{"taxonomy":"category","embeddable":true,"href":"https:\/\/www.rengoenlanoticia.cl\/prensa\/wp-json\/wp\/v2\/categories?post=5493"},{"taxonomy":"post_tag","embeddable":true,"href":"https:\/\/www.rengoenlanoticia.cl\/prensa\/wp-json\/wp\/v2\/tags?post=5493"}],"curies":[{"name":"wp","href":"https:\/\/api.w.org\/{rel}","templated":true}]}}