{"id":5475,"date":"2025-08-26T01:36:09","date_gmt":"2025-08-26T01:36:09","guid":{"rendered":"https:\/\/www.rengoenlanoticia.cl\/prensa\/?p=5475"},"modified":"2025-08-26T01:36:11","modified_gmt":"2025-08-26T01:36:11","slug":"diputado-raul-soto-concreta-denuncia-masiva-ante-sec-por-alzas-abusivas-en-las-cuentas-de-la-luz","status":"publish","type":"post","link":"https:\/\/www.rengoenlanoticia.cl\/prensa\/2025\/08\/26\/diputado-raul-soto-concreta-denuncia-masiva-ante-sec-por-alzas-abusivas-en-las-cuentas-de-la-luz\/","title":{"rendered":"Diputado Ra\u00fal Soto concreta denuncia masiva ante SEC por alzas abusivas en las cuentas de la luz"},"content":{"rendered":"\n<p><em>Se reportan m\u00e1s de siete mil denuncias en O&#8217;Higgins.<\/em><\/p>\n\n\n\n<p>El diputado Ra\u00fal Soto, se reuni\u00f3 con la Superintendenta de Electricidad y Combustibles (SEC), Marta Cabeza,<strong>&nbsp;para escalar la fiscalizaci\u00f3n iniciada el lunes en la SEC regional,<\/strong>&nbsp;a los procesos de facturaci\u00f3n de la empresa CGE por alzas irregulares en las cuentas de la luz.<\/p>\n\n\n\n<p>El diputado por el distrito 15 explic\u00f3 que hoy \u00abhemos formalizado esta denuncia colectiva masiva de clientes de la Regi\u00f3n de O\u2019Higgins en contra de la empresa CGE que est\u00e1 cometiendo un abuso descarado, un robo a mano armada, a familias vulnerables y de sectores medios de la regi\u00f3n\u00bb.<\/p>\n\n\n\n<p>Soto tambi\u00e9n explicit\u00f3 que, seg\u00fan la propia informaci\u00f3n otorgada por CGE,&nbsp;<strong>la empresa no hizo las mediciones correspondientes<\/strong>&nbsp;y realiz\u00f3 estimaciones que son absolutamente \u00abdesproporcionadas, excesivas y abusivas\u00bb.<\/p>\n\n\n\n<p>En el encuentro,<strong>&nbsp;la SEC inform\u00f3 que ya hay alrededor de seis mil reclamos por este motivo<\/strong>&nbsp;que los clientes han realizado directamente en la SEC, tanto por la p\u00e1gina web, como de forma presencial,&nbsp;<strong>a los que se suman mil casos m\u00e1s que recibi\u00f3 el diputado Ra\u00fal Soto&nbsp;<\/strong>en el correo que disponibiliz\u00f3 para ello y que hoy entrego oficialmente a la SEC.<\/p>\n\n\n\n<p>En la cita,&nbsp;<strong>se solicit\u00f3 no solo que se congelen los cobros<\/strong>, algo ya anunciado por la SEC el d\u00eda de ayer, sino tambi\u00e9n que<strong>&nbsp;se emita un nuevo instructivo para evitar posibles cortes de luz a las familias afectadas,<\/strong>&nbsp;algo que se realizar\u00e1 en todos aquellos casos en que se efect\u00faen los reclamos correspondientes.<\/p>\n\n\n\n<p>Por \u00faltimo, en el caso de las familias que realizaron el pago, pero el cobro no correspond\u00eda, CGE tendr\u00e1 la&nbsp;<strong>obligaci\u00f3n de devolver el dinero<\/strong>. \u00abAs\u00ed lo exigiremos\u00bb, se\u00f1al\u00f3 el diputado.<\/p>\n\n\n\n<p>En la cita tambi\u00e9n participaron los alcaldes de Machal\u00ed y Graneros, Juan Carlos Abud y Marcelo Mi\u00f1a\u00f1ir, adem\u00e1s del administrador municipal de Mostazal, Manuel Toro.<\/p>\n\n\n\n<p>FUENTE: https:\/\/eltipografo.cl\/<\/p>\n\n\n\n<p><\/p>\n","protected":false},"excerpt":{"rendered":"Se reportan m\u00e1s de siete mil denuncias en O&#8217;Higgins. El diputado Ra\u00fal Soto, se reuni\u00f3 con la Superintendenta&hellip;\n","protected":false},"author":1,"featured_media":5476,"comment_status":"open","ping_status":"open","sticky":false,"template":"","format":"standard","meta":{"_monsterinsights_skip_tracking":false,"_monsterinsights_sitenote_active":false,"_monsterinsights_sitenote_note":"","_monsterinsights_sitenote_category":0,"footnotes":""},"categories":[11,8],"tags":[],"class_list":{"0":"post-5475","1":"post","2":"type-post","3":"status-publish","4":"format-standard","5":"has-post-thumbnail","7":"category-politica","8":"category-portada"},"aioseo_notices":[],"_links":{"self":[{"href":"https:\/\/www.rengoenlanoticia.cl\/prensa\/wp-json\/wp\/v2\/posts\/5475","targetHints":{"allow":["GET"]}}],"collection":[{"href":"https:\/\/www.rengoenlanoticia.cl\/prensa\/wp-json\/wp\/v2\/posts"}],"about":[{"href":"https:\/\/www.rengoenlanoticia.cl\/prensa\/wp-json\/wp\/v2\/types\/post"}],"author":[{"embeddable":true,"href":"https:\/\/www.rengoenlanoticia.cl\/prensa\/wp-json\/wp\/v2\/users\/1"}],"replies":[{"embeddable":true,"href":"https:\/\/www.rengoenlanoticia.cl\/prensa\/wp-json\/wp\/v2\/comments?post=5475"}],"version-history":[{"count":3,"href":"https:\/\/www.rengoenlanoticia.cl\/prensa\/wp-json\/wp\/v2\/posts\/5475\/revisions"}],"predecessor-version":[{"id":5484,"href":"https:\/\/www.rengoenlanoticia.cl\/prensa\/wp-json\/wp\/v2\/posts\/5475\/revisions\/5484"}],"wp:featuredmedia":[{"embeddable":true,"href":"https:\/\/www.rengoenlanoticia.cl\/prensa\/wp-json\/wp\/v2\/media\/5476"}],"wp:attachment":[{"href":"https:\/\/www.rengoenlanoticia.cl\/prensa\/wp-json\/wp\/v2\/media?parent=5475"}],"wp:term":[{"taxonomy":"category","embeddable":true,"href":"https:\/\/www.rengoenlanoticia.cl\/prensa\/wp-json\/wp\/v2\/categories?post=5475"},{"taxonomy":"post_tag","embeddable":true,"href":"https:\/\/www.rengoenlanoticia.cl\/prensa\/wp-json\/wp\/v2\/tags?post=5475"}],"curies":[{"name":"wp","href":"https:\/\/api.w.org\/{rel}","templated":true}]}}