{"id":5463,"date":"2025-08-26T01:25:19","date_gmt":"2025-08-26T01:25:19","guid":{"rendered":"https:\/\/www.rengoenlanoticia.cl\/prensa\/?p=5463"},"modified":"2025-08-26T01:33:08","modified_gmt":"2025-08-26T01:33:08","slug":"hospital-de-graneros-logra-avances-concretos-en-lista-de-espera","status":"publish","type":"post","link":"https:\/\/www.rengoenlanoticia.cl\/prensa\/2025\/08\/26\/hospital-de-graneros-logra-avances-concretos-en-lista-de-espera\/","title":{"rendered":"Hospital de Graneros logra avances concretos en lista de espera"},"content":{"rendered":"\n<p>La instancia comenz\u00f3 el 28 de julio y ha permitido acelerar la resoluci\u00f3n de interconsultas y optimizar la gesti\u00f3n administrativa de los pacientes.<\/p>\n\n\n\n<p>Con el objetivo de fortalecer la gesti\u00f3n asistencial y agilizar la atenci\u00f3n a los usuarios, el Hospital de Graneros conform\u00f3 recientemente una mesa de trabajo permanente para el seguimiento de la lista de espera y Garant\u00edas Expl\u00edcitas en Salud (GES).<\/p>\n\n\n\n<p>La iniciativa, liderada por el director del recinto, junto a la subdirectora m\u00e9dica, ya muestra resultados positivos con el cierre y resoluci\u00f3n de diversas interconsultas, lo que significa una atenci\u00f3n m\u00e1s oportuna para la comunidad.<\/p>\n\n\n\n<figure class=\"wp-block-image size-full\"><img loading=\"lazy\" decoding=\"async\" width=\"579\" height=\"597\" src=\"https:\/\/www.rengoenlanoticia.cl\/prensa\/wp-content\/uploads\/2025\/08\/WhatsApp-Image-2025-08-18-at-12.12.07.jpeg\" alt=\"\" class=\"wp-image-5329\" srcset=\"https:\/\/www.rengoenlanoticia.cl\/prensa\/wp-content\/uploads\/2025\/08\/WhatsApp-Image-2025-08-18-at-12.12.07.jpeg 579w, https:\/\/www.rengoenlanoticia.cl\/prensa\/wp-content\/uploads\/2025\/08\/WhatsApp-Image-2025-08-18-at-12.12.07-291x300.jpeg 291w, https:\/\/www.rengoenlanoticia.cl\/prensa\/wp-content\/uploads\/2025\/08\/WhatsApp-Image-2025-08-18-at-12.12.07-110x113.jpeg 110w, https:\/\/www.rengoenlanoticia.cl\/prensa\/wp-content\/uploads\/2025\/08\/WhatsApp-Image-2025-08-18-at-12.12.07-200x206.jpeg 200w, https:\/\/www.rengoenlanoticia.cl\/prensa\/wp-content\/uploads\/2025\/08\/WhatsApp-Image-2025-08-18-at-12.12.07-380x392.jpeg 380w, https:\/\/www.rengoenlanoticia.cl\/prensa\/wp-content\/uploads\/2025\/08\/WhatsApp-Image-2025-08-18-at-12.12.07-255x263.jpeg 255w, https:\/\/www.rengoenlanoticia.cl\/prensa\/wp-content\/uploads\/2025\/08\/WhatsApp-Image-2025-08-18-at-12.12.07-300x309.jpeg 300w, https:\/\/www.rengoenlanoticia.cl\/prensa\/wp-content\/uploads\/2025\/08\/WhatsApp-Image-2025-08-18-at-12.12.07-550x567.jpeg 550w\" sizes=\"auto, (max-width: 579px) 100vw, 579px\" \/><\/figure>\n\n\n\n<p>\u201cEl trabajo en equipo ha sido clave para avanzar en esta materia. Esta mesa nos permite revisar casos pendientes, coordinar con otros establecimientos y dar una respuesta m\u00e1s r\u00e1pida y efectiva a nuestros pacientes\u201d, se\u00f1al\u00f3 el director del Hospital de Graneros, Dr. Mauricio Aedo.<\/p>\n\n\n\n<p>Agreg\u00f3 Aedo que \u201cesta mesa de trabajo re\u00fane a profesionales de distintas \u00e1reas del hospital, quienes de manera sistem\u00e1tica analizan los casos, definen prioridades y coordinan las derivaciones necesarias. Con ello, buscamos no solo disminuir los tiempos de espera, sino tambi\u00e9n aumentar la satisfacci\u00f3n usuaria y fortalecer la confianza de la comunidad en el hospital comunitario\u201d.<\/p>\n\n\n\n<p>La citada mesa est\u00e1 integrada por la jefatura de la Unidad de Informaci\u00f3n para la Gesti\u00f3n, referentes de registro GES, jefatura dental, referente de im\u00e1genes diagn\u00f3sticas, jefatura m\u00e9dica de GES, Contralor de interconsultas m\u00e9dico\/dental\/matrones, jefatura de SOME y Subdirecci\u00f3n M\u00e9dica.<\/p>\n\n\n\n<figure class=\"wp-block-image size-full\"><img loading=\"lazy\" decoding=\"async\" width=\"892\" height=\"884\" src=\"https:\/\/www.rengoenlanoticia.cl\/prensa\/wp-content\/uploads\/2025\/08\/WhatsApp-Image-2025-08-25-at-13.09.41.jpeg\" alt=\"\" class=\"wp-image-5472\" srcset=\"https:\/\/www.rengoenlanoticia.cl\/prensa\/wp-content\/uploads\/2025\/08\/WhatsApp-Image-2025-08-25-at-13.09.41.jpeg 892w, https:\/\/www.rengoenlanoticia.cl\/prensa\/wp-content\/uploads\/2025\/08\/WhatsApp-Image-2025-08-25-at-13.09.41-300x297.jpeg 300w, https:\/\/www.rengoenlanoticia.cl\/prensa\/wp-content\/uploads\/2025\/08\/WhatsApp-Image-2025-08-25-at-13.09.41-150x150.jpeg 150w, https:\/\/www.rengoenlanoticia.cl\/prensa\/wp-content\/uploads\/2025\/08\/WhatsApp-Image-2025-08-25-at-13.09.41-768x761.jpeg 768w, https:\/\/www.rengoenlanoticia.cl\/prensa\/wp-content\/uploads\/2025\/08\/WhatsApp-Image-2025-08-25-at-13.09.41-80x80.jpeg 80w, https:\/\/www.rengoenlanoticia.cl\/prensa\/wp-content\/uploads\/2025\/08\/WhatsApp-Image-2025-08-25-at-13.09.41-110x110.jpeg 110w, https:\/\/www.rengoenlanoticia.cl\/prensa\/wp-content\/uploads\/2025\/08\/WhatsApp-Image-2025-08-25-at-13.09.41-200x198.jpeg 200w, https:\/\/www.rengoenlanoticia.cl\/prensa\/wp-content\/uploads\/2025\/08\/WhatsApp-Image-2025-08-25-at-13.09.41-380x377.jpeg 380w, https:\/\/www.rengoenlanoticia.cl\/prensa\/wp-content\/uploads\/2025\/08\/WhatsApp-Image-2025-08-25-at-13.09.41-255x253.jpeg 255w, https:\/\/www.rengoenlanoticia.cl\/prensa\/wp-content\/uploads\/2025\/08\/WhatsApp-Image-2025-08-25-at-13.09.41-550x545.jpeg 550w, https:\/\/www.rengoenlanoticia.cl\/prensa\/wp-content\/uploads\/2025\/08\/WhatsApp-Image-2025-08-25-at-13.09.41-800x793.jpeg 800w\" sizes=\"auto, (max-width: 892px) 100vw, 892px\" \/><\/figure>\n\n\n\n<p>Por su parte, la subdirectora m\u00e9dica, Dra. Fernanda Anich, destac\u00f3 que este esfuerzo se enmarca en el compromiso institucional de mejorar los tiempos de respuesta: \u201cEstamos poniendo especial \u00e9nfasis en garantizar que nuestros usuarios reciban la atenci\u00f3n que necesitan dentro de los plazos establecidos. El avance que ya vemos en interconsultas resueltas nos motiva a seguir reforzando esta estrategia\u201d.<\/p>\n\n\n\n<p>De manera semanal, el equipo se re\u00fane para revisar el estado de la lista de espera del hospital, instancia que comenz\u00f3 el pasado 28 de julio. \u201cEn estas sesiones se prioriza la resoluci\u00f3n cronol\u00f3gica de los casos, dando especial atenci\u00f3n a los pacientes que llevan m\u00e1s tiempo esperando. <strong>Estamos abordando la lista desde una mirada integral, que incluye tanto la resoluci\u00f3n cl\u00ednica como la depuraci\u00f3n administrativa. Esto nos permite dar respuestas concretas a nuestros pacientes y cumplir con el compromiso de brindar una atenci\u00f3n oportuna y de calidad. Nuestro desaf\u00edo es mantener este ritmo de trabajo y seguir fortaleciendo la coordinaci\u00f3n con todos los equipos involucrados\u201d<\/strong><strong>,<\/strong> indic\u00f3 la profesional.<\/p>\n\n\n\n<p>A\u00f1adi\u00f3 que \u201crevisamos una gran cantidad de listas de espera, las m\u00e1s antiguas eran del 2018 y en total ten\u00edamos 2.594 interconsultas pendientes. A la fecha, ya hemos reducido en un 25% la lista de espera del hospital, logrando cerrar casi en su totalidad el a\u00f1o 2018 y 2019 y en su totalidad el a\u00f1o 2020. Los progresos se han visto de manera significativa en el cierre de interconsultas de mamograf\u00eda y ecograf\u00eda mamaria\u201d.<\/p>\n\n\n\n<p><\/p>\n","protected":false},"excerpt":{"rendered":"La instancia comenz\u00f3 el 28 de julio y ha permitido acelerar la resoluci\u00f3n de interconsultas y optimizar la&hellip;\n","protected":false},"author":1,"featured_media":5471,"comment_status":"open","ping_status":"open","sticky":false,"template":"","format":"standard","meta":{"_monsterinsights_skip_tracking":false,"_monsterinsights_sitenote_active":false,"_monsterinsights_sitenote_note":"","_monsterinsights_sitenote_category":0,"footnotes":""},"categories":[8],"tags":[],"class_list":{"0":"post-5463","1":"post","2":"type-post","3":"status-publish","4":"format-standard","5":"has-post-thumbnail","7":"category-portada"},"aioseo_notices":[],"_links":{"self":[{"href":"https:\/\/www.rengoenlanoticia.cl\/prensa\/wp-json\/wp\/v2\/posts\/5463","targetHints":{"allow":["GET"]}}],"collection":[{"href":"https:\/\/www.rengoenlanoticia.cl\/prensa\/wp-json\/wp\/v2\/posts"}],"about":[{"href":"https:\/\/www.rengoenlanoticia.cl\/prensa\/wp-json\/wp\/v2\/types\/post"}],"author":[{"embeddable":true,"href":"https:\/\/www.rengoenlanoticia.cl\/prensa\/wp-json\/wp\/v2\/users\/1"}],"replies":[{"embeddable":true,"href":"https:\/\/www.rengoenlanoticia.cl\/prensa\/wp-json\/wp\/v2\/comments?post=5463"}],"version-history":[{"count":3,"href":"https:\/\/www.rengoenlanoticia.cl\/prensa\/wp-json\/wp\/v2\/posts\/5463\/revisions"}],"predecessor-version":[{"id":5482,"href":"https:\/\/www.rengoenlanoticia.cl\/prensa\/wp-json\/wp\/v2\/posts\/5463\/revisions\/5482"}],"wp:featuredmedia":[{"embeddable":true,"href":"https:\/\/www.rengoenlanoticia.cl\/prensa\/wp-json\/wp\/v2\/media\/5471"}],"wp:attachment":[{"href":"https:\/\/www.rengoenlanoticia.cl\/prensa\/wp-json\/wp\/v2\/media?parent=5463"}],"wp:term":[{"taxonomy":"category","embeddable":true,"href":"https:\/\/www.rengoenlanoticia.cl\/prensa\/wp-json\/wp\/v2\/categories?post=5463"},{"taxonomy":"post_tag","embeddable":true,"href":"https:\/\/www.rengoenlanoticia.cl\/prensa\/wp-json\/wp\/v2\/tags?post=5463"}],"curies":[{"name":"wp","href":"https:\/\/api.w.org\/{rel}","templated":true}]}}