{"id":5462,"date":"2025-08-26T01:18:48","date_gmt":"2025-08-26T01:18:48","guid":{"rendered":"https:\/\/www.rengoenlanoticia.cl\/prensa\/?p=5462"},"modified":"2025-08-26T01:30:24","modified_gmt":"2025-08-26T01:30:24","slug":"durante-fiscalizacion-vehicular-carabineros-detiene-a-dos-individuos-que-portaban-armas-de-fuego-y-droga","status":"publish","type":"post","link":"https:\/\/www.rengoenlanoticia.cl\/prensa\/2025\/08\/26\/durante-fiscalizacion-vehicular-carabineros-detiene-a-dos-individuos-que-portaban-armas-de-fuego-y-droga\/","title":{"rendered":"Durante fiscalizaci\u00f3n vehicular Carabineros detiene a dos individuos que portaban armas de fuego y droga"},"content":{"rendered":"\n<p>En horas de la madrugada, alrededor de las 5:30 a.m., mientras efectuaban labores preventivas en la jurisdicci\u00f3n de la 1\u00b0 Comisar\u00eda de Rancagua, Carabineros sorprendi\u00f3 a un veh\u00edculo tipo station wagon, que no respet\u00f3 una luz roja en la intersecci\u00f3n de calle Membrillar. Ante esta situaci\u00f3n, se procedi\u00f3 a fiscalizar el veh\u00edculo y sus ocupantes.<br>Al detener la marcha del m\u00f3vil, descendieron tres individuos, de los cuales dos fueron reducidos en el lugar, mientras que un tercero logr\u00f3 darse a la fuga. Durante la revisi\u00f3n, se recuperaron diversas especies, entre ellas una pistola marca Taurus, modelo G3, calibre 9 mm, la cual manten\u00eda encargo vigente por hurto en el Ret\u00e9n La Punta; adem\u00e1s de 11 cartuchos calibre 9 mm Luger y m\u00e1s de 70 envoltorios con sustancias il\u00edcitas, distribuidos en 32 de color blanco y 32 de color rosado.<br>Los detenidos fueron identificados como E.E.V.L., de 20 a\u00f1os, chileno, sin antecedentes policiales, y J.A.L.M., de 19 a\u00f1os, tambi\u00e9n chileno, igualmente sin antecedentes. Ambos pasan a control de detenci\u00f3n por instrucci\u00f3n del Ministerio P\u00fablico.<\/p>\n\n\n\n<figure class=\"wp-block-image size-large\"><img loading=\"lazy\" decoding=\"async\" width=\"1024\" height=\"650\" src=\"https:\/\/www.rengoenlanoticia.cl\/prensa\/wp-content\/uploads\/2025\/08\/WhatsApp-Image-2025-08-25-at-14.40.01-1024x650.jpeg\" alt=\"\" class=\"wp-image-5468\" srcset=\"https:\/\/www.rengoenlanoticia.cl\/prensa\/wp-content\/uploads\/2025\/08\/WhatsApp-Image-2025-08-25-at-14.40.01-1024x650.jpeg 1024w, https:\/\/www.rengoenlanoticia.cl\/prensa\/wp-content\/uploads\/2025\/08\/WhatsApp-Image-2025-08-25-at-14.40.01-300x191.jpeg 300w, https:\/\/www.rengoenlanoticia.cl\/prensa\/wp-content\/uploads\/2025\/08\/WhatsApp-Image-2025-08-25-at-14.40.01-768x488.jpeg 768w, https:\/\/www.rengoenlanoticia.cl\/prensa\/wp-content\/uploads\/2025\/08\/WhatsApp-Image-2025-08-25-at-14.40.01-110x70.jpeg 110w, https:\/\/www.rengoenlanoticia.cl\/prensa\/wp-content\/uploads\/2025\/08\/WhatsApp-Image-2025-08-25-at-14.40.01-200x127.jpeg 200w, https:\/\/www.rengoenlanoticia.cl\/prensa\/wp-content\/uploads\/2025\/08\/WhatsApp-Image-2025-08-25-at-14.40.01-380x241.jpeg 380w, https:\/\/www.rengoenlanoticia.cl\/prensa\/wp-content\/uploads\/2025\/08\/WhatsApp-Image-2025-08-25-at-14.40.01-255x162.jpeg 255w, https:\/\/www.rengoenlanoticia.cl\/prensa\/wp-content\/uploads\/2025\/08\/WhatsApp-Image-2025-08-25-at-14.40.01-550x349.jpeg 550w, https:\/\/www.rengoenlanoticia.cl\/prensa\/wp-content\/uploads\/2025\/08\/WhatsApp-Image-2025-08-25-at-14.40.01-800x508.jpeg 800w, https:\/\/www.rengoenlanoticia.cl\/prensa\/wp-content\/uploads\/2025\/08\/WhatsApp-Image-2025-08-25-at-14.40.01-1160x737.jpeg 1160w, https:\/\/www.rengoenlanoticia.cl\/prensa\/wp-content\/uploads\/2025\/08\/WhatsApp-Image-2025-08-25-at-14.40.01.jpeg 1280w\" sizes=\"auto, (max-width: 1024px) 100vw, 1024px\" \/><\/figure>\n","protected":false},"excerpt":{"rendered":"En horas de la madrugada, alrededor de las 5:30 a.m., mientras efectuaban labores preventivas en la jurisdicci\u00f3n de&hellip;\n","protected":false},"author":1,"featured_media":5467,"comment_status":"open","ping_status":"open","sticky":false,"template":"","format":"standard","meta":{"_monsterinsights_skip_tracking":false,"_monsterinsights_sitenote_active":false,"_monsterinsights_sitenote_note":"","_monsterinsights_sitenote_category":0,"footnotes":""},"categories":[11,8],"tags":[],"class_list":{"0":"post-5462","1":"post","2":"type-post","3":"status-publish","4":"format-standard","5":"has-post-thumbnail","7":"category-politica","8":"category-portada"},"aioseo_notices":[],"_links":{"self":[{"href":"https:\/\/www.rengoenlanoticia.cl\/prensa\/wp-json\/wp\/v2\/posts\/5462","targetHints":{"allow":["GET"]}}],"collection":[{"href":"https:\/\/www.rengoenlanoticia.cl\/prensa\/wp-json\/wp\/v2\/posts"}],"about":[{"href":"https:\/\/www.rengoenlanoticia.cl\/prensa\/wp-json\/wp\/v2\/types\/post"}],"author":[{"embeddable":true,"href":"https:\/\/www.rengoenlanoticia.cl\/prensa\/wp-json\/wp\/v2\/users\/1"}],"replies":[{"embeddable":true,"href":"https:\/\/www.rengoenlanoticia.cl\/prensa\/wp-json\/wp\/v2\/comments?post=5462"}],"version-history":[{"count":3,"href":"https:\/\/www.rengoenlanoticia.cl\/prensa\/wp-json\/wp\/v2\/posts\/5462\/revisions"}],"predecessor-version":[{"id":5479,"href":"https:\/\/www.rengoenlanoticia.cl\/prensa\/wp-json\/wp\/v2\/posts\/5462\/revisions\/5479"}],"wp:featuredmedia":[{"embeddable":true,"href":"https:\/\/www.rengoenlanoticia.cl\/prensa\/wp-json\/wp\/v2\/media\/5467"}],"wp:attachment":[{"href":"https:\/\/www.rengoenlanoticia.cl\/prensa\/wp-json\/wp\/v2\/media?parent=5462"}],"wp:term":[{"taxonomy":"category","embeddable":true,"href":"https:\/\/www.rengoenlanoticia.cl\/prensa\/wp-json\/wp\/v2\/categories?post=5462"},{"taxonomy":"post_tag","embeddable":true,"href":"https:\/\/www.rengoenlanoticia.cl\/prensa\/wp-json\/wp\/v2\/tags?post=5462"}],"curies":[{"name":"wp","href":"https:\/\/api.w.org\/{rel}","templated":true}]}}