{"id":5440,"date":"2025-08-22T22:13:26","date_gmt":"2025-08-22T22:13:26","guid":{"rendered":"https:\/\/www.rengoenlanoticia.cl\/prensa\/?p=5440"},"modified":"2025-08-22T22:13:23","modified_gmt":"2025-08-22T22:13:23","slug":"diputada-marta-gonzalez-anuncia-reeleccion-como-independiente-en-cupo-frvs","status":"publish","type":"post","link":"https:\/\/www.rengoenlanoticia.cl\/prensa\/2025\/08\/22\/diputada-marta-gonzalez-anuncia-reeleccion-como-independiente-en-cupo-frvs\/","title":{"rendered":"Diputada Marta Gonz\u00e1lez anuncia reelecci\u00f3n como independiente en cupo FRVS"},"content":{"rendered":"\n<p>A ra\u00edz de nuestra decisi\u00f3n de ir a la reelecci\u00f3n en un cupo de la Federaci\u00f3n Regionalista Verde Social (FRVS), quiero aclarar lo siguiente:<\/p>\n\n\n\n<p>La Directiva Nacional del PPD nos indic\u00f3, en reuni\u00f3n con la bancada, que se mantendr\u00edan los cupos y se priorizar\u00edan las candidaturas en ejercicio. Sin embargo, la Directiva Regional de O\u2019Higgins del mismo partido propuso otro nombre para el cupo en el distrito.<\/p>\n\n\n\n<p>Pese a esta diferencia, se nos inform\u00f3 que deb\u00eda realizarse un ajuste por paridad, pero no recibimos respuesta formal hasta el lunes 18 \u2014a pocas horas de que venciera el plazo legal para inscribir candidaturas\u2014, momento en el que se nos comunic\u00f3 la decisi\u00f3n definitiva de no incluirnos en la lista.<\/p>\n\n\n\n<p>Lamento que esta decisi\u00f3n se nos haya comunicado el \u00faltimo d\u00eda de inscripciones y que, una vez m\u00e1s, la paridad se reduzca a un n\u00famero por cumplir, sin reconocer ni fortalecer los liderazgos que ya est\u00e1n en ejercicio.<\/p>\n\n\n\n<p>Agradezco a la Federaci\u00f3n Regionalista Verde Social por brindarnos un cupo y permitirme repostular como diputada independiente.<\/p>\n\n\n\n<p>Seguiremos trabajando con convicci\u00f3n por las transformaciones que Chile necesita y por las demandas de nuestra Regi\u00f3n de O\u2019Higgins.<\/p>\n\n\n\n<p>Siempre al servicio de nuestra gente,<\/p>\n\n\n\n<p>Diputada Marta Gonz\u00e1lez Olea<\/p>\n","protected":false},"excerpt":{"rendered":"A ra\u00edz de nuestra decisi\u00f3n de ir a la reelecci\u00f3n en un cupo de la Federaci\u00f3n Regionalista Verde&hellip;\n","protected":false},"author":1,"featured_media":5445,"comment_status":"open","ping_status":"open","sticky":false,"template":"","format":"standard","meta":{"_monsterinsights_skip_tracking":false,"_monsterinsights_sitenote_active":false,"_monsterinsights_sitenote_note":"","_monsterinsights_sitenote_category":0,"footnotes":""},"categories":[11,8],"tags":[],"class_list":{"0":"post-5440","1":"post","2":"type-post","3":"status-publish","4":"format-standard","5":"has-post-thumbnail","7":"category-politica","8":"category-portada"},"aioseo_notices":[],"_links":{"self":[{"href":"https:\/\/www.rengoenlanoticia.cl\/prensa\/wp-json\/wp\/v2\/posts\/5440","targetHints":{"allow":["GET"]}}],"collection":[{"href":"https:\/\/www.rengoenlanoticia.cl\/prensa\/wp-json\/wp\/v2\/posts"}],"about":[{"href":"https:\/\/www.rengoenlanoticia.cl\/prensa\/wp-json\/wp\/v2\/types\/post"}],"author":[{"embeddable":true,"href":"https:\/\/www.rengoenlanoticia.cl\/prensa\/wp-json\/wp\/v2\/users\/1"}],"replies":[{"embeddable":true,"href":"https:\/\/www.rengoenlanoticia.cl\/prensa\/wp-json\/wp\/v2\/comments?post=5440"}],"version-history":[{"count":3,"href":"https:\/\/www.rengoenlanoticia.cl\/prensa\/wp-json\/wp\/v2\/posts\/5440\/revisions"}],"predecessor-version":[{"id":5448,"href":"https:\/\/www.rengoenlanoticia.cl\/prensa\/wp-json\/wp\/v2\/posts\/5440\/revisions\/5448"}],"wp:featuredmedia":[{"embeddable":true,"href":"https:\/\/www.rengoenlanoticia.cl\/prensa\/wp-json\/wp\/v2\/media\/5445"}],"wp:attachment":[{"href":"https:\/\/www.rengoenlanoticia.cl\/prensa\/wp-json\/wp\/v2\/media?parent=5440"}],"wp:term":[{"taxonomy":"category","embeddable":true,"href":"https:\/\/www.rengoenlanoticia.cl\/prensa\/wp-json\/wp\/v2\/categories?post=5440"},{"taxonomy":"post_tag","embeddable":true,"href":"https:\/\/www.rengoenlanoticia.cl\/prensa\/wp-json\/wp\/v2\/tags?post=5440"}],"curies":[{"name":"wp","href":"https:\/\/api.w.org\/{rel}","templated":true}]}}