{"id":5438,"date":"2025-08-22T22:10:20","date_gmt":"2025-08-22T22:10:20","guid":{"rendered":"https:\/\/www.rengoenlanoticia.cl\/prensa\/?p=5438"},"modified":"2025-08-22T22:10:23","modified_gmt":"2025-08-22T22:10:23","slug":"diputada-natalia-romero-destaca-propuesta-de-matthei-que-busca-otorgar-un-aporte-de-200-mil-para-las-mujeres-que-consigan-un-trabajo-formal","status":"publish","type":"post","link":"https:\/\/www.rengoenlanoticia.cl\/prensa\/2025\/08\/22\/diputada-natalia-romero-destaca-propuesta-de-matthei-que-busca-otorgar-un-aporte-de-200-mil-para-las-mujeres-que-consigan-un-trabajo-formal\/","title":{"rendered":"Diputada Natalia Romero destaca propuesta de Matthei que busca otorgar un aporte de $200 mil para las mujeres que consigan un trabajo formal"},"content":{"rendered":"\n<p><em>La representante de O\u2019Higgins respald\u00f3 la iniciativa que present\u00f3 esta semana la candidata presidencial de Chile Vamos, en la que se comprometi\u00f3 a entregar dicho subsidio por un per\u00edodo de seis meses, como una manera de enfrentar la grave crisis laboral que vive el pa\u00eds.<\/em><\/p>\n\n\n\n<p>En el marco de la inscripci\u00f3n de las candidaturas presidenciales de cara a la elecci\u00f3n del pr\u00f3ximo 16 de noviembre, la diputada por la Regi\u00f3n de O\u2019Higgins y candidata a la reelecci\u00f3n, Natalia Romero (Ind. UDI), respald\u00f3 una propuesta que la aspirante de Chile Vamos, Evelyn Matthei, incluy\u00f3 en sus bases program\u00e1ticas, que consiste en la entrega de un importante subsidio de $200 mil pesos -similar al IFE Laboral que exist\u00eda en la pandemia- para las mujeres que consigan un trabajo formal en el pa\u00eds.<\/p>\n\n\n\n<p>Al respecto, la parlamentaria se refiri\u00f3 a una de las medidas que la candidata presidencial propuso en respuesta a la grave crisis econ\u00f3mica y laboral que enfrenta Chile, donde plante\u00f3 que se entregar\u00e1 dicho aporte econ\u00f3mico por un per\u00edodo de seis meses, para as\u00ed \u201cincentivar\u201d la incorporaci\u00f3n de las mujeres al mercado laboral, sobre todo luego que el Instituto Nacional de Estad\u00edsticas (INE) inform\u00f3 que el desempleo femenino en el trimestre m\u00f3vil abril-junio 2025 subi\u00f3 un 0,9%, llegando a 9,9%.<\/p>\n\n\n\n<p>En ese sentido, junto con valorar la iniciativa, la diputada Natalia Romero record\u00f3 el enorme impacto que tuvo el Ingreso Familiar de Emergencia (IFE) Laboral que cre\u00f3 el ex Presidente Sebasti\u00e1n Pi\u00f1era, como una forma de recuperar los trabajos formales que se perdieron en Chile durante la pandemia, al entregar justamente un bono econ\u00f3mico adicional que permiti\u00f3 mejorar el ingreso de las mujeres.<\/p>\n\n\n\n<p>\u201cEs muy importante que dentro de las medidas econ\u00f3micas que est\u00e1 proponiendo nuestra candidata Evelyn Matthei, exista una especial preocupaci\u00f3n por las miles de mujeres de nuestro pa\u00eds que est\u00e1n sufriendo en carne propia la emergencia laboral que vivimos. Las cifras de desempleo est\u00e1n llegando a registros hist\u00f3ricos que no se ve\u00edan desde la crisis sanitaria de 2020, por lo tanto es fundamental que la futura administraci\u00f3n se ocupe especialmente de ellas, que por diversas razones suelen tener m\u00e1s dificultades al momento de conseguir un empleo formal\u201d, se\u00f1al\u00f3 la representante de O\u2019Higgins.<\/p>\n\n\n\n<p>En esa l\u00ednea, Romero asegur\u00f3 que \u201ccon el actual desempleo que tenemos en el pa\u00eds, as\u00ed como las preocupantes cifras de informalidad laboral, estoy convencida de que los incentivos econ\u00f3micos como el que propone Matthei, son el camino correcto para que las miles de mujeres que hoy est\u00e1n buscando oportunidades de trabajo puedan conseguir uno y as\u00ed se incorporarse al mundo laboral\u201d.<\/p>\n\n\n\n<p>Pero adem\u00e1s, la diputada y candidata a la reelecci\u00f3n por el Distrito 15 tambi\u00e9n destac\u00f3 el anuncio de la aspirante presidencial de Chile Vamos, en torno a destrabar el proyecto de sala cuna universal, que&nbsp;permitir\u00e1&nbsp;incluso&nbsp;a&nbsp;lastrabajadoras&nbsp;independientes&nbsp;recibir&nbsp;un&nbsp;aporte&nbsp;para&nbsp;el&nbsp;cuidado&nbsp;de&nbsp;sus&nbsp;hijos.<\/p>\n\n\n\n<p>En el detalle, la legisladora de O\u2019Higgins valor\u00f3 la medida incluida en las bases program\u00e1ticas, donde se mencion\u00f3 que \u201cavanzaremos hacia una verdadera sala cuna universal para aumentar el monto del beneficio, permitir su uso en establecimientos con y sin fines de lucro e incluir gradualmente a los padres en el beneficio\u201d, fijando tambi\u00e9n que \u201centregaremos un subsidio monetario, en la l\u00f3gica del Subsidio Protege, para que sea la mujer quien decida d\u00f3nde cuidar a su hijo mientras trabaja\u201d.<\/p>\n\n\n\n<p>\u201cEl proyecto de sala cuna universal es una de las grandes deudas que nuestro pa\u00eds tiene con todas las madres trabajadoras, por lo que es muy importante que exista un compromiso claro de nuestra candidata por sacar adelante esta importante iniciativa\u201d, destac\u00f3 nuevamente la diputada Romero.<\/p>\n\n\n\n<p>_________<\/p>\n","protected":false},"excerpt":{"rendered":"La representante de O\u2019Higgins respald\u00f3 la iniciativa que present\u00f3 esta semana la candidata presidencial de Chile Vamos, en&hellip;\n","protected":false},"author":1,"featured_media":5441,"comment_status":"open","ping_status":"open","sticky":false,"template":"","format":"standard","meta":{"_monsterinsights_skip_tracking":false,"_monsterinsights_sitenote_active":false,"_monsterinsights_sitenote_note":"","_monsterinsights_sitenote_category":0,"footnotes":""},"categories":[11,8],"tags":[],"class_list":{"0":"post-5438","1":"post","2":"type-post","3":"status-publish","4":"format-standard","5":"has-post-thumbnail","7":"category-politica","8":"category-portada"},"aioseo_notices":[],"_links":{"self":[{"href":"https:\/\/www.rengoenlanoticia.cl\/prensa\/wp-json\/wp\/v2\/posts\/5438","targetHints":{"allow":["GET"]}}],"collection":[{"href":"https:\/\/www.rengoenlanoticia.cl\/prensa\/wp-json\/wp\/v2\/posts"}],"about":[{"href":"https:\/\/www.rengoenlanoticia.cl\/prensa\/wp-json\/wp\/v2\/types\/post"}],"author":[{"embeddable":true,"href":"https:\/\/www.rengoenlanoticia.cl\/prensa\/wp-json\/wp\/v2\/users\/1"}],"replies":[{"embeddable":true,"href":"https:\/\/www.rengoenlanoticia.cl\/prensa\/wp-json\/wp\/v2\/comments?post=5438"}],"version-history":[{"count":3,"href":"https:\/\/www.rengoenlanoticia.cl\/prensa\/wp-json\/wp\/v2\/posts\/5438\/revisions"}],"predecessor-version":[{"id":5444,"href":"https:\/\/www.rengoenlanoticia.cl\/prensa\/wp-json\/wp\/v2\/posts\/5438\/revisions\/5444"}],"wp:featuredmedia":[{"embeddable":true,"href":"https:\/\/www.rengoenlanoticia.cl\/prensa\/wp-json\/wp\/v2\/media\/5441"}],"wp:attachment":[{"href":"https:\/\/www.rengoenlanoticia.cl\/prensa\/wp-json\/wp\/v2\/media?parent=5438"}],"wp:term":[{"taxonomy":"category","embeddable":true,"href":"https:\/\/www.rengoenlanoticia.cl\/prensa\/wp-json\/wp\/v2\/categories?post=5438"},{"taxonomy":"post_tag","embeddable":true,"href":"https:\/\/www.rengoenlanoticia.cl\/prensa\/wp-json\/wp\/v2\/tags?post=5438"}],"curies":[{"name":"wp","href":"https:\/\/api.w.org\/{rel}","templated":true}]}}