{"id":5413,"date":"2025-08-22T02:43:59","date_gmt":"2025-08-22T02:43:59","guid":{"rendered":"https:\/\/www.rengoenlanoticia.cl\/prensa\/?p=5413"},"modified":"2025-08-22T02:44:30","modified_gmt":"2025-08-22T02:44:30","slug":"servicio-de-salud-ohiggins-llama-a-extremar-cuidados-ante-sistema-frontal-de-frio-y-precipitaciones","status":"publish","type":"post","link":"https:\/\/www.rengoenlanoticia.cl\/prensa\/2025\/08\/22\/servicio-de-salud-ohiggins-llama-a-extremar-cuidados-ante-sistema-frontal-de-frio-y-precipitaciones\/","title":{"rendered":"Servicio de Salud O\u2019Higgins llama a extremar cuidados ante sistema frontal de fr\u00edo y precipitaciones"},"content":{"rendered":"\n<p>\u2022&nbsp;&nbsp;&nbsp;&nbsp;&nbsp;&nbsp;&nbsp;&nbsp;&nbsp; Entre el 21 y 23 de agosto se esperan lluvias, vientos, heladas intensas y posibilidad de nieve en zonas urbanas y cordilleranas. El organismo sanitario recomienda resguardarse en los hogares y proteger a los grupos m\u00e1s vulnerables.<\/p>\n\n\n\n<p>El Servicio de Salud O\u2019Higgins (SSO), a trav\u00e9s de su Departamento de Gesti\u00f3n Hospitalaria, Riesgos y Emergencias, realiz\u00f3 un llamado a la comunidad a adoptar medidas de autocuidado frente al sistema frontal anunciado por la Direcci\u00f3n Meteorol\u00f3gica de Chile, que ingresar\u00e1 este jueves 21 de agosto y se extender\u00e1 hasta el s\u00e1bado 23.<\/p>\n\n\n\n<p>De acuerdo con el pron\u00f3stico, este fen\u00f3meno afectar\u00e1 a las regiones de Valpara\u00edso, Metropolitana, O\u2019Higgins y Maule, con precipitaciones normales a moderadas, vientos de intensidad normal a fuerte, heladas intensas, marejadas anormales y probabilidad de aguanieve o nieve en sectores cordilleranos.<\/p>\n\n\n\n<p>\u201cAnte la contingencia meteorol\u00f3gica que se nos aproxima, con un frente fr\u00edo en donde probablemente vamos a tener aguanieve en zonas urbanas y posteriormente temperaturas bajas que pudiesen afectar a la poblaci\u00f3n, nuestro llamado es a cuidarse, a proteger a las mascotas, a resguardarse y a mantenerse en los hogares, saliendo lo menos posible\u201d, se\u00f1al\u00f3 el profesional asesor del SSO, \u00c1lvaro Guzm\u00e1n Rojas.<\/p>\n\n\n\n<p>Asimismo, Guzm\u00e1n recalc\u00f3 que este sistema frontal ha sido descrito como r\u00e1pido y de aire muy fr\u00edo, con posibilidad de tormentas el\u00e9ctricas y heladas en valles y precordillera. En ese sentido, recomend\u00f3 conducir con precauci\u00f3n por riesgo de congelamiento en rutas cordilleranas, evitar acercarse a pasos fronterizos y centros de recreaci\u00f3n invernal que est\u00e9n cerrados, y ser responsables en el uso de la nieve. Adem\u00e1s, hizo hincapi\u00e9 en la importancia de mantener en buen estado los equipos de calefacci\u00f3n para prevenir accidentes.<\/p>\n\n\n\n<p>El especialista subray\u00f3 tambi\u00e9n la necesidad de proteger a los grupos m\u00e1s vulnerables frente al fr\u00edo extremo, como ni\u00f1os, adultos mayores y personas en situaci\u00f3n de calle. \u201cEl Servicio de Salud O\u2019Higgins se ha coordinado con toda la red asistencial para estar preparados y recibir a quienes requieran atenci\u00f3n de salud\u201d, indic\u00f3.<\/p>\n\n\n\n<p>Cabe recordar que un fr\u00edo extremo corresponde al descenso de la temperatura del aire por debajo de los 0\u00b0C, lo que, dependiendo de la humedad, el viento y la condici\u00f3n del terreno, puede generar hielo o escarcha, especialmente durante la madrugada o en horas de la ma\u00f1ana.<\/p>\n\n\n\n<p>\u201cComo Servicio de Salud O\u2019Higgins insistimos en la importancia de mantenerse informados por canales oficiales y no exponerse innecesariamente durante este sistema frontal, porque la prevenci\u00f3n es clave para proteger la salud y seguridad de toda la comunidad\u201d, concluy\u00f3 Guzm\u00e1n.<\/p>\n","protected":false},"excerpt":{"rendered":"\u2022&nbsp;&nbsp;&nbsp;&nbsp;&nbsp;&nbsp;&nbsp;&nbsp;&nbsp; Entre el 21 y 23 de agosto se esperan lluvias, vientos, heladas intensas y posibilidad de nieve&hellip;\n","protected":false},"author":1,"featured_media":5414,"comment_status":"open","ping_status":"open","sticky":false,"template":"","format":"standard","meta":{"_monsterinsights_skip_tracking":false,"_monsterinsights_sitenote_active":false,"_monsterinsights_sitenote_note":"","_monsterinsights_sitenote_category":0,"footnotes":""},"categories":[8],"tags":[],"class_list":{"0":"post-5413","1":"post","2":"type-post","3":"status-publish","4":"format-standard","5":"has-post-thumbnail","7":"category-portada"},"aioseo_notices":[],"_links":{"self":[{"href":"https:\/\/www.rengoenlanoticia.cl\/prensa\/wp-json\/wp\/v2\/posts\/5413","targetHints":{"allow":["GET"]}}],"collection":[{"href":"https:\/\/www.rengoenlanoticia.cl\/prensa\/wp-json\/wp\/v2\/posts"}],"about":[{"href":"https:\/\/www.rengoenlanoticia.cl\/prensa\/wp-json\/wp\/v2\/types\/post"}],"author":[{"embeddable":true,"href":"https:\/\/www.rengoenlanoticia.cl\/prensa\/wp-json\/wp\/v2\/users\/1"}],"replies":[{"embeddable":true,"href":"https:\/\/www.rengoenlanoticia.cl\/prensa\/wp-json\/wp\/v2\/comments?post=5413"}],"version-history":[{"count":2,"href":"https:\/\/www.rengoenlanoticia.cl\/prensa\/wp-json\/wp\/v2\/posts\/5413\/revisions"}],"predecessor-version":[{"id":5422,"href":"https:\/\/www.rengoenlanoticia.cl\/prensa\/wp-json\/wp\/v2\/posts\/5413\/revisions\/5422"}],"wp:featuredmedia":[{"embeddable":true,"href":"https:\/\/www.rengoenlanoticia.cl\/prensa\/wp-json\/wp\/v2\/media\/5414"}],"wp:attachment":[{"href":"https:\/\/www.rengoenlanoticia.cl\/prensa\/wp-json\/wp\/v2\/media?parent=5413"}],"wp:term":[{"taxonomy":"category","embeddable":true,"href":"https:\/\/www.rengoenlanoticia.cl\/prensa\/wp-json\/wp\/v2\/categories?post=5413"},{"taxonomy":"post_tag","embeddable":true,"href":"https:\/\/www.rengoenlanoticia.cl\/prensa\/wp-json\/wp\/v2\/tags?post=5413"}],"curies":[{"name":"wp","href":"https:\/\/api.w.org\/{rel}","templated":true}]}}