{"id":5386,"date":"2025-08-22T02:49:33","date_gmt":"2025-08-22T02:49:33","guid":{"rendered":"https:\/\/www.rengoenlanoticia.cl\/prensa\/?p=5386"},"modified":"2025-08-22T02:49:44","modified_gmt":"2025-08-22T02:49:44","slug":"queremos-mas-carabineros-y-mas-presencia-en-las-calles-alcalde-enrique-del-barrio-busca-reforzar-seguridad-en-rengo","status":"publish","type":"post","link":"https:\/\/www.rengoenlanoticia.cl\/prensa\/2025\/08\/22\/queremos-mas-carabineros-y-mas-presencia-en-las-calles-alcalde-enrique-del-barrio-busca-reforzar-seguridad-en-rengo\/","title":{"rendered":"\u00abQueremos m\u00e1s carabineros y m\u00e1s presencia en las calles\u00bb: Alcalde Enrique del Barrio busca reforzar seguridad en Rengo"},"content":{"rendered":"\n<p>El alcalde Enrique del Barrio est\u00e1 enfocado en mejorar la seguridad de los vecinos&nbsp; y vecinas de Rengo. En ese contexto, se reuni\u00f3 con el Jefe de Orden y Seguridad Nacional, el General Rodrigo Espinoza Olea, para explorar opciones que permitan reforzar la presencia policial en la comuna.<\/p>\n\n\n\n<p>Una de las alternativas propuestas por el alcalde Del Barrio es elevar la categor\u00eda de la Cuarta Comisar\u00eda de Carabineros, pasando de clase D a clase A. Este posible cambio podr\u00eda aumentar el n\u00famero de personal policial y mejorar los recursos t\u00e9cnicos.<\/p>\n\n\n\n<p>El alcalde Enrique del Barrio expres\u00f3 su compromiso con la comuna: \u00abEstamos trabajando desde el primer d\u00eda de nuestra administraci\u00f3n en mejorar la seguridad, estamos ejecutando operativos de desalojo en campamentos, levantamientos de rucos y diversas acciones en una labor colaborativa con las polic\u00edas. Y no solo eso, adem\u00e1s nuestro personal de seguridad p\u00fablica municipal efect\u00faa patrullajes preventivos con Carabineros en diversos puntos de la comuna\u201d.<\/p>\n\n\n\n<figure class=\"wp-block-image size-large\"><img loading=\"lazy\" decoding=\"async\" width=\"1024\" height=\"768\" src=\"https:\/\/www.rengoenlanoticia.cl\/prensa\/wp-content\/uploads\/2025\/08\/02-1024x768.jpg\" alt=\"\" class=\"wp-image-5418\" srcset=\"https:\/\/www.rengoenlanoticia.cl\/prensa\/wp-content\/uploads\/2025\/08\/02-1024x768.jpg 1024w, https:\/\/www.rengoenlanoticia.cl\/prensa\/wp-content\/uploads\/2025\/08\/02-300x225.jpg 300w, https:\/\/www.rengoenlanoticia.cl\/prensa\/wp-content\/uploads\/2025\/08\/02-768x576.jpg 768w, https:\/\/www.rengoenlanoticia.cl\/prensa\/wp-content\/uploads\/2025\/08\/02-1536x1152.jpg 1536w, https:\/\/www.rengoenlanoticia.cl\/prensa\/wp-content\/uploads\/2025\/08\/02-110x83.jpg 110w, https:\/\/www.rengoenlanoticia.cl\/prensa\/wp-content\/uploads\/2025\/08\/02-200x150.jpg 200w, https:\/\/www.rengoenlanoticia.cl\/prensa\/wp-content\/uploads\/2025\/08\/02-380x285.jpg 380w, https:\/\/www.rengoenlanoticia.cl\/prensa\/wp-content\/uploads\/2025\/08\/02-255x191.jpg 255w, https:\/\/www.rengoenlanoticia.cl\/prensa\/wp-content\/uploads\/2025\/08\/02-550x413.jpg 550w, https:\/\/www.rengoenlanoticia.cl\/prensa\/wp-content\/uploads\/2025\/08\/02-800x600.jpg 800w, https:\/\/www.rengoenlanoticia.cl\/prensa\/wp-content\/uploads\/2025\/08\/02-1160x870.jpg 1160w, https:\/\/www.rengoenlanoticia.cl\/prensa\/wp-content\/uploads\/2025\/08\/02.jpg 2048w\" sizes=\"auto, (max-width: 1024px) 100vw, 1024px\" \/><\/figure>\n\n\n\n<p>\u201cLa posibilidad de elevar la categor\u00eda de nuestra Comisar\u00eda y de traer una Escuela de Carabineros a la comuna son parte de nuestras iniciativas, que se enmarcan en el plan de recuperaci\u00f3n de espacios p\u00fablicos para devolver a las familias las zonas que se encontraban olvidadas en Rengo\u00bb; expres\u00f3 la primera autoridad de Rengo.<\/p>\n\n\n\n<p>En el encuentro realizado en la Direcci\u00f3n General de Carabineros de Santiago, el jefe comunal puso sobre la mesa un proyecto de gran envergadura para la regi\u00f3n: la creaci\u00f3n de una Escuela de Carabineros en Rengo. El recinto se ubicar\u00eda en el sector de Quintalba, y su implementaci\u00f3n podr\u00eda beneficiar a todo el territorio de O\u2019Higgins, proyectando a Rengo como un polo de desarrollo en materia de seguridad y formaci\u00f3n.<\/p>\n\n\n\n<p>En esta reuni\u00f3n, el alcalde Del Barrio estuvo acompa\u00f1ado por su jefe de Gabinete, Marcelo Fuentes, y el director Jur\u00eddico de la Municipalidad de Rengo, Jorge Tagle.<\/p>\n","protected":false},"excerpt":{"rendered":"El alcalde Enrique del Barrio est\u00e1 enfocado en mejorar la seguridad de los vecinos&nbsp; y vecinas de Rengo.&hellip;\n","protected":false},"author":1,"featured_media":5418,"comment_status":"open","ping_status":"open","sticky":false,"template":"","format":"standard","meta":{"_monsterinsights_skip_tracking":false,"_monsterinsights_sitenote_active":false,"_monsterinsights_sitenote_note":"","_monsterinsights_sitenote_category":0,"footnotes":""},"categories":[8],"tags":[],"class_list":{"0":"post-5386","1":"post","2":"type-post","3":"status-publish","4":"format-standard","5":"has-post-thumbnail","7":"category-portada"},"aioseo_notices":[],"_links":{"self":[{"href":"https:\/\/www.rengoenlanoticia.cl\/prensa\/wp-json\/wp\/v2\/posts\/5386","targetHints":{"allow":["GET"]}}],"collection":[{"href":"https:\/\/www.rengoenlanoticia.cl\/prensa\/wp-json\/wp\/v2\/posts"}],"about":[{"href":"https:\/\/www.rengoenlanoticia.cl\/prensa\/wp-json\/wp\/v2\/types\/post"}],"author":[{"embeddable":true,"href":"https:\/\/www.rengoenlanoticia.cl\/prensa\/wp-json\/wp\/v2\/users\/1"}],"replies":[{"embeddable":true,"href":"https:\/\/www.rengoenlanoticia.cl\/prensa\/wp-json\/wp\/v2\/comments?post=5386"}],"version-history":[{"count":3,"href":"https:\/\/www.rengoenlanoticia.cl\/prensa\/wp-json\/wp\/v2\/posts\/5386\/revisions"}],"predecessor-version":[{"id":5430,"href":"https:\/\/www.rengoenlanoticia.cl\/prensa\/wp-json\/wp\/v2\/posts\/5386\/revisions\/5430"}],"wp:featuredmedia":[{"embeddable":true,"href":"https:\/\/www.rengoenlanoticia.cl\/prensa\/wp-json\/wp\/v2\/media\/5418"}],"wp:attachment":[{"href":"https:\/\/www.rengoenlanoticia.cl\/prensa\/wp-json\/wp\/v2\/media?parent=5386"}],"wp:term":[{"taxonomy":"category","embeddable":true,"href":"https:\/\/www.rengoenlanoticia.cl\/prensa\/wp-json\/wp\/v2\/categories?post=5386"},{"taxonomy":"post_tag","embeddable":true,"href":"https:\/\/www.rengoenlanoticia.cl\/prensa\/wp-json\/wp\/v2\/tags?post=5386"}],"curies":[{"name":"wp","href":"https:\/\/api.w.org\/{rel}","templated":true}]}}