{"id":5377,"date":"2025-08-20T02:00:08","date_gmt":"2025-08-20T02:00:08","guid":{"rendered":"https:\/\/www.rengoenlanoticia.cl\/prensa\/?p=5377"},"modified":"2025-08-21T11:53:30","modified_gmt":"2025-08-21T11:53:30","slug":"diputada-marta-gonzalez-anuncia-su-reeleccion-para-la-region-de-ohiggins","status":"publish","type":"post","link":"https:\/\/www.rengoenlanoticia.cl\/prensa\/2025\/08\/20\/diputada-marta-gonzalez-anuncia-su-reeleccion-para-la-region-de-ohiggins\/","title":{"rendered":"DIPUTADA MARTA GONZ\u00c1LEZ ANUNCIA SU REELECCI\u00d3N PARA EL DISTRITO 15 DE LA REGI\u00d3N DE O&#8217;HIGGINS"},"content":{"rendered":"\n<p>La Diputada de la Regi\u00f3n de O\u2019Higgins, Marta Gonz\u00e1lez, anunci\u00f3 que ir\u00e1 a la reelecci\u00f3n en las elecciones parlamentarias del pr\u00f3ximo 16 de noviembre, representando al Distrito 15, que contempla las comunas de Codegua, Coinco, Coltauco, Do\u00f1ihue, Graneros, Machal\u00ed, Malloa, Mostazal, Olivar, Quinta de Tilcoco, Rancagua, Rengo y Requ\u00ednoa.<\/p>\n\n\n\n<p>\u201cMuchos nos han preguntado si vamos a la reelecci\u00f3n y s\u00ed, vamos a la reelecci\u00f3n\u201d, se\u00f1al\u00f3 la parlamentaria a trav\u00e9s de sus redes sociales.<\/p>\n\n\n\n<p>\u201cComo saben me he mantenido como Diputada independiente en este periodo y agradezco el espacio de trabajo que nos brind\u00f3 el Partido Por la Democracia, sin embargo, en esta elecci\u00f3n voy en un cupo de la Federaci\u00f3n Regionalista Verde Social, que va en conjunto con Acci\u00f3n Humanista, dos colectividades muy fraternas con las que compartimos muchos principios\u201d, inform\u00f3 Gonz\u00e1lez.<\/p>\n\n\n\n<p>\u201cAgradezco tambi\u00e9n a todas las personas que han confiado en nosotros, a todas las personas con las cuales hemos trabajado en este per\u00edodo. Iremos con m\u00e1s fuerza en esta reelecci\u00f3n para seguir trabajando con los trabajadores, con las mujeres y con todos los temas de inter\u00e9s ciudadano con mucha fuerza, a seguir\u201d, agreg\u00f3.<\/p>\n\n\n\n<figure class=\"wp-block-image size-full\"><img loading=\"lazy\" decoding=\"async\" width=\"600\" height=\"614\" src=\"https:\/\/www.rengoenlanoticia.cl\/prensa\/wp-content\/uploads\/2025\/08\/WhatsApp-Image-2025-08-19-at-15.29.29.jpeg\" alt=\"\" class=\"wp-image-5378\" srcset=\"https:\/\/www.rengoenlanoticia.cl\/prensa\/wp-content\/uploads\/2025\/08\/WhatsApp-Image-2025-08-19-at-15.29.29.jpeg 600w, https:\/\/www.rengoenlanoticia.cl\/prensa\/wp-content\/uploads\/2025\/08\/WhatsApp-Image-2025-08-19-at-15.29.29-293x300.jpeg 293w, https:\/\/www.rengoenlanoticia.cl\/prensa\/wp-content\/uploads\/2025\/08\/WhatsApp-Image-2025-08-19-at-15.29.29-110x113.jpeg 110w, https:\/\/www.rengoenlanoticia.cl\/prensa\/wp-content\/uploads\/2025\/08\/WhatsApp-Image-2025-08-19-at-15.29.29-200x205.jpeg 200w, https:\/\/www.rengoenlanoticia.cl\/prensa\/wp-content\/uploads\/2025\/08\/WhatsApp-Image-2025-08-19-at-15.29.29-380x389.jpeg 380w, https:\/\/www.rengoenlanoticia.cl\/prensa\/wp-content\/uploads\/2025\/08\/WhatsApp-Image-2025-08-19-at-15.29.29-255x261.jpeg 255w, https:\/\/www.rengoenlanoticia.cl\/prensa\/wp-content\/uploads\/2025\/08\/WhatsApp-Image-2025-08-19-at-15.29.29-300x307.jpeg 300w, https:\/\/www.rengoenlanoticia.cl\/prensa\/wp-content\/uploads\/2025\/08\/WhatsApp-Image-2025-08-19-at-15.29.29-550x563.jpeg 550w\" sizes=\"auto, (max-width: 600px) 100vw, 600px\" \/><\/figure>\n\n\n\n<p>Ex dirigente sindical de El Teniente, Marta Gonz\u00e1lez entr\u00f3 al Congreso con el compromiso de representar a las y los trabajadores. En este periodo ha impulsado la Comisi\u00f3n Especial Investigadora sobre el actuar de Codelco con sus trabajadores, la creaci\u00f3n de la Mesa de Miner\u00eda en la Regi\u00f3n de O\u2019Higgins junto a sindicatos, trabajadores, autoridades y Codelco, el proyecto de ley que evita el descuento del seguro de cesant\u00eda en casos de despidos por necesidades de la empresa, la iniciativa para limitar la subcontrataci\u00f3n en la miner\u00eda, la conformaci\u00f3n de la Bancada de Cuidados con la que impuls\u00f3 el postnatal de un a\u00f1o, y el proyecto \u201cQue Pase la Micro\u201d para mejorar la conectividad y el transporte p\u00fablico en la regi\u00f3n.<\/p>\n\n\n\n<p>Junto con estos proyectos, la Diputada Gonz\u00e1lez ha apoyado y acompa\u00f1ado reformas e iniciativas de gran impacto nacional como el aumento del sueldo m\u00ednimo, la reducci\u00f3n de la jornada laboral a 40 horas, la reforma de pensiones, la Ley Karin, la Ley TEA, el sistema Chile Cuida, la creaci\u00f3n del Ministerio de Seguridad, y el pago de la deuda hist\u00f3rica de los profesores, as\u00ed como tambi\u00e9n ha acompa\u00f1ado a los trabajadores exonerados de Codelco que fueron despedidos injustificadamente y ha promovido instancias de seguridad ciudadana junto a Carabineros y la PDI. En materia cultural, present\u00f3 la Ley Tommy Rey, que garantiza el pago de remuneraciones a m\u00fasicos por sus reproducciones en plataformas digitales.<\/p>\n","protected":false},"excerpt":{"rendered":"La Diputada de la Regi\u00f3n de O\u2019Higgins, Marta Gonz\u00e1lez, anunci\u00f3 que ir\u00e1 a la reelecci\u00f3n en las elecciones&hellip;\n","protected":false},"author":1,"featured_media":5406,"comment_status":"open","ping_status":"open","sticky":false,"template":"","format":"standard","meta":{"_monsterinsights_skip_tracking":false,"_monsterinsights_sitenote_active":false,"_monsterinsights_sitenote_note":"","_monsterinsights_sitenote_category":0,"footnotes":""},"categories":[11,8],"tags":[],"class_list":{"0":"post-5377","1":"post","2":"type-post","3":"status-publish","4":"format-standard","5":"has-post-thumbnail","7":"category-politica","8":"category-portada"},"aioseo_notices":[],"_links":{"self":[{"href":"https:\/\/www.rengoenlanoticia.cl\/prensa\/wp-json\/wp\/v2\/posts\/5377","targetHints":{"allow":["GET"]}}],"collection":[{"href":"https:\/\/www.rengoenlanoticia.cl\/prensa\/wp-json\/wp\/v2\/posts"}],"about":[{"href":"https:\/\/www.rengoenlanoticia.cl\/prensa\/wp-json\/wp\/v2\/types\/post"}],"author":[{"embeddable":true,"href":"https:\/\/www.rengoenlanoticia.cl\/prensa\/wp-json\/wp\/v2\/users\/1"}],"replies":[{"embeddable":true,"href":"https:\/\/www.rengoenlanoticia.cl\/prensa\/wp-json\/wp\/v2\/comments?post=5377"}],"version-history":[{"count":4,"href":"https:\/\/www.rengoenlanoticia.cl\/prensa\/wp-json\/wp\/v2\/posts\/5377\/revisions"}],"predecessor-version":[{"id":5407,"href":"https:\/\/www.rengoenlanoticia.cl\/prensa\/wp-json\/wp\/v2\/posts\/5377\/revisions\/5407"}],"wp:featuredmedia":[{"embeddable":true,"href":"https:\/\/www.rengoenlanoticia.cl\/prensa\/wp-json\/wp\/v2\/media\/5406"}],"wp:attachment":[{"href":"https:\/\/www.rengoenlanoticia.cl\/prensa\/wp-json\/wp\/v2\/media?parent=5377"}],"wp:term":[{"taxonomy":"category","embeddable":true,"href":"https:\/\/www.rengoenlanoticia.cl\/prensa\/wp-json\/wp\/v2\/categories?post=5377"},{"taxonomy":"post_tag","embeddable":true,"href":"https:\/\/www.rengoenlanoticia.cl\/prensa\/wp-json\/wp\/v2\/tags?post=5377"}],"curies":[{"name":"wp","href":"https:\/\/api.w.org\/{rel}","templated":true}]}}