{"id":5358,"date":"2025-08-20T01:57:30","date_gmt":"2025-08-20T01:57:30","guid":{"rendered":"https:\/\/www.rengoenlanoticia.cl\/prensa\/?p=5358"},"modified":"2025-08-20T01:57:32","modified_gmt":"2025-08-20T01:57:32","slug":"mas-de-400-personas-fueron-detenidas-por-carabineros-durante-una-semana","status":"publish","type":"post","link":"https:\/\/www.rengoenlanoticia.cl\/prensa\/2025\/08\/20\/mas-de-400-personas-fueron-detenidas-por-carabineros-durante-una-semana\/","title":{"rendered":"M\u00e1s de 400 personas fueron detenidas por Carabineros durante una semana"},"content":{"rendered":"\n<p>El Jefe Zona Carabineros O\u2019Higgins, General Max Jim\u00e9nez Fleming, dio a conocer en el Comit\u00e9 Policial Semanal, la labor de los efectivos policiales en la Regi\u00f3n.<\/p>\n\n\n\n<p>Se destac\u00f3 adem\u00e1s el despliegue de Carabineros durante el fin de semana largo y conducci\u00f3n responsable de la comunidad, que signific\u00f3 que en la Regi\u00f3n de O\u2019Higgins no se registraran personas fallecidas en accidentes de tr\u00e1nsito, pese a que hubo m\u00e1s de una treintena de accidentes viales.<\/p>\n\n\n\n<p>En una nueva sesi\u00f3n del Comit\u00e9 Policial Semanal, el General Max Jim\u00e9nez Fleming, dio a conocer los resultados de la semana 33, del 11 al 17 de agosto del presente a\u00f1o: 422 personas detuvo Carabineros de la Regi\u00f3n por diferentes delitos.<br>Cifra que se incrementa a un total de 13.199 detenidos si se mira el acumulado de este a\u00f1o. Es decir, 60 personas son aprehendidas diariamente por Carabineros, tras un permanente y sistematizado trabajo de control y fiscalizaci\u00f3n, as\u00ed como de inteligencia y an\u00e1lisis criminal desarrollado por personal especializado y territorial, a trav\u00e9s de las SIP.<br>Carabineros detall\u00f3 que del total de detenidos durante la semana analizada, 92 est\u00e1n asociados a delitos de mayor connotaci\u00f3n social. Mientras que 13 a Ley de Drogas, 8 por Ley de Armas, 90 por \u00f3rdenes vigentes; y 219 por otros delitos.<\/p>\n\n\n\n<figure class=\"wp-block-image size-large\"><img loading=\"lazy\" decoding=\"async\" width=\"1024\" height=\"707\" src=\"https:\/\/www.rengoenlanoticia.cl\/prensa\/wp-content\/uploads\/2025\/08\/WhatsApp-Image-2025-08-19-at-15.37.35-1024x707.jpeg\" alt=\"\" class=\"wp-image-5374\" srcset=\"https:\/\/www.rengoenlanoticia.cl\/prensa\/wp-content\/uploads\/2025\/08\/WhatsApp-Image-2025-08-19-at-15.37.35-1024x707.jpeg 1024w, https:\/\/www.rengoenlanoticia.cl\/prensa\/wp-content\/uploads\/2025\/08\/WhatsApp-Image-2025-08-19-at-15.37.35-300x207.jpeg 300w, https:\/\/www.rengoenlanoticia.cl\/prensa\/wp-content\/uploads\/2025\/08\/WhatsApp-Image-2025-08-19-at-15.37.35-768x530.jpeg 768w, https:\/\/www.rengoenlanoticia.cl\/prensa\/wp-content\/uploads\/2025\/08\/WhatsApp-Image-2025-08-19-at-15.37.35-110x76.jpeg 110w, https:\/\/www.rengoenlanoticia.cl\/prensa\/wp-content\/uploads\/2025\/08\/WhatsApp-Image-2025-08-19-at-15.37.35-200x138.jpeg 200w, https:\/\/www.rengoenlanoticia.cl\/prensa\/wp-content\/uploads\/2025\/08\/WhatsApp-Image-2025-08-19-at-15.37.35-380x262.jpeg 380w, https:\/\/www.rengoenlanoticia.cl\/prensa\/wp-content\/uploads\/2025\/08\/WhatsApp-Image-2025-08-19-at-15.37.35-255x176.jpeg 255w, https:\/\/www.rengoenlanoticia.cl\/prensa\/wp-content\/uploads\/2025\/08\/WhatsApp-Image-2025-08-19-at-15.37.35-550x380.jpeg 550w, https:\/\/www.rengoenlanoticia.cl\/prensa\/wp-content\/uploads\/2025\/08\/WhatsApp-Image-2025-08-19-at-15.37.35-800x553.jpeg 800w, https:\/\/www.rengoenlanoticia.cl\/prensa\/wp-content\/uploads\/2025\/08\/WhatsApp-Image-2025-08-19-at-15.37.35-1160x801.jpeg 1160w, https:\/\/www.rengoenlanoticia.cl\/prensa\/wp-content\/uploads\/2025\/08\/WhatsApp-Image-2025-08-19-at-15.37.35.jpeg 1280w\" sizes=\"auto, (max-width: 1024px) 100vw, 1024px\" \/><\/figure>\n\n\n\n<p><br>En su an\u00e1lisis del comportamiento del delito, el General Jim\u00e9nez explic\u00f3 a las autoridades que de los detenidos por hechos de Mayor Connotaci\u00f3n Social, 26 corresponden al delito de Robo, cuyo perfil responde principalmente a hombres (89%), adultos (92%) y de nacionalidad chilena (94%). Seg\u00fan los datos de Carabineros en el delito de robo la participaci\u00f3n de las mujeres tiene un porcentaje de 11%, de menores de edad en 8%; y un 6% de extranjeros.<br>En relaci\u00f3n al robo de veh\u00edculos, durante la semana en cuesti\u00f3n se recuperaron 18 veh\u00edculos y se ha detenido durante el a\u00f1o a 236 personas: 13 por robo de veh\u00edculos; y 223 por receptaci\u00f3n.<br>La acci\u00f3n de Carabineros tambi\u00e9n se ha visto reflejada esta semana en la desarticulaci\u00f3n de dos bandas de delincuencia organizada, la recuperaci\u00f3n de 3 armas de fuego y la incautaci\u00f3n de m\u00e1s de 7 kilos de diferentes tipos de drogas, entre el 11 y 17 de agosto.<\/p>\n\n\n\n<figure class=\"wp-block-image size-large\"><img loading=\"lazy\" decoding=\"async\" width=\"1024\" height=\"768\" src=\"https:\/\/www.rengoenlanoticia.cl\/prensa\/wp-content\/uploads\/2025\/08\/WhatsApp-Image-2025-08-19-at-15.37.34-1-1024x768.jpeg\" alt=\"\" class=\"wp-image-5373\" srcset=\"https:\/\/www.rengoenlanoticia.cl\/prensa\/wp-content\/uploads\/2025\/08\/WhatsApp-Image-2025-08-19-at-15.37.34-1-1024x768.jpeg 1024w, https:\/\/www.rengoenlanoticia.cl\/prensa\/wp-content\/uploads\/2025\/08\/WhatsApp-Image-2025-08-19-at-15.37.34-1-300x225.jpeg 300w, https:\/\/www.rengoenlanoticia.cl\/prensa\/wp-content\/uploads\/2025\/08\/WhatsApp-Image-2025-08-19-at-15.37.34-1-768x576.jpeg 768w, https:\/\/www.rengoenlanoticia.cl\/prensa\/wp-content\/uploads\/2025\/08\/WhatsApp-Image-2025-08-19-at-15.37.34-1-110x83.jpeg 110w, https:\/\/www.rengoenlanoticia.cl\/prensa\/wp-content\/uploads\/2025\/08\/WhatsApp-Image-2025-08-19-at-15.37.34-1-200x150.jpeg 200w, https:\/\/www.rengoenlanoticia.cl\/prensa\/wp-content\/uploads\/2025\/08\/WhatsApp-Image-2025-08-19-at-15.37.34-1-380x285.jpeg 380w, https:\/\/www.rengoenlanoticia.cl\/prensa\/wp-content\/uploads\/2025\/08\/WhatsApp-Image-2025-08-19-at-15.37.34-1-255x191.jpeg 255w, https:\/\/www.rengoenlanoticia.cl\/prensa\/wp-content\/uploads\/2025\/08\/WhatsApp-Image-2025-08-19-at-15.37.34-1-550x413.jpeg 550w, https:\/\/www.rengoenlanoticia.cl\/prensa\/wp-content\/uploads\/2025\/08\/WhatsApp-Image-2025-08-19-at-15.37.34-1-800x600.jpeg 800w, https:\/\/www.rengoenlanoticia.cl\/prensa\/wp-content\/uploads\/2025\/08\/WhatsApp-Image-2025-08-19-at-15.37.34-1-1160x870.jpeg 1160w, https:\/\/www.rengoenlanoticia.cl\/prensa\/wp-content\/uploads\/2025\/08\/WhatsApp-Image-2025-08-19-at-15.37.34-1.jpeg 1280w\" sizes=\"auto, (max-width: 1024px) 100vw, 1024px\" \/><\/figure>\n\n\n\n<p>CONTROL Y FISCALIZACION<br>Dentro de su rol preventivo, Carabineros se encuentra permanentemente desplegado desarrollando diferentes servicios para entregar mayor seguridad y tranquilidad a la comunidad, entre ellos Somos Barrio, Plan Calle Sin Violencia, Rondas en el sector urbano y rural de la comuna de Graneros, en los cuales -durante la semana 33 analizada- se realizaron cerca de 900 controles de identidad y vehiculares preventivos e investigativos.<br>El Jefe Zona O\u2019Higgins, General Max Jim\u00e9nez Fleming, destac\u00f3 el trabajo de los Carabineros y su compromiso irrestricto con la seguridad de la comunidad a trav\u00e9s de una presencia activa en el territorio.<\/p>\n\n\n\n<p>FIN DE SEMANA LARGO<br>El fin de semana largo con motivo de la celebraci\u00f3n de la fiesta religiosa Asunci\u00f3n de la Virgen, Carabineros se mantuvo con presencia activa desde el jueves 14 hasta el domingo 17 de agosto, en todas las carreteras de la Regi\u00f3n, realizando controles, fiscalizaciones, aplicando alcotest y narcotest, para evitar se produjeran accidentes en el tr\u00e1nsito.<br>Seg\u00fan los antecedentes entregados por Carabineros, en la Regi\u00f3n de O\u2019Higgins se produjeron 37 siniestros viales, sin que se registraran personas fallecidas. Producto de estos accidentes en las rutas, 38 personas resultaron lesionadas: 11 graves, 3 menos graves, y 24 de car\u00e1cter leve.<br>En su despliegue, Carabineros fiscaliz\u00f3 durante el fin de semana largo a 3.969 veh\u00edculos, y aplic\u00f3 586 ex\u00e1menes respiratorios, detectando a 10 conductores en estado de ebriedad y 2 bajo la influencia de \u00e9ste.<br>Curs\u00f3 adem\u00e1s 244 infracciones por exceso de velocidad; y 96 por no utilizar el cintur\u00f3n de seguridad o sistema de retenci\u00f3n infantil.<\/p>\n","protected":false},"excerpt":{"rendered":"El Jefe Zona Carabineros O\u2019Higgins, General Max Jim\u00e9nez Fleming, dio a conocer en el Comit\u00e9 Policial Semanal, la&hellip;\n","protected":false},"author":1,"featured_media":5372,"comment_status":"open","ping_status":"open","sticky":false,"template":"","format":"standard","meta":{"_monsterinsights_skip_tracking":false,"_monsterinsights_sitenote_active":false,"_monsterinsights_sitenote_note":"","_monsterinsights_sitenote_category":0,"footnotes":""},"categories":[5,8],"tags":[],"class_list":{"0":"post-5358","1":"post","2":"type-post","3":"status-publish","4":"format-standard","5":"has-post-thumbnail","7":"category-policial","8":"category-portada"},"aioseo_notices":[],"_links":{"self":[{"href":"https:\/\/www.rengoenlanoticia.cl\/prensa\/wp-json\/wp\/v2\/posts\/5358","targetHints":{"allow":["GET"]}}],"collection":[{"href":"https:\/\/www.rengoenlanoticia.cl\/prensa\/wp-json\/wp\/v2\/posts"}],"about":[{"href":"https:\/\/www.rengoenlanoticia.cl\/prensa\/wp-json\/wp\/v2\/types\/post"}],"author":[{"embeddable":true,"href":"https:\/\/www.rengoenlanoticia.cl\/prensa\/wp-json\/wp\/v2\/users\/1"}],"replies":[{"embeddable":true,"href":"https:\/\/www.rengoenlanoticia.cl\/prensa\/wp-json\/wp\/v2\/comments?post=5358"}],"version-history":[{"count":3,"href":"https:\/\/www.rengoenlanoticia.cl\/prensa\/wp-json\/wp\/v2\/posts\/5358\/revisions"}],"predecessor-version":[{"id":5388,"href":"https:\/\/www.rengoenlanoticia.cl\/prensa\/wp-json\/wp\/v2\/posts\/5358\/revisions\/5388"}],"wp:featuredmedia":[{"embeddable":true,"href":"https:\/\/www.rengoenlanoticia.cl\/prensa\/wp-json\/wp\/v2\/media\/5372"}],"wp:attachment":[{"href":"https:\/\/www.rengoenlanoticia.cl\/prensa\/wp-json\/wp\/v2\/media?parent=5358"}],"wp:term":[{"taxonomy":"category","embeddable":true,"href":"https:\/\/www.rengoenlanoticia.cl\/prensa\/wp-json\/wp\/v2\/categories?post=5358"},{"taxonomy":"post_tag","embeddable":true,"href":"https:\/\/www.rengoenlanoticia.cl\/prensa\/wp-json\/wp\/v2\/tags?post=5358"}],"curies":[{"name":"wp","href":"https:\/\/api.w.org\/{rel}","templated":true}]}}