{"id":5357,"date":"2025-08-20T01:54:45","date_gmt":"2025-08-20T01:54:45","guid":{"rendered":"https:\/\/www.rengoenlanoticia.cl\/prensa\/?p=5357"},"modified":"2025-08-20T01:54:50","modified_gmt":"2025-08-20T01:54:50","slug":"corte-de-rancagua-celebra-57-aniversario-e-inaugura-placa-conmemorativa-de-sus-presidentas-y-presidentes","status":"publish","type":"post","link":"https:\/\/www.rengoenlanoticia.cl\/prensa\/2025\/08\/20\/corte-de-rancagua-celebra-57-aniversario-e-inaugura-placa-conmemorativa-de-sus-presidentas-y-presidentes\/","title":{"rendered":"Corte de Rancagua celebra 57\u00b0 aniversario e inaugura placa conmemorativa de sus presidentas y presidentes"},"content":{"rendered":"\n<p>La Corte de Apelaciones de Rancagua conmemor\u00f3 el pasado jueves -14 de agosto- su 57\u00b0 aniversario en una solemne ceremonia que culmin\u00f3 con la inauguraci\u00f3n de una placa conmemorativa con los nombres de las y los ministros que ejercieron su presidencia desde 1968 hasta 2025.<\/p>\n\n\n\n<p>En la actividad, participaron el Pleno del tribunal de alzada; el ministro visitador de la Corte Suprema, Manuel Antonio Valderrama Rebolledo; el gobernador regional Pablo Silva; la contralora regional, Roc\u00edo Ortiz; los seremis de Justicia y Derechos Humanos y Bienes Nacionales, Eduardo Marchant y Romina Olgu\u00edn; autoridades regionales, jefes de servicios, relatores, jueces y funcionarios de los tribunales de la jurisdicci\u00f3n.<\/p>\n\n\n\n<figure class=\"wp-block-image size-large\"><img loading=\"lazy\" decoding=\"async\" width=\"1024\" height=\"682\" src=\"https:\/\/www.rengoenlanoticia.cl\/prensa\/wp-content\/uploads\/2025\/08\/WhatsApp-Image-2025-08-19-at-10.53.16-1024x682.jpeg\" alt=\"\" class=\"wp-image-5366\" srcset=\"https:\/\/www.rengoenlanoticia.cl\/prensa\/wp-content\/uploads\/2025\/08\/WhatsApp-Image-2025-08-19-at-10.53.16-1024x682.jpeg 1024w, https:\/\/www.rengoenlanoticia.cl\/prensa\/wp-content\/uploads\/2025\/08\/WhatsApp-Image-2025-08-19-at-10.53.16-300x200.jpeg 300w, https:\/\/www.rengoenlanoticia.cl\/prensa\/wp-content\/uploads\/2025\/08\/WhatsApp-Image-2025-08-19-at-10.53.16-768x512.jpeg 768w, https:\/\/www.rengoenlanoticia.cl\/prensa\/wp-content\/uploads\/2025\/08\/WhatsApp-Image-2025-08-19-at-10.53.16-1536x1023.jpeg 1536w, https:\/\/www.rengoenlanoticia.cl\/prensa\/wp-content\/uploads\/2025\/08\/WhatsApp-Image-2025-08-19-at-10.53.16-110x73.jpeg 110w, https:\/\/www.rengoenlanoticia.cl\/prensa\/wp-content\/uploads\/2025\/08\/WhatsApp-Image-2025-08-19-at-10.53.16-200x133.jpeg 200w, https:\/\/www.rengoenlanoticia.cl\/prensa\/wp-content\/uploads\/2025\/08\/WhatsApp-Image-2025-08-19-at-10.53.16-380x253.jpeg 380w, https:\/\/www.rengoenlanoticia.cl\/prensa\/wp-content\/uploads\/2025\/08\/WhatsApp-Image-2025-08-19-at-10.53.16-255x170.jpeg 255w, https:\/\/www.rengoenlanoticia.cl\/prensa\/wp-content\/uploads\/2025\/08\/WhatsApp-Image-2025-08-19-at-10.53.16-550x366.jpeg 550w, https:\/\/www.rengoenlanoticia.cl\/prensa\/wp-content\/uploads\/2025\/08\/WhatsApp-Image-2025-08-19-at-10.53.16-800x533.jpeg 800w, https:\/\/www.rengoenlanoticia.cl\/prensa\/wp-content\/uploads\/2025\/08\/WhatsApp-Image-2025-08-19-at-10.53.16-1160x773.jpeg 1160w, https:\/\/www.rengoenlanoticia.cl\/prensa\/wp-content\/uploads\/2025\/08\/WhatsApp-Image-2025-08-19-at-10.53.16.jpeg 1600w\" sizes=\"auto, (max-width: 1024px) 100vw, 1024px\" \/><\/figure>\n\n\n\n<p>Durante la ceremonia, el cuarteto de cuerdas de la orquesta sinf\u00f3nica del Liceo Oscar Castro, dirigidos por el profesor Marcial Pino, interpretaron el \u201cHimno del emperador\u201d de Franz Joseph Haydn y el \u201cHimno a la alegr\u00eda\u201d de Ludwig van Beethoven.<\/p>\n\n\n\n<p>En la instancia, se exhibi\u00f3 el mensaje de la presidenta (s) de la Corte Suprema, Gloria Ana Chevesich, quien envi\u00f3 un afectuoso saludo a todos los funcionarios que se desempe\u00f1an en el tribunal de alzada y la jurisdicci\u00f3n, reconociendo a quienes, con sentido de servicio p\u00fablico y teniendo como horizonte la protecci\u00f3n de las personas, han contribuido con la entrega de una justicia oportuna y de calidad en la Regi\u00f3n del Libertador Bernardo O\u2019Higgins.<\/p>\n\n\n\n<figure class=\"wp-block-image size-large\"><img loading=\"lazy\" decoding=\"async\" width=\"1024\" height=\"682\" src=\"https:\/\/www.rengoenlanoticia.cl\/prensa\/wp-content\/uploads\/2025\/08\/WhatsApp-Image-2025-08-19-at-10.55.24-1024x682.jpeg\" alt=\"\" class=\"wp-image-5369\" srcset=\"https:\/\/www.rengoenlanoticia.cl\/prensa\/wp-content\/uploads\/2025\/08\/WhatsApp-Image-2025-08-19-at-10.55.24-1024x682.jpeg 1024w, https:\/\/www.rengoenlanoticia.cl\/prensa\/wp-content\/uploads\/2025\/08\/WhatsApp-Image-2025-08-19-at-10.55.24-300x200.jpeg 300w, https:\/\/www.rengoenlanoticia.cl\/prensa\/wp-content\/uploads\/2025\/08\/WhatsApp-Image-2025-08-19-at-10.55.24-768x512.jpeg 768w, https:\/\/www.rengoenlanoticia.cl\/prensa\/wp-content\/uploads\/2025\/08\/WhatsApp-Image-2025-08-19-at-10.55.24-1536x1023.jpeg 1536w, https:\/\/www.rengoenlanoticia.cl\/prensa\/wp-content\/uploads\/2025\/08\/WhatsApp-Image-2025-08-19-at-10.55.24-110x73.jpeg 110w, https:\/\/www.rengoenlanoticia.cl\/prensa\/wp-content\/uploads\/2025\/08\/WhatsApp-Image-2025-08-19-at-10.55.24-200x133.jpeg 200w, https:\/\/www.rengoenlanoticia.cl\/prensa\/wp-content\/uploads\/2025\/08\/WhatsApp-Image-2025-08-19-at-10.55.24-380x253.jpeg 380w, https:\/\/www.rengoenlanoticia.cl\/prensa\/wp-content\/uploads\/2025\/08\/WhatsApp-Image-2025-08-19-at-10.55.24-255x170.jpeg 255w, https:\/\/www.rengoenlanoticia.cl\/prensa\/wp-content\/uploads\/2025\/08\/WhatsApp-Image-2025-08-19-at-10.55.24-550x366.jpeg 550w, https:\/\/www.rengoenlanoticia.cl\/prensa\/wp-content\/uploads\/2025\/08\/WhatsApp-Image-2025-08-19-at-10.55.24-800x533.jpeg 800w, https:\/\/www.rengoenlanoticia.cl\/prensa\/wp-content\/uploads\/2025\/08\/WhatsApp-Image-2025-08-19-at-10.55.24-1160x773.jpeg 1160w, https:\/\/www.rengoenlanoticia.cl\/prensa\/wp-content\/uploads\/2025\/08\/WhatsApp-Image-2025-08-19-at-10.55.24.jpeg 1600w\" sizes=\"auto, (max-width: 1024px) 100vw, 1024px\" \/><\/figure>\n\n\n\n<p>En su discurso, el presidente de la Corte de Apelaciones, ministro Pedro Caro, abord\u00f3 el nacimiento del tribunal de alzada a trav\u00e9s de la historia de la Ley 16.899, publicada en el Diario Oficial el 14 de agosto de 1968, y su rol en la regi\u00f3n a trav\u00e9s del servicio judicial y de actividades de vinculaci\u00f3n con la comunidad e instituciones, tanto en lo acad\u00e9mico como en el desarrollo c\u00edvico y cultural.<\/p>\n\n\n\n<p>Adem\u00e1s, expuso sobre el trabajo constante de todos quienes la integran para entregar una justicia oportuna y de calidad a la ciudadan\u00eda, junto con los esfuerzos para enfrentar el alza del ingreso de causas, dado que la dotaci\u00f3n de ministros y ministras no ha aumentado desde marzo de 1994.<\/p>\n\n\n\n<p>\u201cUn aspecto muy relevante para el Poder Judicial es ir recuperando la confianza en la ciudadan\u00eda y eso lo hemos llevado adelante con una mejor gesti\u00f3n para reducir tiempos de tramitaci\u00f3n y con ello aumentar el n\u00famero de causas vistas. A la vez hemos fortalecido la vinculaci\u00f3n con la sociedad rancag\u00fcina, no s\u00f3lo desde lo jur\u00eddico sino con la comunidad en general a trav\u00e9s de la apertura del tribunal de alzada para muestras art\u00edsticas, acerc\u00e1ndonos a la historia de nuestra regi\u00f3n. Queremos transmitir que esta Corte de Apelaciones en sus 57 a\u00f1os de vida forma parte de la historia regional y est\u00e1 enfocada en entregar una justicia oportuna y de calidad\u201d, se\u00f1al\u00f3 el ministro Caro.<\/p>\n\n\n\n<p>Agreg\u00f3 que la Corte de Apelaciones desde hace seis a\u00f1os \u201cviene presentando un proyecto de fortalecimiento que implica aumentar el n\u00famero de ministros para tener una sala adicional que permitir\u00eda abordar de mejor manera el ingreso de causas en tiempos m\u00e1s acotados, que es lo que la comunidad espera\u201d.<\/p>\n\n\n\n<p>\u201cAl participar en este aniversario, uno ve la dedicaci\u00f3n de los ministros, ministras, fiscales judiciales, funcionarias y funcionarios y c\u00f3mo han ido avanzando en sus logros y la gesti\u00f3n del tribunal de alzada. Adem\u00e1s, de observar este funcionamiento y el hecho querer dar una justicia pronta en la resoluci\u00f3n de los conflictos, lo que se manifiesta, adem\u00e1s, como indic\u00f3 el presidente de la Corte, de instalar una sala extraordinaria y dictar sentencias en poco tiempo\u201d, se\u00f1al\u00f3 el ministro de la Corte Suprema, Manuel Antonio Valderrama.<\/p>\n\n\n\n<p>En tanto, el seremi de Justicia y Derechos Humanos, Eduardo Marchant, manifest\u00f3 que \u201cdesde 1994 no ha habido un aumento de la dotaci\u00f3n de ministros, claramente la realidad de esos a\u00f1os hasta 2025 ha experimentado un cambio importante. Todo el sistema de justicia tiene desaf\u00edos relevantes que cubrir, uno de ellos es poder tener las instancias que permitan que la justicia se imparta de forma r\u00e1pida y oportuna. En ese sentido, recogemos el llamado del presidente de la Corte. Este tribunal de alzada ha sido un aporte para impartir justicia en la regi\u00f3n y estamos muy agradecidos de la invitaci\u00f3n\u201d.<\/p>\n\n\n\n<figure class=\"wp-block-image size-large\"><img loading=\"lazy\" decoding=\"async\" width=\"1024\" height=\"682\" src=\"https:\/\/www.rengoenlanoticia.cl\/prensa\/wp-content\/uploads\/2025\/08\/WhatsApp-Image-2025-08-19-at-10.53.18-1024x682.jpeg\" alt=\"\" class=\"wp-image-5368\" srcset=\"https:\/\/www.rengoenlanoticia.cl\/prensa\/wp-content\/uploads\/2025\/08\/WhatsApp-Image-2025-08-19-at-10.53.18-1024x682.jpeg 1024w, https:\/\/www.rengoenlanoticia.cl\/prensa\/wp-content\/uploads\/2025\/08\/WhatsApp-Image-2025-08-19-at-10.53.18-300x200.jpeg 300w, https:\/\/www.rengoenlanoticia.cl\/prensa\/wp-content\/uploads\/2025\/08\/WhatsApp-Image-2025-08-19-at-10.53.18-768x512.jpeg 768w, https:\/\/www.rengoenlanoticia.cl\/prensa\/wp-content\/uploads\/2025\/08\/WhatsApp-Image-2025-08-19-at-10.53.18-1536x1023.jpeg 1536w, https:\/\/www.rengoenlanoticia.cl\/prensa\/wp-content\/uploads\/2025\/08\/WhatsApp-Image-2025-08-19-at-10.53.18-110x73.jpeg 110w, https:\/\/www.rengoenlanoticia.cl\/prensa\/wp-content\/uploads\/2025\/08\/WhatsApp-Image-2025-08-19-at-10.53.18-200x133.jpeg 200w, https:\/\/www.rengoenlanoticia.cl\/prensa\/wp-content\/uploads\/2025\/08\/WhatsApp-Image-2025-08-19-at-10.53.18-380x253.jpeg 380w, https:\/\/www.rengoenlanoticia.cl\/prensa\/wp-content\/uploads\/2025\/08\/WhatsApp-Image-2025-08-19-at-10.53.18-255x170.jpeg 255w, https:\/\/www.rengoenlanoticia.cl\/prensa\/wp-content\/uploads\/2025\/08\/WhatsApp-Image-2025-08-19-at-10.53.18-550x366.jpeg 550w, https:\/\/www.rengoenlanoticia.cl\/prensa\/wp-content\/uploads\/2025\/08\/WhatsApp-Image-2025-08-19-at-10.53.18-800x533.jpeg 800w, https:\/\/www.rengoenlanoticia.cl\/prensa\/wp-content\/uploads\/2025\/08\/WhatsApp-Image-2025-08-19-at-10.53.18-1160x773.jpeg 1160w, https:\/\/www.rengoenlanoticia.cl\/prensa\/wp-content\/uploads\/2025\/08\/WhatsApp-Image-2025-08-19-at-10.53.18.jpeg 1600w\" sizes=\"auto, (max-width: 1024px) 100vw, 1024px\" \/><\/figure>\n\n\n\n<p>Visita a tribunales<\/p>\n\n\n\n<p>Previo a la ceremonia, el ministro Valderrama junto al presidente del tribunal de alzada, Pedro Caro, el administrador de la Corte, Juan G\u00f3mez, y el fiscal judicial \u00c1lvaro Mart\u00ednez, efectuaron una visita a los juzgados de Garant\u00eda, Familia, del Trabajo y civiles de Rancagua, donde dialogaron con magistrados y funcionarios con los que abordaron el funcionamiento de las unidades judiciales.<\/p>\n\n\n\n<p>Posteriormente, el ministro Valderrama sostuvo una reuni\u00f3n con el Pleno de la Corte de Apelaciones de Rancagua y los fiscales judiciales.<\/p>\n","protected":false},"excerpt":{"rendered":"La Corte de Apelaciones de Rancagua conmemor\u00f3 el pasado jueves -14 de agosto- su 57\u00b0 aniversario en una&hellip;\n","protected":false},"author":1,"featured_media":5367,"comment_status":"open","ping_status":"open","sticky":false,"template":"","format":"standard","meta":{"_monsterinsights_skip_tracking":false,"_monsterinsights_sitenote_active":false,"_monsterinsights_sitenote_note":"","_monsterinsights_sitenote_category":0,"footnotes":""},"categories":[8],"tags":[],"class_list":{"0":"post-5357","1":"post","2":"type-post","3":"status-publish","4":"format-standard","5":"has-post-thumbnail","7":"category-portada"},"aioseo_notices":[],"_links":{"self":[{"href":"https:\/\/www.rengoenlanoticia.cl\/prensa\/wp-json\/wp\/v2\/posts\/5357","targetHints":{"allow":["GET"]}}],"collection":[{"href":"https:\/\/www.rengoenlanoticia.cl\/prensa\/wp-json\/wp\/v2\/posts"}],"about":[{"href":"https:\/\/www.rengoenlanoticia.cl\/prensa\/wp-json\/wp\/v2\/types\/post"}],"author":[{"embeddable":true,"href":"https:\/\/www.rengoenlanoticia.cl\/prensa\/wp-json\/wp\/v2\/users\/1"}],"replies":[{"embeddable":true,"href":"https:\/\/www.rengoenlanoticia.cl\/prensa\/wp-json\/wp\/v2\/comments?post=5357"}],"version-history":[{"count":2,"href":"https:\/\/www.rengoenlanoticia.cl\/prensa\/wp-json\/wp\/v2\/posts\/5357\/revisions"}],"predecessor-version":[{"id":5385,"href":"https:\/\/www.rengoenlanoticia.cl\/prensa\/wp-json\/wp\/v2\/posts\/5357\/revisions\/5385"}],"wp:featuredmedia":[{"embeddable":true,"href":"https:\/\/www.rengoenlanoticia.cl\/prensa\/wp-json\/wp\/v2\/media\/5367"}],"wp:attachment":[{"href":"https:\/\/www.rengoenlanoticia.cl\/prensa\/wp-json\/wp\/v2\/media?parent=5357"}],"wp:term":[{"taxonomy":"category","embeddable":true,"href":"https:\/\/www.rengoenlanoticia.cl\/prensa\/wp-json\/wp\/v2\/categories?post=5357"},{"taxonomy":"post_tag","embeddable":true,"href":"https:\/\/www.rengoenlanoticia.cl\/prensa\/wp-json\/wp\/v2\/tags?post=5357"}],"curies":[{"name":"wp","href":"https:\/\/api.w.org\/{rel}","templated":true}]}}