{"id":5356,"date":"2025-08-20T01:52:14","date_gmt":"2025-08-20T01:52:14","guid":{"rendered":"https:\/\/www.rengoenlanoticia.cl\/prensa\/?p=5356"},"modified":"2025-08-20T01:52:18","modified_gmt":"2025-08-20T01:52:18","slug":"cuidemos-juntos-nuestras-urgencias-porque-asi-se-salvan-vidas","status":"publish","type":"post","link":"https:\/\/www.rengoenlanoticia.cl\/prensa\/2025\/08\/20\/cuidemos-juntos-nuestras-urgencias-porque-asi-se-salvan-vidas\/","title":{"rendered":"\u201cCuidemos juntos nuestras urgencias, porque as\u00ed se salvan vidas\u201d"},"content":{"rendered":"\n<p>Por Dr. Sebasti\u00e1n Urz\u00faa, Director del Hospital de Santa Cruz<\/p>\n\n\n\n<p>En nuestro Hospital de Santa Cruz trabajamos todos los d\u00edas para cuidar la salud de nuestra comunidad. Pero hay momentos del a\u00f1o en que la demanda aumenta, como ocurre en invierno con las enfermedades respiratorias, y ah\u00ed es cuando necesitamos que cada uno de ustedes nos ayude a que la atenci\u00f3n sea m\u00e1s r\u00e1pida y justa para quienes m\u00e1s lo necesitan.<\/p>\n\n\n\n<p>Muchas veces me preguntan: \u201cDoctor, \u00bfpor qu\u00e9 si llegu\u00e9 primero me atienden despu\u00e9s?\u201d. La respuesta es simple: en urgencias no importa el orden de llegada, importa la gravedad del paciente. Usamos un sistema llamado Triage, que nos ayuda a decidir qui\u00e9n necesita atenci\u00f3n inmediata y qui\u00e9n puede esperar un poco m\u00e1s sin correr riesgos. No se trata de restar importancia a nadie, sino de salvar vidas.<\/p>\n\n\n\n<p>Pensemos en un ejemplo: si llega un paciente con un dolor de pecho fuerte, dificultad para respirar o p\u00e9rdida de conciencia, esa persona pasa de inmediato. Si en cambio alguien consulta por un resfr\u00edo, dolor de garganta o fiebre leve, deber\u00e1 esperar porque, aunque inc\u00f3modo el malestar, no es una urgencia vital.<\/p>\n\n\n\n<p>Por eso queremos hacer un llamado cercano y muy sincero: cuando los s\u00edntomas no sean graves, prefiera acudir al SAPU o SAR de la comuna. All\u00ed tambi\u00e9n encontrar\u00e1 profesionales de la salud comprometidos y capacitados para resolver gran parte de las consultas que no requieren atenci\u00f3n hospitalaria. Con esa decisi\u00f3n, no solo cuida a su familia, tambi\u00e9n ayuda a que otros puedan recibir la atenci\u00f3n urgente que necesitan.<\/p>\n\n\n\n<p>Nuestro jefe de Urgencia, el Dr. Luis Vilches, me dijo un d\u00eda: <em>\u201cir al lugar correcto en el momento correcto puede salvar vidas\u201d<\/em>. Y esa es la esencia de lo que hacemos en salud, cuidar la vida.<\/p>\n\n\n\n<p>Somos el hospital de cabecera de la micro\u00e1rea de Santa Cruz, y nuestro compromiso con ustedes es absoluto. Pero el buen uso de la red de salud depende de todos. Si trabajamos juntos, podemos garantizar que cada persona reciba la atenci\u00f3n adecuada, en el momento justo. No estamos quit\u00e1ndole el cuerpo al trabajo, por el contrario, estamos enfoc\u00e1ndonos en quienes m\u00e1s nos necesitan, los que est\u00e1n con riesgo vital.<\/p>\n\n\n\n<p>En este punto, quiero tambi\u00e9n expresar mi profundo agradecimiento a cada funcionario y funcionaria de nuestro hospital, que durante los meses de mayor demanda asistencial entregan lo mejor de s\u00ed, con profesionalismo, entrega y humanidad. Gracias a su esfuerzo constante, podemos seguir cumpliendo nuestra misi\u00f3n de cuidar la salud y la vida de nuestra comunidad.<\/p>\n\n\n\n<p>Pedimos que lo recordemos siempre: hacer un buen uso de la urgencia es un acto de responsabilidad, de solidaridad y, sobre todo, de amor por la vida de quienes m\u00e1s queremos.<\/p>\n","protected":false},"excerpt":{"rendered":"Por Dr. Sebasti\u00e1n Urz\u00faa, Director del Hospital de Santa Cruz En nuestro Hospital de Santa Cruz trabajamos todos&hellip;\n","protected":false},"author":1,"featured_media":5363,"comment_status":"open","ping_status":"open","sticky":false,"template":"","format":"standard","meta":{"_monsterinsights_skip_tracking":false,"_monsterinsights_sitenote_active":false,"_monsterinsights_sitenote_note":"","_monsterinsights_sitenote_category":0,"footnotes":""},"categories":[8],"tags":[],"class_list":{"0":"post-5356","1":"post","2":"type-post","3":"status-publish","4":"format-standard","5":"has-post-thumbnail","7":"category-portada"},"aioseo_notices":[],"_links":{"self":[{"href":"https:\/\/www.rengoenlanoticia.cl\/prensa\/wp-json\/wp\/v2\/posts\/5356","targetHints":{"allow":["GET"]}}],"collection":[{"href":"https:\/\/www.rengoenlanoticia.cl\/prensa\/wp-json\/wp\/v2\/posts"}],"about":[{"href":"https:\/\/www.rengoenlanoticia.cl\/prensa\/wp-json\/wp\/v2\/types\/post"}],"author":[{"embeddable":true,"href":"https:\/\/www.rengoenlanoticia.cl\/prensa\/wp-json\/wp\/v2\/users\/1"}],"replies":[{"embeddable":true,"href":"https:\/\/www.rengoenlanoticia.cl\/prensa\/wp-json\/wp\/v2\/comments?post=5356"}],"version-history":[{"count":3,"href":"https:\/\/www.rengoenlanoticia.cl\/prensa\/wp-json\/wp\/v2\/posts\/5356\/revisions"}],"predecessor-version":[{"id":5383,"href":"https:\/\/www.rengoenlanoticia.cl\/prensa\/wp-json\/wp\/v2\/posts\/5356\/revisions\/5383"}],"wp:featuredmedia":[{"embeddable":true,"href":"https:\/\/www.rengoenlanoticia.cl\/prensa\/wp-json\/wp\/v2\/media\/5363"}],"wp:attachment":[{"href":"https:\/\/www.rengoenlanoticia.cl\/prensa\/wp-json\/wp\/v2\/media?parent=5356"}],"wp:term":[{"taxonomy":"category","embeddable":true,"href":"https:\/\/www.rengoenlanoticia.cl\/prensa\/wp-json\/wp\/v2\/categories?post=5356"},{"taxonomy":"post_tag","embeddable":true,"href":"https:\/\/www.rengoenlanoticia.cl\/prensa\/wp-json\/wp\/v2\/tags?post=5356"}],"curies":[{"name":"wp","href":"https:\/\/api.w.org\/{rel}","templated":true}]}}