{"id":5355,"date":"2025-08-20T01:49:56","date_gmt":"2025-08-20T01:49:56","guid":{"rendered":"https:\/\/www.rengoenlanoticia.cl\/prensa\/?p=5355"},"modified":"2025-08-20T01:49:58","modified_gmt":"2025-08-20T01:49:58","slug":"domingo-machuca-un-referente-de-la-agricultura-familiar-campesina-de-nancagua","status":"publish","type":"post","link":"https:\/\/www.rengoenlanoticia.cl\/prensa\/2025\/08\/20\/domingo-machuca-un-referente-de-la-agricultura-familiar-campesina-de-nancagua\/","title":{"rendered":"Domingo Machuca: un referente de la \u00a0Agricultura Familiar Campesina de Nancagua"},"content":{"rendered":"\n<p>Domingo Ignacio Machuca Lizama, de 54 a\u00f1os, ha forjado una historia de esfuerzo y dedicaci\u00f3n que lo posiciona como uno de los productores m\u00e1s destacados de la comuna de Nancagua. Ha volcado su energ\u00eda en el trabajo agr\u00edcola, transformando su predio en un modelo de productividad y sostenibilidad.<\/p>\n\n\n\n<p>Usuario de INDAP desde 2018, este agricultor comenz\u00f3 su emprendimiento cultivando repollo, br\u00f3coli, cebolla, mel\u00f3n y sand\u00eda, br\u00f3coli y cebolla. Con el tiempo, se especializ\u00f3 en lechugas y semilleros de cebolla de guarda, y recientemente incorpor\u00f3 frutales como limones, naranjos, paltos y almendros. Ya realiz\u00f3 su primera cosecha, que comercializ\u00f3 junto a sus otros productos en la feria libre Los Naranjos de Nancagua.<\/p>\n\n\n\n<figure class=\"wp-block-image size-full\"><img loading=\"lazy\" decoding=\"async\" width=\"1024\" height=\"683\" src=\"https:\/\/www.rengoenlanoticia.cl\/prensa\/wp-content\/uploads\/2025\/08\/Sin-titulo.jpg\" alt=\"\" class=\"wp-image-5360\" srcset=\"https:\/\/www.rengoenlanoticia.cl\/prensa\/wp-content\/uploads\/2025\/08\/Sin-titulo.jpg 1024w, https:\/\/www.rengoenlanoticia.cl\/prensa\/wp-content\/uploads\/2025\/08\/Sin-titulo-300x200.jpg 300w, https:\/\/www.rengoenlanoticia.cl\/prensa\/wp-content\/uploads\/2025\/08\/Sin-titulo-768x512.jpg 768w, https:\/\/www.rengoenlanoticia.cl\/prensa\/wp-content\/uploads\/2025\/08\/Sin-titulo-110x73.jpg 110w, https:\/\/www.rengoenlanoticia.cl\/prensa\/wp-content\/uploads\/2025\/08\/Sin-titulo-200x133.jpg 200w, https:\/\/www.rengoenlanoticia.cl\/prensa\/wp-content\/uploads\/2025\/08\/Sin-titulo-380x253.jpg 380w, https:\/\/www.rengoenlanoticia.cl\/prensa\/wp-content\/uploads\/2025\/08\/Sin-titulo-255x170.jpg 255w, https:\/\/www.rengoenlanoticia.cl\/prensa\/wp-content\/uploads\/2025\/08\/Sin-titulo-550x367.jpg 550w, https:\/\/www.rengoenlanoticia.cl\/prensa\/wp-content\/uploads\/2025\/08\/Sin-titulo-800x534.jpg 800w\" sizes=\"auto, (max-width: 1024px) 100vw, 1024px\" \/><\/figure>\n\n\n\n<p>INDAP ha apoyado a este productor \u2013usuario del programa Prodesal- con asesor\u00eda y diversos proyectos de inversi\u00f3n que le han permitido mejorar su unidad productiva: un invernadero met\u00e1lico (2019), 108 plantas frutales (2022), un tractor agr\u00edcola ISEKI con rotovator (PDI-GORE 2024) y un sistema completo de riego por goteo (2024). Estas inversiones han permitido reducir sus costos productivos en un 30%, eliminar la necesidad de contratar servicios externos para el trabajo de suelo y optimizar el uso de agua y fertilizantes mediante fertirriego.<\/p>\n\n\n\n<p>Domingo Machuca se destaca por ser un excelente productor que se dedica cien por ciento a su sistema productivo. Cultiva hortalizas todo el a\u00f1o y ahora tambi\u00e9n tiene frutales; se preocupa de entregar un producto saludable a los consumidores y con perseverancia ha logrado consolidar su emprendimiento.<\/p>\n\n\n\n<p>Con la asesor\u00eda del equipo PRODESAL y los proyectos de inversi\u00f3n fianciados por INDAP y el Gobierno Regional este agricultor ha disminuido sus costos de producci\u00f3n en un 30%, ya que actualmente no contrata servicios para trabajo de suelo y, adem\u00e1s, ha bajado en un porcentaje importante el consumo de agua y fertilizantes al tener un sistema m\u00e1s eficiente de riego y fertirriego.<\/p>\n\n\n\n<p>El director regional de INDAP, Braulio Moreno, destac\u00f3 la trayectoria de este productor; se\u00f1alando que su compromiso con el campo, su crecimiento sostenido y su capacidad de adaptaci\u00f3n lo convierten en un referente de la agricultura familiar campesina de Nancagua y la regi\u00f3n.<\/p>\n","protected":false},"excerpt":{"rendered":"Domingo Ignacio Machuca Lizama, de 54 a\u00f1os, ha forjado una historia de esfuerzo y dedicaci\u00f3n que lo posiciona&hellip;\n","protected":false},"author":1,"featured_media":5359,"comment_status":"open","ping_status":"open","sticky":false,"template":"","format":"standard","meta":{"_monsterinsights_skip_tracking":false,"_monsterinsights_sitenote_active":false,"_monsterinsights_sitenote_note":"","_monsterinsights_sitenote_category":0,"footnotes":""},"categories":[8],"tags":[],"class_list":{"0":"post-5355","1":"post","2":"type-post","3":"status-publish","4":"format-standard","5":"has-post-thumbnail","7":"category-portada"},"aioseo_notices":[],"_links":{"self":[{"href":"https:\/\/www.rengoenlanoticia.cl\/prensa\/wp-json\/wp\/v2\/posts\/5355","targetHints":{"allow":["GET"]}}],"collection":[{"href":"https:\/\/www.rengoenlanoticia.cl\/prensa\/wp-json\/wp\/v2\/posts"}],"about":[{"href":"https:\/\/www.rengoenlanoticia.cl\/prensa\/wp-json\/wp\/v2\/types\/post"}],"author":[{"embeddable":true,"href":"https:\/\/www.rengoenlanoticia.cl\/prensa\/wp-json\/wp\/v2\/users\/1"}],"replies":[{"embeddable":true,"href":"https:\/\/www.rengoenlanoticia.cl\/prensa\/wp-json\/wp\/v2\/comments?post=5355"}],"version-history":[{"count":3,"href":"https:\/\/www.rengoenlanoticia.cl\/prensa\/wp-json\/wp\/v2\/posts\/5355\/revisions"}],"predecessor-version":[{"id":5380,"href":"https:\/\/www.rengoenlanoticia.cl\/prensa\/wp-json\/wp\/v2\/posts\/5355\/revisions\/5380"}],"wp:featuredmedia":[{"embeddable":true,"href":"https:\/\/www.rengoenlanoticia.cl\/prensa\/wp-json\/wp\/v2\/media\/5359"}],"wp:attachment":[{"href":"https:\/\/www.rengoenlanoticia.cl\/prensa\/wp-json\/wp\/v2\/media?parent=5355"}],"wp:term":[{"taxonomy":"category","embeddable":true,"href":"https:\/\/www.rengoenlanoticia.cl\/prensa\/wp-json\/wp\/v2\/categories?post=5355"},{"taxonomy":"post_tag","embeddable":true,"href":"https:\/\/www.rengoenlanoticia.cl\/prensa\/wp-json\/wp\/v2\/tags?post=5355"}],"curies":[{"name":"wp","href":"https:\/\/api.w.org\/{rel}","templated":true}]}}