{"id":5348,"date":"2025-08-19T15:57:48","date_gmt":"2025-08-19T15:57:48","guid":{"rendered":"https:\/\/www.rengoenlanoticia.cl\/prensa\/?p=5348"},"modified":"2025-08-19T15:59:33","modified_gmt":"2025-08-19T15:59:33","slug":"autoridades-visitan-obras-de-mejoramiento-en-la-avenida-la-compania","status":"publish","type":"post","link":"https:\/\/www.rengoenlanoticia.cl\/prensa\/2025\/08\/19\/autoridades-visitan-obras-de-mejoramiento-en-la-avenida-la-compania\/","title":{"rendered":"Autoridades Visitan Obras de Mejoramiento en la Avenida La Compa\u00f1\u00eda"},"content":{"rendered":"\n<p>Con una inversi\u00f3n de 550 millones de pesos del Servicio de Vivienda y Urbanismo (SERVIU), se dio inicio a las obras de conservaci\u00f3n de la Avenida La Compa\u00f1\u00eda.<\/p>\n\n\n\n<p>Esta importante obra, que abarca un tramo de un kil\u00f3metro, busca mejorar significativamente la conectividad y la calidad de vida de los vecinos.<\/p>\n\n\n\n<p>El proyecto responde a una de las demandas m\u00e1s sentidas por la comunidad, ya que este tramo de alto tr\u00e1fico se encontraba en un estado de considerable deterioro. La finalizaci\u00f3n de las obras no solo mejorar\u00e1 el tr\u00e1nsito diario de miles de personas, sino que tambi\u00e9n ser\u00e1 un legado para la ciudad, optimizando la accesibilidad y la seguridad vial.<\/p>\n\n\n\n<figure class=\"wp-block-image size-large\"><img loading=\"lazy\" decoding=\"async\" width=\"1024\" height=\"576\" src=\"https:\/\/www.rengoenlanoticia.cl\/prensa\/wp-content\/uploads\/2025\/08\/WhatsApp-Image-2025-08-19-at-11.17.37-1024x576.jpeg\" alt=\"\" class=\"wp-image-5350\" srcset=\"https:\/\/www.rengoenlanoticia.cl\/prensa\/wp-content\/uploads\/2025\/08\/WhatsApp-Image-2025-08-19-at-11.17.37-1024x576.jpeg 1024w, https:\/\/www.rengoenlanoticia.cl\/prensa\/wp-content\/uploads\/2025\/08\/WhatsApp-Image-2025-08-19-at-11.17.37-300x169.jpeg 300w, https:\/\/www.rengoenlanoticia.cl\/prensa\/wp-content\/uploads\/2025\/08\/WhatsApp-Image-2025-08-19-at-11.17.37-768x432.jpeg 768w, https:\/\/www.rengoenlanoticia.cl\/prensa\/wp-content\/uploads\/2025\/08\/WhatsApp-Image-2025-08-19-at-11.17.37-1536x864.jpeg 1536w, https:\/\/www.rengoenlanoticia.cl\/prensa\/wp-content\/uploads\/2025\/08\/WhatsApp-Image-2025-08-19-at-11.17.37-110x62.jpeg 110w, https:\/\/www.rengoenlanoticia.cl\/prensa\/wp-content\/uploads\/2025\/08\/WhatsApp-Image-2025-08-19-at-11.17.37-200x113.jpeg 200w, https:\/\/www.rengoenlanoticia.cl\/prensa\/wp-content\/uploads\/2025\/08\/WhatsApp-Image-2025-08-19-at-11.17.37-380x214.jpeg 380w, https:\/\/www.rengoenlanoticia.cl\/prensa\/wp-content\/uploads\/2025\/08\/WhatsApp-Image-2025-08-19-at-11.17.37-255x143.jpeg 255w, https:\/\/www.rengoenlanoticia.cl\/prensa\/wp-content\/uploads\/2025\/08\/WhatsApp-Image-2025-08-19-at-11.17.37-550x309.jpeg 550w, https:\/\/www.rengoenlanoticia.cl\/prensa\/wp-content\/uploads\/2025\/08\/WhatsApp-Image-2025-08-19-at-11.17.37-800x450.jpeg 800w, https:\/\/www.rengoenlanoticia.cl\/prensa\/wp-content\/uploads\/2025\/08\/WhatsApp-Image-2025-08-19-at-11.17.37-1160x653.jpeg 1160w, https:\/\/www.rengoenlanoticia.cl\/prensa\/wp-content\/uploads\/2025\/08\/WhatsApp-Image-2025-08-19-at-11.17.37.jpeg 1600w\" sizes=\"auto, (max-width: 1024px) 100vw, 1024px\" \/><\/figure>\n\n\n\n<p>El Delegado Presidencial Regional, Fabio L\u00f3pez Aguilera, se\u00f1ala que \u00abestamos cumpliendo con un compromiso adquirido para ser una excelente sede del Mundial Sub-20, pero lo m\u00e1s importante es que esta obra es un legado duradero para todos los ciudadanos. Adem\u00e1s, esta inversi\u00f3n no solo modernizar\u00e1 la avenida, sino que tambi\u00e9n mejorar\u00e1 la calidad de vida de quienes transitan por ella a diario\u00bb.<\/p>\n\n\n\n<p>Por su parte, el Director de Serviu O\u2019Higgins, Omar Guti\u00e9rrez, se\u00f1ala que \u201chemos comenzado los trabajos de recarpeteado asf\u00e1ltico en la calle Alameda, cubriendo aproximadamente un kil\u00f3metro, desde la misma Alameda hasta la avenida la Compa\u00f1\u00eda.<\/p>\n\n\n\n<p>Este proyecto, que busca mejorar el mal estado de esta transitada v\u00eda, incluye no solo el asfaltado, sino tambi\u00e9n la construcci\u00f3n en hormig\u00f3n de los encuentros con las calles y pasajes aleda\u00f1os. Adem\u00e1s, se realizar\u00e1 una limpieza completa de todos los sumideros para asegurar un correcto drenaje.<\/p>\n\n\n\n<figure class=\"wp-block-image size-large\"><img loading=\"lazy\" decoding=\"async\" width=\"1024\" height=\"576\" src=\"https:\/\/www.rengoenlanoticia.cl\/prensa\/wp-content\/uploads\/2025\/08\/WhatsApp-Image-2025-08-19-at-11.17.37-1-1024x576.jpeg\" alt=\"\" class=\"wp-image-5351\" srcset=\"https:\/\/www.rengoenlanoticia.cl\/prensa\/wp-content\/uploads\/2025\/08\/WhatsApp-Image-2025-08-19-at-11.17.37-1-1024x576.jpeg 1024w, https:\/\/www.rengoenlanoticia.cl\/prensa\/wp-content\/uploads\/2025\/08\/WhatsApp-Image-2025-08-19-at-11.17.37-1-300x169.jpeg 300w, https:\/\/www.rengoenlanoticia.cl\/prensa\/wp-content\/uploads\/2025\/08\/WhatsApp-Image-2025-08-19-at-11.17.37-1-768x432.jpeg 768w, https:\/\/www.rengoenlanoticia.cl\/prensa\/wp-content\/uploads\/2025\/08\/WhatsApp-Image-2025-08-19-at-11.17.37-1-1536x864.jpeg 1536w, https:\/\/www.rengoenlanoticia.cl\/prensa\/wp-content\/uploads\/2025\/08\/WhatsApp-Image-2025-08-19-at-11.17.37-1-110x62.jpeg 110w, https:\/\/www.rengoenlanoticia.cl\/prensa\/wp-content\/uploads\/2025\/08\/WhatsApp-Image-2025-08-19-at-11.17.37-1-200x113.jpeg 200w, https:\/\/www.rengoenlanoticia.cl\/prensa\/wp-content\/uploads\/2025\/08\/WhatsApp-Image-2025-08-19-at-11.17.37-1-380x214.jpeg 380w, https:\/\/www.rengoenlanoticia.cl\/prensa\/wp-content\/uploads\/2025\/08\/WhatsApp-Image-2025-08-19-at-11.17.37-1-255x143.jpeg 255w, https:\/\/www.rengoenlanoticia.cl\/prensa\/wp-content\/uploads\/2025\/08\/WhatsApp-Image-2025-08-19-at-11.17.37-1-550x309.jpeg 550w, https:\/\/www.rengoenlanoticia.cl\/prensa\/wp-content\/uploads\/2025\/08\/WhatsApp-Image-2025-08-19-at-11.17.37-1-800x450.jpeg 800w, https:\/\/www.rengoenlanoticia.cl\/prensa\/wp-content\/uploads\/2025\/08\/WhatsApp-Image-2025-08-19-at-11.17.37-1-1160x653.jpeg 1160w, https:\/\/www.rengoenlanoticia.cl\/prensa\/wp-content\/uploads\/2025\/08\/WhatsApp-Image-2025-08-19-at-11.17.37-1.jpeg 1600w\" sizes=\"auto, (max-width: 1024px) 100vw, 1024px\" \/><\/figure>\n\n\n\n<p>Sabemos que este es un paso importante para mejorar la circulaci\u00f3n y la seguridad vial de manera parcial, y con esto reafirmamos nuestro compromiso de seguir trabajando para la comunidad de la Regi\u00f3n de O\u2019Higgins.\u201d<\/p>\n\n\n\n<p>Finalmente, el Seremi de Gobierno, Carlos Carrasco, menciona que \u201ccon estas obras, el gobierno del Presidente Gabriel Boric est\u00e1 demostrando, con hechos, su compromiso con la ciudad de Rancagua. Estamos trabajando para que nuestra ciudad se convierta en una excelente sede para el Mundial Sub-20.\u201d<\/p>\n\n\n\n<p>Se espera que las obras finalicen en el plazo establecido, entregando a la comunidad una avenida renovada que facilitar\u00e1 el desplazamiento y contribuir\u00e1 a un mejor desarrollo urbano.<\/p>\n","protected":false},"excerpt":{"rendered":"Con una inversi\u00f3n de 550 millones de pesos del Servicio de Vivienda y Urbanismo (SERVIU), se dio inicio&hellip;\n","protected":false},"author":1,"featured_media":5349,"comment_status":"open","ping_status":"open","sticky":false,"template":"","format":"standard","meta":{"_monsterinsights_skip_tracking":false,"_monsterinsights_sitenote_active":false,"_monsterinsights_sitenote_note":"","_monsterinsights_sitenote_category":0,"footnotes":""},"categories":[8],"tags":[],"class_list":{"0":"post-5348","1":"post","2":"type-post","3":"status-publish","4":"format-standard","5":"has-post-thumbnail","7":"category-portada"},"aioseo_notices":[],"_links":{"self":[{"href":"https:\/\/www.rengoenlanoticia.cl\/prensa\/wp-json\/wp\/v2\/posts\/5348","targetHints":{"allow":["GET"]}}],"collection":[{"href":"https:\/\/www.rengoenlanoticia.cl\/prensa\/wp-json\/wp\/v2\/posts"}],"about":[{"href":"https:\/\/www.rengoenlanoticia.cl\/prensa\/wp-json\/wp\/v2\/types\/post"}],"author":[{"embeddable":true,"href":"https:\/\/www.rengoenlanoticia.cl\/prensa\/wp-json\/wp\/v2\/users\/1"}],"replies":[{"embeddable":true,"href":"https:\/\/www.rengoenlanoticia.cl\/prensa\/wp-json\/wp\/v2\/comments?post=5348"}],"version-history":[{"count":3,"href":"https:\/\/www.rengoenlanoticia.cl\/prensa\/wp-json\/wp\/v2\/posts\/5348\/revisions"}],"predecessor-version":[{"id":5354,"href":"https:\/\/www.rengoenlanoticia.cl\/prensa\/wp-json\/wp\/v2\/posts\/5348\/revisions\/5354"}],"wp:featuredmedia":[{"embeddable":true,"href":"https:\/\/www.rengoenlanoticia.cl\/prensa\/wp-json\/wp\/v2\/media\/5349"}],"wp:attachment":[{"href":"https:\/\/www.rengoenlanoticia.cl\/prensa\/wp-json\/wp\/v2\/media?parent=5348"}],"wp:term":[{"taxonomy":"category","embeddable":true,"href":"https:\/\/www.rengoenlanoticia.cl\/prensa\/wp-json\/wp\/v2\/categories?post=5348"},{"taxonomy":"post_tag","embeddable":true,"href":"https:\/\/www.rengoenlanoticia.cl\/prensa\/wp-json\/wp\/v2\/tags?post=5348"}],"curies":[{"name":"wp","href":"https:\/\/api.w.org\/{rel}","templated":true}]}}