{"id":5324,"date":"2025-08-18T19:05:41","date_gmt":"2025-08-18T19:05:41","guid":{"rendered":"https:\/\/www.rengoenlanoticia.cl\/prensa\/?p=5324"},"modified":"2025-08-18T19:05:47","modified_gmt":"2025-08-18T19:05:47","slug":"historia-y-tradicion-estudiantes-del-colegio-gabriela-mistral-vivieron-la-experiencia-de-la-orfebreria-en-coya","status":"publish","type":"post","link":"https:\/\/www.rengoenlanoticia.cl\/prensa\/2025\/08\/18\/historia-y-tradicion-estudiantes-del-colegio-gabriela-mistral-vivieron-la-experiencia-de-la-orfebreria-en-coya\/","title":{"rendered":"Historia y tradici\u00f3n: estudiantes del Colegio Gabriela Mistral vivieron la experiencia de la orfebrer\u00eda en Coya"},"content":{"rendered":"\n<p>Codelco Divisi\u00f3n El Teniente y Corporaci\u00f3n Pro O\u2019Higgins han mantenido vivo durante 25 a\u00f1os la orfebrer\u00eda en cobre en el coraz\u00f3n de Coya.<\/p>\n\n\n\n<p>Una jornada cargada de historia, creatividad y tradici\u00f3n se vivi\u00f3 en la <strong>Escuela de Orfebres de Coya<\/strong>, que recibi\u00f3 la visita de estudiantes de 4\u00b0 a 8\u00b0 b\u00e1sico del <strong>Colegio Gabriela Mistral de Machal\u00ed<\/strong>, quienes tambi\u00e9n participan en un taller de orfebrer\u00eda en su propio establecimiento.<\/p>\n\n\n\n<p>Guiados por las alumnas del curso de Orfebrer\u00eda Avanzada, ni\u00f1os y ni\u00f1as elaboraron sus propias \u2018<em>pailitas\u2019<\/em> en cobre, fortaleciendo lo aprendido en clases y experimentando de primera mano el trabajo con este noble metal.<\/p>\n\n\n\n<p>Este oficio, que <strong>Codelco Divisi\u00f3n El Teniente<\/strong> y <strong>Pro O\u2019Higgins<\/strong> han preservado por casi 25 a\u00f1os, dej\u00f3 su huella en 2002 en <strong>Domingo Venegas<\/strong>, entonces estudiante de la Escuela, y que hoy es maestro del taller del Colegio Gabriela Mistral.<\/p>\n\n\n\n<p><em>\u201cNos emociona ver c\u00f3mo, a\u00f1o tras a\u00f1o, este arte se traspasa de generaci\u00f3n en generaci\u00f3n, manteniendo vivo un oficio que late en la cultura de Coya y en el coraz\u00f3n de la regi\u00f3n\u201d<\/em>, destac\u00f3 Braulio Guzm\u00e1n, gerente general de Pro O\u2019Higgins.<\/p>\n\n\n\n<p>Denis C\u00e9l\u0450ry, formador de orfebres, resalt\u00f3 la valiosa visita. \u201c<em>Es un orgullo ver c\u00f3mo este oficio sigue vivo en uno de los primeros egresados de la Escuela y que, adem\u00e1s, desde su quehacer, tiene la oportunidad de entregar estos conocimientos a sus alumnos es muy interesante\u201d, <\/em>se\u00f1al\u00f3 C\u00e9l\u0450ry.<\/p>\n\n\n\n<p>Para Rafaela Ram\u00edrez, estudiante 5to b\u00e1sico A, la orfebrer\u00eda es una manera de explotar m\u00e1s la creatividad, <em>\u201cy nos ayuda a liberarnos de otras cargas que podemos estar llevando a trav\u00e9s del cobre. Este lugar es muy lindo porque adem\u00e1s muestra las diferentes piezas de arte que han hecho y me imagino alg\u00fan d\u00eda poder hacer algo as\u00ed\u201d.<\/em><\/p>\n\n\n\n<p>Una impresi\u00f3n similar comparti\u00f3 Florencia Vargas, estudiante de 6to B, de esta visita:<em> \u201cMe ha parecido una experiencia buen\u00edsima que nos ha relajado, he aprendido a hacer otra pieza distinta a las que he hecho en el taller de orfebrer\u00eda del colegio\u201d.<\/em><\/p>\n\n\n\n<p><strong>De la orfebrer\u00eda a las habilidades blandas<\/strong><\/p>\n\n\n\n<p>Domingo Venegas, gu\u00eda de taller del colegio Gabriela Mistral, recuerda con gratitud su paso por la Escuela de Orfebres de Coya donde recibi\u00f3 sus primeras clases con el maestro Ra\u00fal C\u00e9l\u0450ry.<\/p>\n\n\n\n<p><em>\u201cSoy nacido y criado en esta Escuela, fui de las primeras generaciones de ex alumnos y seguimos practicando este oficio. Lo aprendido me ayud\u00f3 a encontrar una fuente laboral y una inspiraci\u00f3n para trabajar la materia prima que nos da la zona\u201d, <\/em>explic\u00f3 Venegas.<\/p>\n\n\n\n<p>La orfebrer\u00eda se ha convertido en un camino elegido por el Colegio Gabriela Mistral para potenciar el aprendizaje integral de sus estudiantes, permiti\u00e9ndoles trabajar objetivos transversales como el desarrollo de habilidades blandas, tales como la creatividad, la comunicaci\u00f3n, el trabajo en equipo, pensamiento cr\u00edtico y la perseverancia.<em><\/em><\/p>\n\n\n\n<p>Para Fabiola Silva, sic\u00f3loga de esta instituci\u00f3n educativa, uno de los principales desaf\u00edos que enfrentan los ni\u00f1os y ni\u00f1as es la baja tolerancia a la frustraci\u00f3n por la inmediatez con la que viven hoy, <em>\u201cpor medio del taller trabajamos mucho ese \u00e1mbito porque les ense\u00f1amos a ser pacientes y realizar el proceso antes de ver el resultado. Estar aqu\u00ed les muestra que hay otras alternativas para emplearse laboralmente y que hay adultos que se dedican a esto\u201d.<\/em><\/p>\n\n\n\n<p><strong>Postulaciones abiertas para el curso de Orfebrer\u00eda B\u00e1sica 2025<\/strong><\/p>\n\n\n\n<p>Corporaci\u00f3n Pro O\u2019Higgins informa que se encuentran abiertas las postulaciones para el curso de Orfebrer\u00eda B\u00e1sica de la Escuela de Orfebres de Coya que recibir\u00e1 a 20 nuevos estudiantes para un programa de 300 horas de formaci\u00f3n en aproximadamente 22 semanas.<\/p>\n\n\n\n<figure class=\"wp-block-image size-large\"><img loading=\"lazy\" decoding=\"async\" width=\"820\" height=\"1024\" src=\"https:\/\/www.rengoenlanoticia.cl\/prensa\/wp-content\/uploads\/2025\/08\/Postulaciones-Abiertas-Escuela-Orfebres-2-820x1024.jpg\" alt=\"\" class=\"wp-image-5335\" srcset=\"https:\/\/www.rengoenlanoticia.cl\/prensa\/wp-content\/uploads\/2025\/08\/Postulaciones-Abiertas-Escuela-Orfebres-2-820x1024.jpg 820w, https:\/\/www.rengoenlanoticia.cl\/prensa\/wp-content\/uploads\/2025\/08\/Postulaciones-Abiertas-Escuela-Orfebres-2-240x300.jpg 240w, https:\/\/www.rengoenlanoticia.cl\/prensa\/wp-content\/uploads\/2025\/08\/Postulaciones-Abiertas-Escuela-Orfebres-2-768x959.jpg 768w, https:\/\/www.rengoenlanoticia.cl\/prensa\/wp-content\/uploads\/2025\/08\/Postulaciones-Abiertas-Escuela-Orfebres-2-110x137.jpg 110w, https:\/\/www.rengoenlanoticia.cl\/prensa\/wp-content\/uploads\/2025\/08\/Postulaciones-Abiertas-Escuela-Orfebres-2-200x250.jpg 200w, https:\/\/www.rengoenlanoticia.cl\/prensa\/wp-content\/uploads\/2025\/08\/Postulaciones-Abiertas-Escuela-Orfebres-2-380x475.jpg 380w, https:\/\/www.rengoenlanoticia.cl\/prensa\/wp-content\/uploads\/2025\/08\/Postulaciones-Abiertas-Escuela-Orfebres-2-255x318.jpg 255w, https:\/\/www.rengoenlanoticia.cl\/prensa\/wp-content\/uploads\/2025\/08\/Postulaciones-Abiertas-Escuela-Orfebres-2-300x375.jpg 300w, https:\/\/www.rengoenlanoticia.cl\/prensa\/wp-content\/uploads\/2025\/08\/Postulaciones-Abiertas-Escuela-Orfebres-2-550x687.jpg 550w, https:\/\/www.rengoenlanoticia.cl\/prensa\/wp-content\/uploads\/2025\/08\/Postulaciones-Abiertas-Escuela-Orfebres-2-800x999.jpg 800w, https:\/\/www.rengoenlanoticia.cl\/prensa\/wp-content\/uploads\/2025\/08\/Postulaciones-Abiertas-Escuela-Orfebres-2.jpg 1081w\" sizes=\"auto, (max-width: 820px) 100vw, 820px\" \/><\/figure>\n\n\n\n<p>Los participantes aprender\u00e1n a:<\/p>\n\n\n\n<ul class=\"wp-block-list\">\n<li>Reconocer dise\u00f1os de piezas ornamentales, utilitarias y joyas en cobre.<\/li>\n\n\n\n<li>Dise\u00f1ar bocetos y elaborar planimetr\u00edas y maquetas.<\/li>\n\n\n\n<li>Trabajar t\u00e9cnicas como texturado, repujado y forja.<\/li>\n\n\n\n<li>Reconocer est\u00e1ndares de calidad en orfebrer\u00eda.<\/li>\n\n\n\n<li>Elaborar herramientas espec\u00edficas para el oficio.<\/li>\n<\/ul>\n\n\n\n<p>La informaci\u00f3n completa de perfiles y el formulario de postulaci\u00f3n est\u00e1n disponibles en <a href=\"http:\/\/www.pro-ohiggins.cl\"><strong>www.pro-ohiggins.cl<\/strong><\/a><\/p>\n","protected":false},"excerpt":{"rendered":"Codelco Divisi\u00f3n El Teniente y Corporaci\u00f3n Pro O\u2019Higgins han mantenido vivo durante 25 a\u00f1os la orfebrer\u00eda en cobre&hellip;\n","protected":false},"author":1,"featured_media":5336,"comment_status":"open","ping_status":"open","sticky":false,"template":"","format":"standard","meta":{"_monsterinsights_skip_tracking":false,"_monsterinsights_sitenote_active":false,"_monsterinsights_sitenote_note":"","_monsterinsights_sitenote_category":0,"footnotes":""},"categories":[8],"tags":[],"class_list":{"0":"post-5324","1":"post","2":"type-post","3":"status-publish","4":"format-standard","5":"has-post-thumbnail","7":"category-portada"},"aioseo_notices":[],"_links":{"self":[{"href":"https:\/\/www.rengoenlanoticia.cl\/prensa\/wp-json\/wp\/v2\/posts\/5324","targetHints":{"allow":["GET"]}}],"collection":[{"href":"https:\/\/www.rengoenlanoticia.cl\/prensa\/wp-json\/wp\/v2\/posts"}],"about":[{"href":"https:\/\/www.rengoenlanoticia.cl\/prensa\/wp-json\/wp\/v2\/types\/post"}],"author":[{"embeddable":true,"href":"https:\/\/www.rengoenlanoticia.cl\/prensa\/wp-json\/wp\/v2\/users\/1"}],"replies":[{"embeddable":true,"href":"https:\/\/www.rengoenlanoticia.cl\/prensa\/wp-json\/wp\/v2\/comments?post=5324"}],"version-history":[{"count":3,"href":"https:\/\/www.rengoenlanoticia.cl\/prensa\/wp-json\/wp\/v2\/posts\/5324\/revisions"}],"predecessor-version":[{"id":5344,"href":"https:\/\/www.rengoenlanoticia.cl\/prensa\/wp-json\/wp\/v2\/posts\/5324\/revisions\/5344"}],"wp:featuredmedia":[{"embeddable":true,"href":"https:\/\/www.rengoenlanoticia.cl\/prensa\/wp-json\/wp\/v2\/media\/5336"}],"wp:attachment":[{"href":"https:\/\/www.rengoenlanoticia.cl\/prensa\/wp-json\/wp\/v2\/media?parent=5324"}],"wp:term":[{"taxonomy":"category","embeddable":true,"href":"https:\/\/www.rengoenlanoticia.cl\/prensa\/wp-json\/wp\/v2\/categories?post=5324"},{"taxonomy":"post_tag","embeddable":true,"href":"https:\/\/www.rengoenlanoticia.cl\/prensa\/wp-json\/wp\/v2\/tags?post=5324"}],"curies":[{"name":"wp","href":"https:\/\/api.w.org\/{rel}","templated":true}]}}