{"id":5323,"date":"2025-08-18T19:03:25","date_gmt":"2025-08-18T19:03:25","guid":{"rendered":"https:\/\/www.rengoenlanoticia.cl\/prensa\/?p=5323"},"modified":"2025-08-18T19:03:34","modified_gmt":"2025-08-18T19:03:34","slug":"hospital-de-santa-cruz-participa-en-asamblea-de-union-comunal-del-adulto-mayor","status":"publish","type":"post","link":"https:\/\/www.rengoenlanoticia.cl\/prensa\/2025\/08\/18\/hospital-de-santa-cruz-participa-en-asamblea-de-union-comunal-del-adulto-mayor\/","title":{"rendered":"Hospital de Santa Cruz participa en asamblea de Uni\u00f3n Comunal del Adulto Mayor\u2022"},"content":{"rendered":"\n<p> Hospital de Santa Cruz participa en asamblea de Uni\u00f3n Comunal del Adulto Mayor\u2022 El director del establecimiento, Dr. Sebasti\u00e1n Urz\u00faa, expuso sobre avances, estrategias y mejoras en la atenci\u00f3n, reafirmando el compromiso con una salud p\u00fablica cercana y humana.<\/p>\n\n\n\n<p>Mantener a la comunidad informada sobre el funcionamiento, avances y estrategias de los hospitales que integran la red asistencial de O\u2019Higgins, siempre es prioridad para sus directores, y un buen ejemplo de ello lo realiza el Hospital de Santa Cruz, donde saben que ello es clave para fortalecer la confianza y el trabajo conjunto. Bajo este prop\u00f3sito, su Director, el Dr. Sebasti\u00e1n Urz\u00faa, particip\u00f3 en la asamblea de la Uni\u00f3n Comunal del Adulto Mayor de Santa Cruz, encuentro que reuni\u00f3 a representantes de organizaciones de personas mayores de la comuna.<\/p>\n\n\n\n<p>Durante la actividad, el Dr. Urz\u00faa present\u00f3 antecedentes generales del establecimiento de salud y comparti\u00f3 las estrategias institucionales que se desarrollan en conjunto con la comunidad organizada, destacando el enfoque en humanizaci\u00f3n de la atenci\u00f3n, la incorporaci\u00f3n de nuevos recursos humanos y el mejoramiento continuo de la infraestructura, todo con el objetivo de brindar una mejor experiencia para pacientes y familias.<\/p>\n\n\n\n<p>\u00abEl trabajo con las personas mayores y sus organizaciones es fundamental para construir un hospital m\u00e1s cercano, resolutivo y humano. Escuchar sus inquietudes y compartir nuestros avances nos permite seguir mejorando cada d\u00eda\u00bb, se\u00f1al\u00f3 el Dr. Urz\u00faa.<\/p>\n\n\n\n<p>Asimismo, enfatiz\u00f3 que \u201cparticipar de esta reuni\u00f3n mensual de la Uni\u00f3n Comunal est\u00e1 reafirmando nuestro compromiso con la participaci\u00f3n ciudadana, reconociendo a las personas mayores como actores claves en la construcci\u00f3n de una salud p\u00fablica de calidad y centrada en las personas\u201d.<\/p>\n","protected":false},"excerpt":{"rendered":"Hospital de Santa Cruz participa en asamblea de Uni\u00f3n Comunal del Adulto Mayor\u2022 El director del establecimiento, Dr.&hellip;\n","protected":false},"author":1,"featured_media":5332,"comment_status":"open","ping_status":"open","sticky":false,"template":"","format":"standard","meta":{"_monsterinsights_skip_tracking":false,"_monsterinsights_sitenote_active":false,"_monsterinsights_sitenote_note":"","_monsterinsights_sitenote_category":0,"footnotes":""},"categories":[8],"tags":[],"class_list":{"0":"post-5323","1":"post","2":"type-post","3":"status-publish","4":"format-standard","5":"has-post-thumbnail","7":"category-portada"},"aioseo_notices":[],"_links":{"self":[{"href":"https:\/\/www.rengoenlanoticia.cl\/prensa\/wp-json\/wp\/v2\/posts\/5323","targetHints":{"allow":["GET"]}}],"collection":[{"href":"https:\/\/www.rengoenlanoticia.cl\/prensa\/wp-json\/wp\/v2\/posts"}],"about":[{"href":"https:\/\/www.rengoenlanoticia.cl\/prensa\/wp-json\/wp\/v2\/types\/post"}],"author":[{"embeddable":true,"href":"https:\/\/www.rengoenlanoticia.cl\/prensa\/wp-json\/wp\/v2\/users\/1"}],"replies":[{"embeddable":true,"href":"https:\/\/www.rengoenlanoticia.cl\/prensa\/wp-json\/wp\/v2\/comments?post=5323"}],"version-history":[{"count":3,"href":"https:\/\/www.rengoenlanoticia.cl\/prensa\/wp-json\/wp\/v2\/posts\/5323\/revisions"}],"predecessor-version":[{"id":5342,"href":"https:\/\/www.rengoenlanoticia.cl\/prensa\/wp-json\/wp\/v2\/posts\/5323\/revisions\/5342"}],"wp:featuredmedia":[{"embeddable":true,"href":"https:\/\/www.rengoenlanoticia.cl\/prensa\/wp-json\/wp\/v2\/media\/5332"}],"wp:attachment":[{"href":"https:\/\/www.rengoenlanoticia.cl\/prensa\/wp-json\/wp\/v2\/media?parent=5323"}],"wp:term":[{"taxonomy":"category","embeddable":true,"href":"https:\/\/www.rengoenlanoticia.cl\/prensa\/wp-json\/wp\/v2\/categories?post=5323"},{"taxonomy":"post_tag","embeddable":true,"href":"https:\/\/www.rengoenlanoticia.cl\/prensa\/wp-json\/wp\/v2\/tags?post=5323"}],"curies":[{"name":"wp","href":"https:\/\/api.w.org\/{rel}","templated":true}]}}