{"id":5322,"date":"2025-08-18T18:06:50","date_gmt":"2025-08-18T18:06:50","guid":{"rendered":"https:\/\/www.rengoenlanoticia.cl\/prensa\/?p=5322"},"modified":"2025-08-18T19:01:26","modified_gmt":"2025-08-18T19:01:26","slug":"vacunar-a-nuestros-escolares-es-proteger-su-presente-y-su-futuro","status":"publish","type":"post","link":"https:\/\/www.rengoenlanoticia.cl\/prensa\/2025\/08\/18\/vacunar-a-nuestros-escolares-es-proteger-su-presente-y-su-futuro\/","title":{"rendered":"Vacunar a nuestros escolares es proteger su presente y su futuro"},"content":{"rendered":"\n<p>Por Dr. Mauricio Aedo Jara, Director del Hospital de Graneros<\/p>\n\n\n\n<p>La salud de nuestros ni\u00f1os, ni\u00f1as y adolescentes es uno de los pilares fundamentales para el desarrollo de nuestras comunidades. En este sentido, la campa\u00f1a de vacunaci\u00f3n escolar que se desarrolla cada a\u00f1o cobra un valor trascendental, ya que no solo protege a quienes hoy asisten a las aulas, sino que tambi\u00e9n resguarda a toda la sociedad de enfermedades que pueden tener consecuencias graves y que son perfectamente prevenibles.<\/p>\n\n\n\n<p>Desde el Hospital de Graneros, hemos asumido con responsabilidad y compromiso el desaf\u00edo de acercar la salud a nuestros escolares. Por ello, nuestros equipos se est\u00e1n desplegando por los distintos establecimientos educacionales de la comuna, para garantizar que cada estudiante pueda acceder a sus vacunas en un entorno seguro, cercano y confiable. Esta labor no es menor, pues implica coordinaci\u00f3n, preparaci\u00f3n y sobre todo, un profundo sentido de servicio hacia las familias granerinas.<\/p>\n\n\n\n<p>La vacunaci\u00f3n escolar no debe verse s\u00f3lo como un tr\u00e1mite, sino como una oportunidad de cuidar a nuestros hijos e hijas en una etapa crucial de su desarrollo. Cada dosis aplicada significa disminuir riesgos, evitar brotes y, en definitiva, ofrecer una infancia m\u00e1s sana y tranquila.<\/p>\n\n\n\n<p>Es importante destacar que las vacunas que se administran en esta campa\u00f1a son parte del Programa Nacional de Inmunizaciones, lo que asegura su seguridad y eficacia. Adem\u00e1s, se encuentran avaladas por la evidencia cient\u00edfica y la experiencia de a\u00f1os, que nos muestra c\u00f3mo la inmunizaci\u00f3n ha permitido erradicar o reducir significativamente enfermedades que en el pasado afectaron con fuerza a la poblaci\u00f3n.<\/p>\n\n\n\n<p>El llamado que quiero hacer como director del Hospital de Graneros es claro: apoyemos esta campa\u00f1a, confiemos en la vacunaci\u00f3n y recordemos que la prevenci\u00f3n siempre ser\u00e1 el camino m\u00e1s efectivo para proteger a nuestros hijos. Recibir a los equipos de salud en los colegios y autorizar la inmunizaci\u00f3n de los escolares es un acto de responsabilidad y amor por su bienestar.<\/p>\n\n\n\n<p>Vacunar es un acto de cuidado, de solidaridad y de compromiso con el futuro. En Graneros, estamos trabajando para que cada ni\u00f1o y ni\u00f1a tenga acceso a este derecho, porque su salud es la mejor herencia que podemos entregarles.<\/p>\n","protected":false},"excerpt":{"rendered":"Por Dr. Mauricio Aedo Jara, Director del Hospital de Graneros La salud de nuestros ni\u00f1os, ni\u00f1as y adolescentes&hellip;\n","protected":false},"author":1,"featured_media":5329,"comment_status":"open","ping_status":"open","sticky":false,"template":"","format":"standard","meta":{"_monsterinsights_skip_tracking":false,"_monsterinsights_sitenote_active":false,"_monsterinsights_sitenote_note":"","_monsterinsights_sitenote_category":0,"footnotes":""},"categories":[8],"tags":[],"class_list":{"0":"post-5322","1":"post","2":"type-post","3":"status-publish","4":"format-standard","5":"has-post-thumbnail","7":"category-portada"},"aioseo_notices":[],"_links":{"self":[{"href":"https:\/\/www.rengoenlanoticia.cl\/prensa\/wp-json\/wp\/v2\/posts\/5322","targetHints":{"allow":["GET"]}}],"collection":[{"href":"https:\/\/www.rengoenlanoticia.cl\/prensa\/wp-json\/wp\/v2\/posts"}],"about":[{"href":"https:\/\/www.rengoenlanoticia.cl\/prensa\/wp-json\/wp\/v2\/types\/post"}],"author":[{"embeddable":true,"href":"https:\/\/www.rengoenlanoticia.cl\/prensa\/wp-json\/wp\/v2\/users\/1"}],"replies":[{"embeddable":true,"href":"https:\/\/www.rengoenlanoticia.cl\/prensa\/wp-json\/wp\/v2\/comments?post=5322"}],"version-history":[{"count":3,"href":"https:\/\/www.rengoenlanoticia.cl\/prensa\/wp-json\/wp\/v2\/posts\/5322\/revisions"}],"predecessor-version":[{"id":5340,"href":"https:\/\/www.rengoenlanoticia.cl\/prensa\/wp-json\/wp\/v2\/posts\/5322\/revisions\/5340"}],"wp:featuredmedia":[{"embeddable":true,"href":"https:\/\/www.rengoenlanoticia.cl\/prensa\/wp-json\/wp\/v2\/media\/5329"}],"wp:attachment":[{"href":"https:\/\/www.rengoenlanoticia.cl\/prensa\/wp-json\/wp\/v2\/media?parent=5322"}],"wp:term":[{"taxonomy":"category","embeddable":true,"href":"https:\/\/www.rengoenlanoticia.cl\/prensa\/wp-json\/wp\/v2\/categories?post=5322"},{"taxonomy":"post_tag","embeddable":true,"href":"https:\/\/www.rengoenlanoticia.cl\/prensa\/wp-json\/wp\/v2\/tags?post=5322"}],"curies":[{"name":"wp","href":"https:\/\/api.w.org\/{rel}","templated":true}]}}