{"id":5317,"date":"2025-08-18T12:00:21","date_gmt":"2025-08-18T12:00:21","guid":{"rendered":"https:\/\/www.rengoenlanoticia.cl\/prensa\/?p=5317"},"modified":"2025-08-18T12:16:02","modified_gmt":"2025-08-18T12:16:02","slug":"ante-la-superintendencia-de-electricidad-llegara-este-lunes-el-diputado-raul-soto-mardones-para-denunciar-y-solicitar-una-fiscalizacion-urgente-a-la-empresa-cge","status":"publish","type":"post","link":"https:\/\/www.rengoenlanoticia.cl\/prensa\/2025\/08\/18\/ante-la-superintendencia-de-electricidad-llegara-este-lunes-el-diputado-raul-soto-mardones-para-denunciar-y-solicitar-una-fiscalizacion-urgente-a-la-empresa-cge\/","title":{"rendered":"Ante la Superintendencia de Electricidad llegar\u00e1 este lunes el Diputado Ra\u00fal Soto Mardones, para denunciar y solicitar una fiscalizaci\u00f3n urgente a la empresa CGE"},"content":{"rendered":"\n<p>Hasta la Superintendencia de Electricidad llegar\u00e1 este lunes el Diputado Raul Soto Mardones, para denunciar y solicitar una fiscalizaci\u00f3n urgente a la empresa CGE por alzas en las cuentas de la luz de miles de familias de la Regi\u00f3n de O\u2019Higgins.<\/p>\n\n\n\n<p>El legislador por la zona se\u00f1al\u00f3 que ha recibido un gran n\u00famero de denuncias de ciudadanos que reportan incrementos excesivos, en algunos casos de hasta m\u00e1s del doble de sus cobros habituales, constatando que si bien se esperaba un reajuste tarifario nacional en 2025, los montos facturados superan con creces lo que corresponde, generando una situaci\u00f3n de abuso e injusticia.<\/p>\n\n\n\n<p>\u00abNumerosos clientes reportan aumentos abruptos, desproporcionados e injustificados en sus boletas, los que llegan en algunos casos a $50 mil o incluso $100 mil m\u00e1s de sus consumos promedios hist\u00f3ricos, una situaci\u00f3n que es claramente irracional e irregular,\u00bb afirm\u00f3 el diputado Soto.<\/p>\n\n\n\n<p>Por ello, el parlamentario se reunir\u00e1 a primera hora del lunes con el Superintendente de Electricidad y Combustibles de la Regi\u00f3n de O&#8217;Higgins, Felipe Lerzundi, a quien ofici\u00f3 para que realice una exhaustiva y urgente fiscalizaci\u00f3n a los procesos de facturaci\u00f3n y medici\u00f3n de consumo de la empresa CGE, para as\u00ed verificar si las alzas se basan en consumos reales o si corresponden a errores o pr\u00e1cticas indebidas. Adem\u00e1s, el legislador solicit\u00f3 aplicar sanciones ejemplares y transparentar las conclusiones de la fiscalizaci\u00f3n para restaurar la confianza en el control estatal sobre el mercado el\u00e9ctrico.<\/p>\n\n\n\n<p>Soto record\u00f3 que en agosto de 2024, CGE fue protagonista de cortes masivos que dejaron a m\u00e1s de 881 mil clientes sin suministro el\u00e9ctrico en varias regiones, lo que provoc\u00f3 p\u00e9rdidas econ\u00f3micas y un grave da\u00f1o social. Como resultado, el SERNAC interpuso una demanda colectiva que a\u00fan est\u00e1 en curso. \u00abAhora, en lugar de enmendar sus pr\u00e1cticas y recuperar la confianza de los consumidores, la empresa aplica cobros que, por su magnitud y falta de explicaci\u00f3n, tienen todas las caracter\u00edsticas de un abuso empresarial\u00bb, sentenci\u00f3<\/p>\n","protected":false},"excerpt":{"rendered":"Hasta la Superintendencia de Electricidad llegar\u00e1 este lunes el Diputado Raul Soto Mardones, para denunciar y solicitar una&hellip;\n","protected":false},"author":1,"featured_media":5318,"comment_status":"open","ping_status":"open","sticky":false,"template":"","format":"standard","meta":{"_monsterinsights_skip_tracking":false,"_monsterinsights_sitenote_active":false,"_monsterinsights_sitenote_note":"","_monsterinsights_sitenote_category":0,"footnotes":""},"categories":[11,8],"tags":[],"class_list":{"0":"post-5317","1":"post","2":"type-post","3":"status-publish","4":"format-standard","5":"has-post-thumbnail","7":"category-politica","8":"category-portada"},"aioseo_notices":[],"_links":{"self":[{"href":"https:\/\/www.rengoenlanoticia.cl\/prensa\/wp-json\/wp\/v2\/posts\/5317","targetHints":{"allow":["GET"]}}],"collection":[{"href":"https:\/\/www.rengoenlanoticia.cl\/prensa\/wp-json\/wp\/v2\/posts"}],"about":[{"href":"https:\/\/www.rengoenlanoticia.cl\/prensa\/wp-json\/wp\/v2\/types\/post"}],"author":[{"embeddable":true,"href":"https:\/\/www.rengoenlanoticia.cl\/prensa\/wp-json\/wp\/v2\/users\/1"}],"replies":[{"embeddable":true,"href":"https:\/\/www.rengoenlanoticia.cl\/prensa\/wp-json\/wp\/v2\/comments?post=5317"}],"version-history":[{"count":3,"href":"https:\/\/www.rengoenlanoticia.cl\/prensa\/wp-json\/wp\/v2\/posts\/5317\/revisions"}],"predecessor-version":[{"id":5321,"href":"https:\/\/www.rengoenlanoticia.cl\/prensa\/wp-json\/wp\/v2\/posts\/5317\/revisions\/5321"}],"wp:featuredmedia":[{"embeddable":true,"href":"https:\/\/www.rengoenlanoticia.cl\/prensa\/wp-json\/wp\/v2\/media\/5318"}],"wp:attachment":[{"href":"https:\/\/www.rengoenlanoticia.cl\/prensa\/wp-json\/wp\/v2\/media?parent=5317"}],"wp:term":[{"taxonomy":"category","embeddable":true,"href":"https:\/\/www.rengoenlanoticia.cl\/prensa\/wp-json\/wp\/v2\/categories?post=5317"},{"taxonomy":"post_tag","embeddable":true,"href":"https:\/\/www.rengoenlanoticia.cl\/prensa\/wp-json\/wp\/v2\/tags?post=5317"}],"curies":[{"name":"wp","href":"https:\/\/api.w.org\/{rel}","templated":true}]}}