{"id":5297,"date":"2025-08-16T21:09:18","date_gmt":"2025-08-16T21:09:18","guid":{"rendered":"https:\/\/www.rengoenlanoticia.cl\/prensa\/?p=5297"},"modified":"2025-08-17T00:14:04","modified_gmt":"2025-08-17T00:14:04","slug":"diputada-marta-gonzalez-reunio-a-sindicatos-autoridades-y-codelco-en-nueva-mesa-de-mineria-por-seguridad-laboral","status":"publish","type":"post","link":"https:\/\/www.rengoenlanoticia.cl\/prensa\/2025\/08\/16\/diputada-marta-gonzalez-reunio-a-sindicatos-autoridades-y-codelco-en-nueva-mesa-de-mineria-por-seguridad-laboral\/","title":{"rendered":"Diputada Marta Gonz\u00e1lez reuni\u00f3 a sindicatos, autoridades y Codelco en nueva Mesa de Miner\u00eda por seguridad laboral"},"content":{"rendered":"\n<p>Este mi\u00e9rcoles, la Diputada de la Regi\u00f3n de O\u2019Higgins Marta Gonz\u00e1lez impuls\u00f3 una nueva sesi\u00f3n de la Mesa Regional de Miner\u00eda, realizada de forma extraordinaria a ra\u00edz del tr\u00e1gico accidente que cost\u00f3 la vida a seis trabajadores contratistas en la Divisi\u00f3n El Teniente.<\/p>\n\n\n\n<p>La instancia, que busca ser un espacio permanente de di\u00e1logo y trabajo conjunto, reuni\u00f3 a representantes de Codelco, de la empresa Gardilcic y de organizaciones sindicales como la FTC, SITRACOMI, FESIBAT, FETRATEC y el Sindicato de Supervisores ENAEX. Tambi\u00e9n participaron el Seremi de Trabajo, de Miner\u00eda, el Seremi Vocero de Gobierno, la Direcci\u00f3n del Trabajo, Sernageomin, la CUT y el Laboratorio Laboral de O\u2019Higgins.<\/p>\n\n\n\n<p>Sobre los objetivos de la mesa, la Diputada Marta Gonz\u00e1lez, se\u00f1al\u00f3: \u201cEsperamos que esta instancia donde est\u00e1n todos los actores relevantes sea un espacio permanente, de escucha activa y de b\u00fasqueda de soluciones a las distintas problem\u00e1ticas que se han planteado\u201d.<\/p>\n\n\n\n<figure class=\"wp-block-image size-large\"><img loading=\"lazy\" decoding=\"async\" width=\"1024\" height=\"768\" src=\"https:\/\/www.rengoenlanoticia.cl\/prensa\/wp-content\/uploads\/2025\/08\/WhatsApp-Image-2025-08-16-at-17.34.55-1-1024x768.jpeg\" alt=\"\" class=\"wp-image-5302\" srcset=\"https:\/\/www.rengoenlanoticia.cl\/prensa\/wp-content\/uploads\/2025\/08\/WhatsApp-Image-2025-08-16-at-17.34.55-1-1024x768.jpeg 1024w, https:\/\/www.rengoenlanoticia.cl\/prensa\/wp-content\/uploads\/2025\/08\/WhatsApp-Image-2025-08-16-at-17.34.55-1-300x225.jpeg 300w, https:\/\/www.rengoenlanoticia.cl\/prensa\/wp-content\/uploads\/2025\/08\/WhatsApp-Image-2025-08-16-at-17.34.55-1-768x576.jpeg 768w, https:\/\/www.rengoenlanoticia.cl\/prensa\/wp-content\/uploads\/2025\/08\/WhatsApp-Image-2025-08-16-at-17.34.55-1-1536x1152.jpeg 1536w, https:\/\/www.rengoenlanoticia.cl\/prensa\/wp-content\/uploads\/2025\/08\/WhatsApp-Image-2025-08-16-at-17.34.55-1-2048x1536.jpeg 2048w, https:\/\/www.rengoenlanoticia.cl\/prensa\/wp-content\/uploads\/2025\/08\/WhatsApp-Image-2025-08-16-at-17.34.55-1-110x83.jpeg 110w, https:\/\/www.rengoenlanoticia.cl\/prensa\/wp-content\/uploads\/2025\/08\/WhatsApp-Image-2025-08-16-at-17.34.55-1-200x150.jpeg 200w, https:\/\/www.rengoenlanoticia.cl\/prensa\/wp-content\/uploads\/2025\/08\/WhatsApp-Image-2025-08-16-at-17.34.55-1-380x285.jpeg 380w, https:\/\/www.rengoenlanoticia.cl\/prensa\/wp-content\/uploads\/2025\/08\/WhatsApp-Image-2025-08-16-at-17.34.55-1-255x191.jpeg 255w, https:\/\/www.rengoenlanoticia.cl\/prensa\/wp-content\/uploads\/2025\/08\/WhatsApp-Image-2025-08-16-at-17.34.55-1-550x413.jpeg 550w, https:\/\/www.rengoenlanoticia.cl\/prensa\/wp-content\/uploads\/2025\/08\/WhatsApp-Image-2025-08-16-at-17.34.55-1-800x600.jpeg 800w, https:\/\/www.rengoenlanoticia.cl\/prensa\/wp-content\/uploads\/2025\/08\/WhatsApp-Image-2025-08-16-at-17.34.55-1-1160x870.jpeg 1160w, https:\/\/www.rengoenlanoticia.cl\/prensa\/wp-content\/uploads\/2025\/08\/WhatsApp-Image-2025-08-16-at-17.34.55-1-scaled.jpeg 2560w\" sizes=\"auto, (max-width: 1024px) 100vw, 1024px\" \/><\/figure>\n\n\n\n<p>Luego a\u00f1adi\u00f3 que \u201cla tragedia que hemos vivido en O&#8217;Higgins tiene que ser un antes y un despu\u00e9s en c\u00f3mo se han llevado las relaciones laborales en El Teniente\u201d<\/p>\n\n\n\n<p>\u201cEsperamos que la voluntad de todos los participantes siga expres\u00e1ndose en la mesa con acciones concretas. Y que tambi\u00e9n esta mesa sea de forma permanente\u201d, se\u00f1al\u00f3 Gonz\u00e1lez, quien se desempe\u00f1\u00f3 por 6 a\u00f1os como dirigente sindical de una empresa contratista en El Teniente.<\/p>\n\n\n\n<p>La parlamentaria de la Regi\u00f3n de O\u2019Higgins hizo un llamado a las organizaciones sindicales de la miner\u00eda para que se sumen al di\u00e1logo. \u201cEs una mesa abierta. La coordinaci\u00f3n la hace el Seremi del Trabajo. Es importante que sea un espacio en donde todos puedan plantear sus opiniones y, por sobre todo, que se lleguen a resoluciones\u201d.<\/p>\n\n\n\n<figure class=\"wp-block-image size-large\"><img loading=\"lazy\" decoding=\"async\" width=\"1024\" height=\"768\" src=\"https:\/\/www.rengoenlanoticia.cl\/prensa\/wp-content\/uploads\/2025\/08\/WhatsApp-Image-2025-08-16-at-17.33.25-1024x768.jpeg\" alt=\"\" class=\"wp-image-5304\" srcset=\"https:\/\/www.rengoenlanoticia.cl\/prensa\/wp-content\/uploads\/2025\/08\/WhatsApp-Image-2025-08-16-at-17.33.25-1024x768.jpeg 1024w, https:\/\/www.rengoenlanoticia.cl\/prensa\/wp-content\/uploads\/2025\/08\/WhatsApp-Image-2025-08-16-at-17.33.25-300x225.jpeg 300w, https:\/\/www.rengoenlanoticia.cl\/prensa\/wp-content\/uploads\/2025\/08\/WhatsApp-Image-2025-08-16-at-17.33.25-768x576.jpeg 768w, https:\/\/www.rengoenlanoticia.cl\/prensa\/wp-content\/uploads\/2025\/08\/WhatsApp-Image-2025-08-16-at-17.33.25-1536x1152.jpeg 1536w, https:\/\/www.rengoenlanoticia.cl\/prensa\/wp-content\/uploads\/2025\/08\/WhatsApp-Image-2025-08-16-at-17.33.25-2048x1536.jpeg 2048w, https:\/\/www.rengoenlanoticia.cl\/prensa\/wp-content\/uploads\/2025\/08\/WhatsApp-Image-2025-08-16-at-17.33.25-110x83.jpeg 110w, https:\/\/www.rengoenlanoticia.cl\/prensa\/wp-content\/uploads\/2025\/08\/WhatsApp-Image-2025-08-16-at-17.33.25-200x150.jpeg 200w, https:\/\/www.rengoenlanoticia.cl\/prensa\/wp-content\/uploads\/2025\/08\/WhatsApp-Image-2025-08-16-at-17.33.25-380x285.jpeg 380w, https:\/\/www.rengoenlanoticia.cl\/prensa\/wp-content\/uploads\/2025\/08\/WhatsApp-Image-2025-08-16-at-17.33.25-255x191.jpeg 255w, https:\/\/www.rengoenlanoticia.cl\/prensa\/wp-content\/uploads\/2025\/08\/WhatsApp-Image-2025-08-16-at-17.33.25-550x413.jpeg 550w, https:\/\/www.rengoenlanoticia.cl\/prensa\/wp-content\/uploads\/2025\/08\/WhatsApp-Image-2025-08-16-at-17.33.25-800x600.jpeg 800w, https:\/\/www.rengoenlanoticia.cl\/prensa\/wp-content\/uploads\/2025\/08\/WhatsApp-Image-2025-08-16-at-17.33.25-1160x870.jpeg 1160w, https:\/\/www.rengoenlanoticia.cl\/prensa\/wp-content\/uploads\/2025\/08\/WhatsApp-Image-2025-08-16-at-17.33.25-scaled.jpeg 2560w\" sizes=\"auto, (max-width: 1024px) 100vw, 1024px\" \/><\/figure>\n\n\n\n<p>En tanto, Luis Marchant, Director Nacional de la Confederaci\u00f3n de Trabajadores del Cobre (CTC), entreg\u00f3 su visi\u00f3n sobre el objetivo de la convocatoria, realizada de forma extraordinaria tras la tragedia en El Teniente.<\/p>\n\n\n\n<p>\u201cEl objetivo principal es que Codelco manifieste su voluntad de hacer un trabajo en conjunto con las organizaciones sindicales. Esta es la instancia para que de una vez por todas las empresas consideren y entiendan que un trabajador que denuncie que no est\u00e1n las condiciones laborales, esa molestia y preocupaci\u00f3n la pueda abordar la empresa pero con una soluci\u00f3n, no desvinculando al trabajador para cerrar o tapar el tema\u201d, se\u00f1al\u00f3 el dirigente gremial.<\/p>\n\n\n\n<figure class=\"wp-block-image size-large\"><img loading=\"lazy\" decoding=\"async\" width=\"1024\" height=\"768\" src=\"https:\/\/www.rengoenlanoticia.cl\/prensa\/wp-content\/uploads\/2025\/08\/WhatsApp-Image-2025-08-16-at-17.34.54-1024x768.jpeg\" alt=\"\" class=\"wp-image-5303\" srcset=\"https:\/\/www.rengoenlanoticia.cl\/prensa\/wp-content\/uploads\/2025\/08\/WhatsApp-Image-2025-08-16-at-17.34.54-1024x768.jpeg 1024w, https:\/\/www.rengoenlanoticia.cl\/prensa\/wp-content\/uploads\/2025\/08\/WhatsApp-Image-2025-08-16-at-17.34.54-300x225.jpeg 300w, https:\/\/www.rengoenlanoticia.cl\/prensa\/wp-content\/uploads\/2025\/08\/WhatsApp-Image-2025-08-16-at-17.34.54-768x576.jpeg 768w, https:\/\/www.rengoenlanoticia.cl\/prensa\/wp-content\/uploads\/2025\/08\/WhatsApp-Image-2025-08-16-at-17.34.54-1536x1152.jpeg 1536w, https:\/\/www.rengoenlanoticia.cl\/prensa\/wp-content\/uploads\/2025\/08\/WhatsApp-Image-2025-08-16-at-17.34.54-2048x1536.jpeg 2048w, https:\/\/www.rengoenlanoticia.cl\/prensa\/wp-content\/uploads\/2025\/08\/WhatsApp-Image-2025-08-16-at-17.34.54-110x83.jpeg 110w, https:\/\/www.rengoenlanoticia.cl\/prensa\/wp-content\/uploads\/2025\/08\/WhatsApp-Image-2025-08-16-at-17.34.54-200x150.jpeg 200w, https:\/\/www.rengoenlanoticia.cl\/prensa\/wp-content\/uploads\/2025\/08\/WhatsApp-Image-2025-08-16-at-17.34.54-380x285.jpeg 380w, https:\/\/www.rengoenlanoticia.cl\/prensa\/wp-content\/uploads\/2025\/08\/WhatsApp-Image-2025-08-16-at-17.34.54-255x191.jpeg 255w, https:\/\/www.rengoenlanoticia.cl\/prensa\/wp-content\/uploads\/2025\/08\/WhatsApp-Image-2025-08-16-at-17.34.54-550x413.jpeg 550w, https:\/\/www.rengoenlanoticia.cl\/prensa\/wp-content\/uploads\/2025\/08\/WhatsApp-Image-2025-08-16-at-17.34.54-800x600.jpeg 800w, https:\/\/www.rengoenlanoticia.cl\/prensa\/wp-content\/uploads\/2025\/08\/WhatsApp-Image-2025-08-16-at-17.34.54-1160x870.jpeg 1160w, https:\/\/www.rengoenlanoticia.cl\/prensa\/wp-content\/uploads\/2025\/08\/WhatsApp-Image-2025-08-16-at-17.34.54-scaled.jpeg 2560w\" sizes=\"auto, (max-width: 1024px) 100vw, 1024px\" \/><\/figure>\n\n\n\n<p>Finalmente, Marco Ibarra, Vicepresidente de la Federaci\u00f3n de Trabajadores Territorial del Cobre, sostuvo: \u201cTenemos una organizaci\u00f3n que cuenta con 14 sindicatos, nos estamos representando hoy en esta mesa. La participaci\u00f3n de los sindicatos es fundamental para poder contribuir a las mejoras que tenemos que tener los trabajadores contratistas\u201d.<\/p>\n","protected":false},"excerpt":{"rendered":"Este mi\u00e9rcoles, la Diputada de la Regi\u00f3n de O\u2019Higgins Marta Gonz\u00e1lez impuls\u00f3 una nueva sesi\u00f3n de la Mesa&hellip;\n","protected":false},"author":1,"featured_media":5301,"comment_status":"open","ping_status":"open","sticky":false,"template":"","format":"standard","meta":{"_monsterinsights_skip_tracking":false,"_monsterinsights_sitenote_active":false,"_monsterinsights_sitenote_note":"","_monsterinsights_sitenote_category":0,"footnotes":""},"categories":[11,8],"tags":[],"class_list":{"0":"post-5297","1":"post","2":"type-post","3":"status-publish","4":"format-standard","5":"has-post-thumbnail","7":"category-politica","8":"category-portada"},"aioseo_notices":[],"_links":{"self":[{"href":"https:\/\/www.rengoenlanoticia.cl\/prensa\/wp-json\/wp\/v2\/posts\/5297","targetHints":{"allow":["GET"]}}],"collection":[{"href":"https:\/\/www.rengoenlanoticia.cl\/prensa\/wp-json\/wp\/v2\/posts"}],"about":[{"href":"https:\/\/www.rengoenlanoticia.cl\/prensa\/wp-json\/wp\/v2\/types\/post"}],"author":[{"embeddable":true,"href":"https:\/\/www.rengoenlanoticia.cl\/prensa\/wp-json\/wp\/v2\/users\/1"}],"replies":[{"embeddable":true,"href":"https:\/\/www.rengoenlanoticia.cl\/prensa\/wp-json\/wp\/v2\/comments?post=5297"}],"version-history":[{"count":3,"href":"https:\/\/www.rengoenlanoticia.cl\/prensa\/wp-json\/wp\/v2\/posts\/5297\/revisions"}],"predecessor-version":[{"id":5306,"href":"https:\/\/www.rengoenlanoticia.cl\/prensa\/wp-json\/wp\/v2\/posts\/5297\/revisions\/5306"}],"wp:featuredmedia":[{"embeddable":true,"href":"https:\/\/www.rengoenlanoticia.cl\/prensa\/wp-json\/wp\/v2\/media\/5301"}],"wp:attachment":[{"href":"https:\/\/www.rengoenlanoticia.cl\/prensa\/wp-json\/wp\/v2\/media?parent=5297"}],"wp:term":[{"taxonomy":"category","embeddable":true,"href":"https:\/\/www.rengoenlanoticia.cl\/prensa\/wp-json\/wp\/v2\/categories?post=5297"},{"taxonomy":"post_tag","embeddable":true,"href":"https:\/\/www.rengoenlanoticia.cl\/prensa\/wp-json\/wp\/v2\/tags?post=5297"}],"curies":[{"name":"wp","href":"https:\/\/api.w.org\/{rel}","templated":true}]}}