{"id":5277,"date":"2025-08-15T21:59:05","date_gmt":"2025-08-15T21:59:05","guid":{"rendered":"https:\/\/www.rengoenlanoticia.cl\/prensa\/?p=5277"},"modified":"2025-08-15T21:59:08","modified_gmt":"2025-08-15T21:59:08","slug":"hospital-de-santa-cruz-llama-a-un-uso-responsable-de-las-urgencias","status":"publish","type":"post","link":"https:\/\/www.rengoenlanoticia.cl\/prensa\/2025\/08\/15\/hospital-de-santa-cruz-llama-a-un-uso-responsable-de-las-urgencias\/","title":{"rendered":"Hospital de Santa Cruz llama a un uso responsable de las Urgencias"},"content":{"rendered":"\n<p>En temporada de alta demanda por enfermedades respiratorias, el recinto recuerda que la atenci\u00f3n se prioriza seg\u00fan la gravedad del paciente y no por orden de llegada, invitando a acudir a SAPU o SAR en casos no cr\u00edticos.<\/p>\n\n\n\n<p>&nbsp;Con el objetivo de optimizar la atenci\u00f3n y garantizar que los casos m\u00e1s graves sean atendidos con la rapidez que requieren, el Hospital de Santa Cruz reiter\u00f3 el llamado a la comunidad a hacer un uso responsable de la Red de Urgencias, en especial cuando el invierno a\u00fan no termina y aumentan los casos por temas respiratorios.<\/p>\n\n\n\n<p>En Chile, la priorizaci\u00f3n de urgencias se realiza a trav\u00e9s del sistema de Triage de 5 niveles, conocido como ESI (Emergency Severity Index). Este sistema clasifica a los pacientes seg\u00fan la gravedad de su condici\u00f3n, asignando un nivel de prioridad que determina la rapidez con la que recibir\u00e1n atenci\u00f3n. Los niveles de prioridad, de mayor a menor urgencia, son: Emergencia con riesgo vital (ESI 1), Paciente de Alta Complejidad (ESI 2), Paciente de mediano riesgo (ESI 3), No Urgente \/ Baja complejidad (ESI 4), y No Urgente \/ Atenci\u00f3n General (ESI 5).<\/p>\n\n\n\n<p>\u201cQueremos recordar que la atenci\u00f3n de pacientes en el servicio de urgencia se realiza de acuerdo a la <strong>gravedad de su condici\u00f3n de salud<\/strong><strong>,<\/strong> y no por orden de llegada, siguiendo el protocolo establecido a nivel nacional\u201d, destac\u00f3 el Dr. Sebasti\u00e1n Urz\u00faa, director del establecimiento.<\/p>\n\n\n\n<figure class=\"wp-block-image size-large\"><img loading=\"lazy\" decoding=\"async\" width=\"1024\" height=\"576\" src=\"https:\/\/www.rengoenlanoticia.cl\/prensa\/wp-content\/uploads\/2025\/08\/WhatsApp-Image-2025-08-14-at-16.49.23-1024x576.jpeg\" alt=\"\" class=\"wp-image-5280\" srcset=\"https:\/\/www.rengoenlanoticia.cl\/prensa\/wp-content\/uploads\/2025\/08\/WhatsApp-Image-2025-08-14-at-16.49.23-1024x576.jpeg 1024w, https:\/\/www.rengoenlanoticia.cl\/prensa\/wp-content\/uploads\/2025\/08\/WhatsApp-Image-2025-08-14-at-16.49.23-300x169.jpeg 300w, https:\/\/www.rengoenlanoticia.cl\/prensa\/wp-content\/uploads\/2025\/08\/WhatsApp-Image-2025-08-14-at-16.49.23-768x432.jpeg 768w, https:\/\/www.rengoenlanoticia.cl\/prensa\/wp-content\/uploads\/2025\/08\/WhatsApp-Image-2025-08-14-at-16.49.23-1536x864.jpeg 1536w, https:\/\/www.rengoenlanoticia.cl\/prensa\/wp-content\/uploads\/2025\/08\/WhatsApp-Image-2025-08-14-at-16.49.23-110x62.jpeg 110w, https:\/\/www.rengoenlanoticia.cl\/prensa\/wp-content\/uploads\/2025\/08\/WhatsApp-Image-2025-08-14-at-16.49.23-200x113.jpeg 200w, https:\/\/www.rengoenlanoticia.cl\/prensa\/wp-content\/uploads\/2025\/08\/WhatsApp-Image-2025-08-14-at-16.49.23-380x214.jpeg 380w, https:\/\/www.rengoenlanoticia.cl\/prensa\/wp-content\/uploads\/2025\/08\/WhatsApp-Image-2025-08-14-at-16.49.23-255x143.jpeg 255w, https:\/\/www.rengoenlanoticia.cl\/prensa\/wp-content\/uploads\/2025\/08\/WhatsApp-Image-2025-08-14-at-16.49.23-550x309.jpeg 550w, https:\/\/www.rengoenlanoticia.cl\/prensa\/wp-content\/uploads\/2025\/08\/WhatsApp-Image-2025-08-14-at-16.49.23-800x450.jpeg 800w, https:\/\/www.rengoenlanoticia.cl\/prensa\/wp-content\/uploads\/2025\/08\/WhatsApp-Image-2025-08-14-at-16.49.23-1160x653.jpeg 1160w, https:\/\/www.rengoenlanoticia.cl\/prensa\/wp-content\/uploads\/2025\/08\/WhatsApp-Image-2025-08-14-at-16.49.23.jpeg 1600w\" sizes=\"auto, (max-width: 1024px) 100vw, 1024px\" \/><\/figure>\n\n\n\n<p>\u201cCuando una persona acude por una situaci\u00f3n que no representa riesgo vital o de secuelas graves, es posible que deba esperar m\u00e1s tiempo, ya que se da prioridad a emergencias y urgencias vitales. Por eso, para casos menos graves, invitamos a nuestros usuarios a acudir a los dispositivos de atenci\u00f3n primaria como SAPU o SAR, que est\u00e1n preparados para resolver gran parte de las consultas no cr\u00edticas\u201d, se\u00f1al\u00f3 Urz\u00faa.<\/p>\n\n\n\n<p>Por su parte, el jefe de Urgencia, Dr. Luis Vilches, explic\u00f3 que \u201ceste llamado se enmarca en la necesidad de mantener un flujo de atenci\u00f3n eficiente en todo el sistema de salud, especialmente en periodos de alta demanda, como el invierno\u201d.<\/p>\n\n\n\n<p>Asimismo, resalt\u00f3 que \u201cutilizar el dispositivo adecuado para cada situaci\u00f3n contribuye a salvar vidas y reducir tiempos de espera, porque no hay que olvidar que somos la cabecera de toda la micro\u00e1rea de Santa Cruz y por ello es fundamental que nuestros vecinos y vecinas conozcan c\u00f3mo funciona la priorizaci\u00f3n cuando acuden a urgencia, y el por qu\u00e9 es importante saber donde ir seg\u00fan cada situaci\u00f3n m\u00e9dica\u201d.<\/p>\n\n\n\n<figure class=\"wp-block-image size-large\"><img loading=\"lazy\" decoding=\"async\" width=\"1024\" height=\"1024\" src=\"https:\/\/www.rengoenlanoticia.cl\/prensa\/wp-content\/uploads\/2025\/08\/WhatsApp-Image-2025-08-14-at-16.49.21-1024x1024.jpeg\" alt=\"\" class=\"wp-image-5278\" srcset=\"https:\/\/www.rengoenlanoticia.cl\/prensa\/wp-content\/uploads\/2025\/08\/WhatsApp-Image-2025-08-14-at-16.49.21-1024x1024.jpeg 1024w, https:\/\/www.rengoenlanoticia.cl\/prensa\/wp-content\/uploads\/2025\/08\/WhatsApp-Image-2025-08-14-at-16.49.21-300x300.jpeg 300w, https:\/\/www.rengoenlanoticia.cl\/prensa\/wp-content\/uploads\/2025\/08\/WhatsApp-Image-2025-08-14-at-16.49.21-150x150.jpeg 150w, https:\/\/www.rengoenlanoticia.cl\/prensa\/wp-content\/uploads\/2025\/08\/WhatsApp-Image-2025-08-14-at-16.49.21-768x768.jpeg 768w, https:\/\/www.rengoenlanoticia.cl\/prensa\/wp-content\/uploads\/2025\/08\/WhatsApp-Image-2025-08-14-at-16.49.21-1536x1536.jpeg 1536w, https:\/\/www.rengoenlanoticia.cl\/prensa\/wp-content\/uploads\/2025\/08\/WhatsApp-Image-2025-08-14-at-16.49.21-80x80.jpeg 80w, https:\/\/www.rengoenlanoticia.cl\/prensa\/wp-content\/uploads\/2025\/08\/WhatsApp-Image-2025-08-14-at-16.49.21-110x110.jpeg 110w, https:\/\/www.rengoenlanoticia.cl\/prensa\/wp-content\/uploads\/2025\/08\/WhatsApp-Image-2025-08-14-at-16.49.21-200x200.jpeg 200w, https:\/\/www.rengoenlanoticia.cl\/prensa\/wp-content\/uploads\/2025\/08\/WhatsApp-Image-2025-08-14-at-16.49.21-380x380.jpeg 380w, https:\/\/www.rengoenlanoticia.cl\/prensa\/wp-content\/uploads\/2025\/08\/WhatsApp-Image-2025-08-14-at-16.49.21-255x255.jpeg 255w, https:\/\/www.rengoenlanoticia.cl\/prensa\/wp-content\/uploads\/2025\/08\/WhatsApp-Image-2025-08-14-at-16.49.21-550x550.jpeg 550w, https:\/\/www.rengoenlanoticia.cl\/prensa\/wp-content\/uploads\/2025\/08\/WhatsApp-Image-2025-08-14-at-16.49.21-800x800.jpeg 800w, https:\/\/www.rengoenlanoticia.cl\/prensa\/wp-content\/uploads\/2025\/08\/WhatsApp-Image-2025-08-14-at-16.49.21-1160x1160.jpeg 1160w, https:\/\/www.rengoenlanoticia.cl\/prensa\/wp-content\/uploads\/2025\/08\/WhatsApp-Image-2025-08-14-at-16.49.21.jpeg 1600w\" sizes=\"auto, (max-width: 1024px) 100vw, 1024px\" \/><\/figure>\n\n\n\n<p><strong>Recomendaciones del Hospital de Santa Cruz:<\/strong><\/p>\n\n\n\n<ul class=\"wp-block-list\">\n<li>Ante s\u00edntomas graves como dolor tor\u00e1xico, dificultad para respirar, p\u00e9rdida de conciencia o sangrado abundante, acuda de inmediato al servicio de urgencias hospitalario.<\/li>\n\n\n\n<li>Para casos como resfr\u00edos, dolores musculares leves, fiebre controlable o consultas m\u00e9dicas generales, prefiera SAPU o SAR.<\/li>\n\n\n\n<li>Mantenga actualizada su informaci\u00f3n de contacto y previsi\u00f3n para agilizar los procesos administrativos.<\/li>\n<\/ul>\n\n\n\n<p>El Hospital de Santa Cruz reiter\u00f3 su compromiso con la salud de la comunidad, trabajando coordinadamente con la Red de Atenci\u00f3n Primaria para garantizar una respuesta oportuna y eficiente.<\/p>\n","protected":false},"excerpt":{"rendered":"En temporada de alta demanda por enfermedades respiratorias, el recinto recuerda que la atenci\u00f3n se prioriza seg\u00fan la&hellip;\n","protected":false},"author":1,"featured_media":5279,"comment_status":"open","ping_status":"open","sticky":false,"template":"","format":"standard","meta":{"_monsterinsights_skip_tracking":false,"_monsterinsights_sitenote_active":false,"_monsterinsights_sitenote_note":"","_monsterinsights_sitenote_category":0,"footnotes":""},"categories":[8],"tags":[],"class_list":{"0":"post-5277","1":"post","2":"type-post","3":"status-publish","4":"format-standard","5":"has-post-thumbnail","7":"category-portada"},"aioseo_notices":[],"_links":{"self":[{"href":"https:\/\/www.rengoenlanoticia.cl\/prensa\/wp-json\/wp\/v2\/posts\/5277","targetHints":{"allow":["GET"]}}],"collection":[{"href":"https:\/\/www.rengoenlanoticia.cl\/prensa\/wp-json\/wp\/v2\/posts"}],"about":[{"href":"https:\/\/www.rengoenlanoticia.cl\/prensa\/wp-json\/wp\/v2\/types\/post"}],"author":[{"embeddable":true,"href":"https:\/\/www.rengoenlanoticia.cl\/prensa\/wp-json\/wp\/v2\/users\/1"}],"replies":[{"embeddable":true,"href":"https:\/\/www.rengoenlanoticia.cl\/prensa\/wp-json\/wp\/v2\/comments?post=5277"}],"version-history":[{"count":3,"href":"https:\/\/www.rengoenlanoticia.cl\/prensa\/wp-json\/wp\/v2\/posts\/5277\/revisions"}],"predecessor-version":[{"id":5296,"href":"https:\/\/www.rengoenlanoticia.cl\/prensa\/wp-json\/wp\/v2\/posts\/5277\/revisions\/5296"}],"wp:featuredmedia":[{"embeddable":true,"href":"https:\/\/www.rengoenlanoticia.cl\/prensa\/wp-json\/wp\/v2\/media\/5279"}],"wp:attachment":[{"href":"https:\/\/www.rengoenlanoticia.cl\/prensa\/wp-json\/wp\/v2\/media?parent=5277"}],"wp:term":[{"taxonomy":"category","embeddable":true,"href":"https:\/\/www.rengoenlanoticia.cl\/prensa\/wp-json\/wp\/v2\/categories?post=5277"},{"taxonomy":"post_tag","embeddable":true,"href":"https:\/\/www.rengoenlanoticia.cl\/prensa\/wp-json\/wp\/v2\/tags?post=5277"}],"curies":[{"name":"wp","href":"https:\/\/api.w.org\/{rel}","templated":true}]}}