{"id":5272,"date":"2025-08-15T21:56:51","date_gmt":"2025-08-15T21:56:51","guid":{"rendered":"https:\/\/www.rengoenlanoticia.cl\/prensa\/?p=5272"},"modified":"2025-08-15T21:56:53","modified_gmt":"2025-08-15T21:56:53","slug":"salud-mental-sigue-siendo-discriminada-una-treintena-de-organizaciones-envio-documento-a-comandos-presidenciales","status":"publish","type":"post","link":"https:\/\/www.rengoenlanoticia.cl\/prensa\/2025\/08\/15\/salud-mental-sigue-siendo-discriminada-una-treintena-de-organizaciones-envio-documento-a-comandos-presidenciales\/","title":{"rendered":"Salud mental sigue siendo discriminada: una treintena de organizaciones envi\u00f3 documento a comandos presidenciales"},"content":{"rendered":"\n<p><em>En documento enviado a los comandos de los candidatos presidenciales piden que se cumpla la Ley 21.331, asegurando que los planes de salud p\u00fablicos y privados otorguen acceso a tratamientos y reposo m\u00e9dico en igualdad de condiciones que las enfermedades f\u00edsicas y establecer un plan de reducci\u00f3n de brechas con indicadores medibles durante el pr\u00f3ximo gobierno, entre otros puntos.<\/em><\/p>\n\n\n\n<p>Pese a que la ley garantiza igualdad de trato entre salud mental y salud f\u00edsica, la discriminaci\u00f3n persiste. Los tratamientos por trastornos mentales y consumo de sustancias siguen enfrentando barreras de acceso, menor cobertura y altos niveles de rechazo de licencias m\u00e9dicas. Frente a esta realidad, cerca de treinta organizaciones acad\u00e9micas, cient\u00edficas, de pacientes y de la sociedad civil entregaron a los encargados de salud de los candidatos presidenciales una propuesta concreta para exigir que se cumpla la ley y se termine con esta exclusi\u00f3n estructural.<\/p>\n\n\n\n<p>Recordaron que la salud mental es hoy una de las principales causas de discapacidad en Chile, con cifras que se han agravado tras la pandemia. El 23,2% de los a\u00f1os de vida perdidos por discapacidad o muerte (AVISA) se deben a condiciones neuropsiqui\u00e1tricas. Uno de cada cinco ni\u00f1os o adolescentes presenta alg\u00fan trastorno psiqui\u00e1trico, y el 30% de las licencias m\u00e9dicas en el pa\u00eds responden a causas de salud mental.<\/p>\n\n\n\n<p>Aun as\u00ed, estos problemas siguen siendo tratados como de \u00absegunda categor\u00eda\u00bb. Las Isapres rechazan o reducen cerca del 80% de las licencias m\u00e9dicas por salud mental, y las coberturas disponibles \u2013tanto p\u00fablicas como privadas\u2013 son significativamente m\u00e1s limitadas que para otras patolog\u00edas.<\/p>\n","protected":false},"excerpt":{"rendered":"En documento enviado a los comandos de los candidatos presidenciales piden que se cumpla la Ley 21.331, asegurando&hellip;\n","protected":false},"author":1,"featured_media":5273,"comment_status":"open","ping_status":"open","sticky":false,"template":"","format":"standard","meta":{"_monsterinsights_skip_tracking":false,"_monsterinsights_sitenote_active":false,"_monsterinsights_sitenote_note":"","_monsterinsights_sitenote_category":0,"footnotes":""},"categories":[8],"tags":[],"class_list":{"0":"post-5272","1":"post","2":"type-post","3":"status-publish","4":"format-standard","5":"has-post-thumbnail","7":"category-portada"},"aioseo_notices":[],"_links":{"self":[{"href":"https:\/\/www.rengoenlanoticia.cl\/prensa\/wp-json\/wp\/v2\/posts\/5272","targetHints":{"allow":["GET"]}}],"collection":[{"href":"https:\/\/www.rengoenlanoticia.cl\/prensa\/wp-json\/wp\/v2\/posts"}],"about":[{"href":"https:\/\/www.rengoenlanoticia.cl\/prensa\/wp-json\/wp\/v2\/types\/post"}],"author":[{"embeddable":true,"href":"https:\/\/www.rengoenlanoticia.cl\/prensa\/wp-json\/wp\/v2\/users\/1"}],"replies":[{"embeddable":true,"href":"https:\/\/www.rengoenlanoticia.cl\/prensa\/wp-json\/wp\/v2\/comments?post=5272"}],"version-history":[{"count":3,"href":"https:\/\/www.rengoenlanoticia.cl\/prensa\/wp-json\/wp\/v2\/posts\/5272\/revisions"}],"predecessor-version":[{"id":5294,"href":"https:\/\/www.rengoenlanoticia.cl\/prensa\/wp-json\/wp\/v2\/posts\/5272\/revisions\/5294"}],"wp:featuredmedia":[{"embeddable":true,"href":"https:\/\/www.rengoenlanoticia.cl\/prensa\/wp-json\/wp\/v2\/media\/5273"}],"wp:attachment":[{"href":"https:\/\/www.rengoenlanoticia.cl\/prensa\/wp-json\/wp\/v2\/media?parent=5272"}],"wp:term":[{"taxonomy":"category","embeddable":true,"href":"https:\/\/www.rengoenlanoticia.cl\/prensa\/wp-json\/wp\/v2\/categories?post=5272"},{"taxonomy":"post_tag","embeddable":true,"href":"https:\/\/www.rengoenlanoticia.cl\/prensa\/wp-json\/wp\/v2\/tags?post=5272"}],"curies":[{"name":"wp","href":"https:\/\/api.w.org\/{rel}","templated":true}]}}