{"id":5268,"date":"2025-08-15T21:04:30","date_gmt":"2025-08-15T21:04:30","guid":{"rendered":"https:\/\/www.rengoenlanoticia.cl\/prensa\/?p=5268"},"modified":"2025-08-15T21:54:07","modified_gmt":"2025-08-15T21:54:07","slug":"35-anos-reconociendo-derechos-con-amor-y-compromiso-por-la-ninez","status":"publish","type":"post","link":"https:\/\/www.rengoenlanoticia.cl\/prensa\/2025\/08\/15\/35-anos-reconociendo-derechos-con-amor-y-compromiso-por-la-ninez\/","title":{"rendered":"35 a\u00f1os reconociendo derechos: con amor y compromiso por la ni\u00f1ez"},"content":{"rendered":"\n<p>Agosto es un mes relevante y simb\u00f3lico para quienes fomentamos el poder transformador de la educaci\u00f3n y respetamos los derechos de la ni\u00f1ez. Hace 35 a\u00f1os, el Estado de Chile ratific\u00f3 la Convenci\u00f3n sobre los Derechos del Ni\u00f1o, reconociendo a ni\u00f1as y ni\u00f1os como sujetos de derechos y ciudadanos activos de nuestra sociedad. Un hito que coincidi\u00f3 con el nacimiento de una noble instituci\u00f3n educativa que, desde sus or\u00edgenes, ha contribuido a ese mandato con un prop\u00f3sito compartido y un sentido profundo: Fundaci\u00f3n Integra.<\/p>\n\n\n\n<p>Avanzaba 1990, y con la recuperaci\u00f3n de la democracia, surg\u00eda Fundaci\u00f3n Integra con la misi\u00f3n de garantizar el derecho de la ni\u00f1ez a una educaci\u00f3n parvularia p\u00fablica, gratuita y de calidad, especialmente para ni\u00f1as y ni\u00f1os que viven en contextos de vulnerabilidad. Hoy, tres d\u00e9cadas y media despu\u00e9s, m\u00e1s de 82 mil ni\u00f1as y ni\u00f1os asisten diariamente a nuestra red de m\u00e1s de 1.200 salas cuna, jardines infantiles y modalidades no convencionales en todo el territorio nacional. All\u00ed, con equipos amorosos y comprometidos, aprenden jugando, desarrollan habilidades fundamentales para toda la vida y ejercen plenamente sus derechos en espacios educativos amorosos, inclusivos, sanos, seguros, protectores y sostenibles. Son protagonistas de sus aprendizajes, y est\u00e1n en el coraz\u00f3n de nuestra gesti\u00f3n institucional como personas \u00fanicas e irrepetibles.<\/p>\n\n\n\n<p>Pero este camino no ha estado exceptuado de desaf\u00edos y transformaciones. Todav\u00eda existen ni\u00f1as y ni\u00f1os que no acceden a la educaci\u00f3n parvularia por diversas situaciones, lo que nos recuerda que no podemos conformarnos. Debemos seguir avanzando en la construcci\u00f3n de una educaci\u00f3n transformadora m\u00e1s humana y sostenible, que ofrezca m\u00faltiples y simult\u00e1neas oportunidades de aprendizaje oportunas, pertinentes y significativas, que reconozca y valore la trayectoria educativa de cada ni\u00f1a y cada ni\u00f1o desde la sala cuna.<\/p>\n\n\n\n<p>En Fundaci\u00f3n Integra comprendemos que los cambios significativos ocurren cuando las palabras se transforman en realidad. As\u00ed lo declaramos en nuestra Carta de Navegaci\u00f3n 2024-2026, donde reafirmamos nuestro compromiso de trabajar \u201ccon amor y compromiso por la ni\u00f1ez\u201d. Esto implica promover una educaci\u00f3n basada en una convivencia bientratante, fortalecer la labor educativa conjunta con las familias y reconocer a las trabajadoras y trabajadores como garantes de derechos y agentes de cambio social. Todo ello, con el objetivo de garantizar contextos educativos respetuosos del bienestar integral de ni\u00f1as y ni\u00f1os, donde el amor, el buen trato, la escucha activa y el respeto mutuo sean elementos esenciales del quehacer diario institucional.<\/p>\n\n\n\n<p>La violencia, en cualquiera de sus formas, deja huellas profundas. Sabemos que las experiencias tempranas marcan el desarrollo pleno de ni\u00f1as y ni\u00f1os, por eso insistimos en que cada espacio educativo debe ser un lugar seguro donde se eduque, se cuide, se proteja, se repare y se acompa\u00f1e. Donde cada ni\u00f1a y cada ni\u00f1o se sienta escuchado, querido y valorado. Porque su bienestar integral es \u2014y debe seguir siendo\u2014 una prioridad en cada sala cuna, jard\u00edn infantil y modalidad no convencional.<\/p>\n\n\n\n<p>A 35 a\u00f1os de la ratificaci\u00f3n de la Convenci\u00f3n y del nacimiento de Fundaci\u00f3n Integra, renovamos nuestra convicci\u00f3n de que educar es, como dec\u00eda Paulo Freire, un acto de amor y de valent\u00eda. Amor para acoger, cuidar y confiar en el otro; valent\u00eda para transformar estructuras, resistencias y pr\u00e1cticas que a\u00fan perpet\u00faan la violencia, la discriminaci\u00f3n, la exclusi\u00f3n o la indiferencia.<\/p>\n\n\n\n<p>Porque todas las ni\u00f1as y todos los ni\u00f1os tienen derecho a ser felices y desarrollarse de manera hol\u00edstica con dignidad, en plenitud y libres de violencia. Porque educar y cuidar es tambi\u00e9n construir un Chile mejor, m\u00e1s inclusivo, m\u00e1s justo y m\u00e1s democr\u00e1tico, conmemoremos juntas y juntos estos 35 a\u00f1os de historia y convicci\u00f3n reafirmando nuestro compromiso irrestricto con la ni\u00f1ez y resignificando nuestra labor transformadora que transciende en la vida de miles de ni\u00f1as y ni\u00f1os.<\/p>\n\n\n\n<p><strong>Carlos Gonz\u00e1lez Rivas<\/strong><\/p>\n\n\n\n<p><strong>Director Ejecutivo<\/strong><\/p>\n\n\n\n<p><strong>Fundaci\u00f3n Integra<\/strong><\/p>\n","protected":false},"excerpt":{"rendered":"Agosto es un mes relevante y simb\u00f3lico para quienes fomentamos el poder transformador de la educaci\u00f3n y respetamos&hellip;\n","protected":false},"author":1,"featured_media":5269,"comment_status":"open","ping_status":"open","sticky":false,"template":"","format":"standard","meta":{"_monsterinsights_skip_tracking":false,"_monsterinsights_sitenote_active":false,"_monsterinsights_sitenote_note":"","_monsterinsights_sitenote_category":0,"footnotes":""},"categories":[8],"tags":[],"class_list":{"0":"post-5268","1":"post","2":"type-post","3":"status-publish","4":"format-standard","5":"has-post-thumbnail","7":"category-portada"},"aioseo_notices":[],"_links":{"self":[{"href":"https:\/\/www.rengoenlanoticia.cl\/prensa\/wp-json\/wp\/v2\/posts\/5268","targetHints":{"allow":["GET"]}}],"collection":[{"href":"https:\/\/www.rengoenlanoticia.cl\/prensa\/wp-json\/wp\/v2\/posts"}],"about":[{"href":"https:\/\/www.rengoenlanoticia.cl\/prensa\/wp-json\/wp\/v2\/types\/post"}],"author":[{"embeddable":true,"href":"https:\/\/www.rengoenlanoticia.cl\/prensa\/wp-json\/wp\/v2\/users\/1"}],"replies":[{"embeddable":true,"href":"https:\/\/www.rengoenlanoticia.cl\/prensa\/wp-json\/wp\/v2\/comments?post=5268"}],"version-history":[{"count":3,"href":"https:\/\/www.rengoenlanoticia.cl\/prensa\/wp-json\/wp\/v2\/posts\/5268\/revisions"}],"predecessor-version":[{"id":5290,"href":"https:\/\/www.rengoenlanoticia.cl\/prensa\/wp-json\/wp\/v2\/posts\/5268\/revisions\/5290"}],"wp:featuredmedia":[{"embeddable":true,"href":"https:\/\/www.rengoenlanoticia.cl\/prensa\/wp-json\/wp\/v2\/media\/5269"}],"wp:attachment":[{"href":"https:\/\/www.rengoenlanoticia.cl\/prensa\/wp-json\/wp\/v2\/media?parent=5268"}],"wp:term":[{"taxonomy":"category","embeddable":true,"href":"https:\/\/www.rengoenlanoticia.cl\/prensa\/wp-json\/wp\/v2\/categories?post=5268"},{"taxonomy":"post_tag","embeddable":true,"href":"https:\/\/www.rengoenlanoticia.cl\/prensa\/wp-json\/wp\/v2\/tags?post=5268"}],"curies":[{"name":"wp","href":"https:\/\/api.w.org\/{rel}","templated":true}]}}