{"id":5263,"date":"2025-08-15T02:30:33","date_gmt":"2025-08-15T02:30:33","guid":{"rendered":"https:\/\/www.rengoenlanoticia.cl\/prensa\/?p=5263"},"modified":"2025-08-15T02:30:51","modified_gmt":"2025-08-15T02:30:51","slug":"empresa-fotovoltaica-dona-39-focos-solares-a-junta-de-vecinos-de-rinconada-de-malambo","status":"publish","type":"post","link":"https:\/\/www.rengoenlanoticia.cl\/prensa\/2025\/08\/15\/empresa-fotovoltaica-dona-39-focos-solares-a-junta-de-vecinos-de-rinconada-de-malambo\/","title":{"rendered":"Empresa fotovoltaica dona 39 focos solares a Junta de Vecinos de Rinconada de Malambo"},"content":{"rendered":"\n<p>Una excelente noticia es la que recibi\u00f3 la comunidad de Rinconada de Malambo, en la comuna de Rengo, ya que la junta de vecinos de este sector recibi\u00f3 39 focos solares donados por una empresa del rubro fotovoltaico, comprometida con el desarrollo sostenible y el bienestar local.<\/p>\n\n\n\n<p>Estos dispositivos permitir\u00e1n mejorar la iluminaci\u00f3n de espacios comunes<strong>,<\/strong> aumentando la seguridad en sectores que anteriormente permanec\u00edan a oscuras. &nbsp;Se trata de focos que funcionan con energ\u00eda solar, lo que significa cero consumos el\u00e9ctricos, menor impacto ambiental, iluminaci\u00f3n segura y, lo principal, de forma constante.<\/p>\n\n\n\n<p>La directiva de la Junta de Vecinos de Rinconada de Malambo, agradeci\u00f3 el gesto, destacando que esta donaci\u00f3n es un paso importante para fortalecer el entorno comunitario con soluciones limpias e innovadoras.<\/p>\n\n\n\n<figure class=\"wp-block-image size-large\"><img loading=\"lazy\" decoding=\"async\" width=\"1024\" height=\"571\" src=\"https:\/\/www.rengoenlanoticia.cl\/prensa\/wp-content\/uploads\/2025\/08\/WhatsApp-Image-2025-08-14-at-22.19.11-1024x571.jpeg\" alt=\"\" class=\"wp-image-5265\" srcset=\"https:\/\/www.rengoenlanoticia.cl\/prensa\/wp-content\/uploads\/2025\/08\/WhatsApp-Image-2025-08-14-at-22.19.11-1024x571.jpeg 1024w, https:\/\/www.rengoenlanoticia.cl\/prensa\/wp-content\/uploads\/2025\/08\/WhatsApp-Image-2025-08-14-at-22.19.11-300x167.jpeg 300w, https:\/\/www.rengoenlanoticia.cl\/prensa\/wp-content\/uploads\/2025\/08\/WhatsApp-Image-2025-08-14-at-22.19.11-768x429.jpeg 768w, https:\/\/www.rengoenlanoticia.cl\/prensa\/wp-content\/uploads\/2025\/08\/WhatsApp-Image-2025-08-14-at-22.19.11-110x61.jpeg 110w, https:\/\/www.rengoenlanoticia.cl\/prensa\/wp-content\/uploads\/2025\/08\/WhatsApp-Image-2025-08-14-at-22.19.11-200x112.jpeg 200w, https:\/\/www.rengoenlanoticia.cl\/prensa\/wp-content\/uploads\/2025\/08\/WhatsApp-Image-2025-08-14-at-22.19.11-380x212.jpeg 380w, https:\/\/www.rengoenlanoticia.cl\/prensa\/wp-content\/uploads\/2025\/08\/WhatsApp-Image-2025-08-14-at-22.19.11-255x142.jpeg 255w, https:\/\/www.rengoenlanoticia.cl\/prensa\/wp-content\/uploads\/2025\/08\/WhatsApp-Image-2025-08-14-at-22.19.11-550x307.jpeg 550w, https:\/\/www.rengoenlanoticia.cl\/prensa\/wp-content\/uploads\/2025\/08\/WhatsApp-Image-2025-08-14-at-22.19.11-800x446.jpeg 800w, https:\/\/www.rengoenlanoticia.cl\/prensa\/wp-content\/uploads\/2025\/08\/WhatsApp-Image-2025-08-14-at-22.19.11-1160x647.jpeg 1160w, https:\/\/www.rengoenlanoticia.cl\/prensa\/wp-content\/uploads\/2025\/08\/WhatsApp-Image-2025-08-14-at-22.19.11.jpeg 1294w\" sizes=\"auto, (max-width: 1024px) 100vw, 1024px\" \/><\/figure>\n\n\n\n<p>El presidente de la Junta de Vecinos, Pedro Veas Sanfurgo<strong>,<\/strong> expreso estar&nbsp; \u201cprofundamente agradecido por la generosa donaci\u00f3n de estos&nbsp; focos solares que hemos recibido por la empresa BIWO Renovable y SUSY Partners. &nbsp;Este valioso aporte no solo mejora la seguridad de nuestros espacios comunes, sino que tambi\u00e9n nos impulsa hacia un futuro m\u00e1s sustentable y consciente con el medio ambiente\u201d, indic\u00f3 el dirigente.<\/p>\n\n\n\n<p>Cabe mencionar que los sectores beneficiados son El Sauce, Pasaje Pedro Ibarra, Pasaje Marcelino Abarca, Pasaje Hugo Cabrera, El Gallo, Pasaje El Pe\u00f1\u00f3n y, Valle Escondido<\/p>\n\n\n\n<p>Importante destacar que en estos momentos son18 los focos ya se encuentran instalados en el sector El Sauce y, la segunda partida de 16 focos, se instalar\u00e1n en los pr\u00f3ximos d\u00edas en algunos pasajes que no cuentan con alumbrado. Gracias a este gesto, indican los vecinos, las calles y \u00e1reas compartidas estar\u00e1n mejor iluminadas, lo que beneficia directamente la calidad de vida de todos<\/p>\n","protected":false},"excerpt":{"rendered":"Una excelente noticia es la que recibi\u00f3 la comunidad de Rinconada de Malambo, en la comuna de Rengo,&hellip;\n","protected":false},"author":1,"featured_media":5264,"comment_status":"open","ping_status":"open","sticky":false,"template":"","format":"standard","meta":{"_monsterinsights_skip_tracking":false,"_monsterinsights_sitenote_active":false,"_monsterinsights_sitenote_note":"","_monsterinsights_sitenote_category":0,"footnotes":""},"categories":[8],"tags":[],"class_list":{"0":"post-5263","1":"post","2":"type-post","3":"status-publish","4":"format-standard","5":"has-post-thumbnail","7":"category-portada"},"aioseo_notices":[],"_links":{"self":[{"href":"https:\/\/www.rengoenlanoticia.cl\/prensa\/wp-json\/wp\/v2\/posts\/5263","targetHints":{"allow":["GET"]}}],"collection":[{"href":"https:\/\/www.rengoenlanoticia.cl\/prensa\/wp-json\/wp\/v2\/posts"}],"about":[{"href":"https:\/\/www.rengoenlanoticia.cl\/prensa\/wp-json\/wp\/v2\/types\/post"}],"author":[{"embeddable":true,"href":"https:\/\/www.rengoenlanoticia.cl\/prensa\/wp-json\/wp\/v2\/users\/1"}],"replies":[{"embeddable":true,"href":"https:\/\/www.rengoenlanoticia.cl\/prensa\/wp-json\/wp\/v2\/comments?post=5263"}],"version-history":[{"count":1,"href":"https:\/\/www.rengoenlanoticia.cl\/prensa\/wp-json\/wp\/v2\/posts\/5263\/revisions"}],"predecessor-version":[{"id":5266,"href":"https:\/\/www.rengoenlanoticia.cl\/prensa\/wp-json\/wp\/v2\/posts\/5263\/revisions\/5266"}],"wp:featuredmedia":[{"embeddable":true,"href":"https:\/\/www.rengoenlanoticia.cl\/prensa\/wp-json\/wp\/v2\/media\/5264"}],"wp:attachment":[{"href":"https:\/\/www.rengoenlanoticia.cl\/prensa\/wp-json\/wp\/v2\/media?parent=5263"}],"wp:term":[{"taxonomy":"category","embeddable":true,"href":"https:\/\/www.rengoenlanoticia.cl\/prensa\/wp-json\/wp\/v2\/categories?post=5263"},{"taxonomy":"post_tag","embeddable":true,"href":"https:\/\/www.rengoenlanoticia.cl\/prensa\/wp-json\/wp\/v2\/tags?post=5263"}],"curies":[{"name":"wp","href":"https:\/\/api.w.org\/{rel}","templated":true}]}}