{"id":5248,"date":"2025-08-14T14:35:54","date_gmt":"2025-08-14T14:35:54","guid":{"rendered":"https:\/\/www.rengoenlanoticia.cl\/prensa\/?p=5248"},"modified":"2025-08-14T14:35:56","modified_gmt":"2025-08-14T14:35:56","slug":"tgr-fortalece-coordinacion-con-fondo-autonomo-de-proteccion-previsional","status":"publish","type":"post","link":"https:\/\/www.rengoenlanoticia.cl\/prensa\/2025\/08\/14\/tgr-fortalece-coordinacion-con-fondo-autonomo-de-proteccion-previsional\/","title":{"rendered":"TGR fortalece coordinaci\u00f3n con Fondo Aut\u00f3nomo de Protecci\u00f3n Previsional"},"content":{"rendered":"\n<p>La Tesorer\u00eda General de la Rep\u00fablica (TGR) y el Fondo Aut\u00f3nomo de Protecci\u00f3n Previsional (FAPP) sostuvieron una instancia de coordinaci\u00f3n para evaluar los primeros d\u00edas de funcionamiento de la Reforma Previsional, Ley 21.735 que crea un nuevo Sistema Mixto de Pensiones y un Seguro Social. La cita se realiz\u00f3 en las oficinas centrales de TGR, que fue encabezada por el Tesorero General, Hern\u00e1n Nobizelli y por el Presidente del FAPP, Enrique Marshall.<\/p>\n\n\n\n<p>Por TGR estuvieron presentes las y los jefes de Divisi\u00f3n, Sonia Adriasola, de Finanzas P\u00fablicas; Alejandra Montiel, de Gesti\u00f3n Estrat\u00e9gica; y Aquiles Jara, de Cobranzas. Tambi\u00e9n asistieron la jefa de Unidad de Fondos Soberanos, Carmen Rolando; y el asesor de Gabinete, Nicol\u00e1s Rozas. A su vez, por parte del FAPP estuvieron su vicepresidenta Rosario Celed\u00f3n, adem\u00e1s de los consejeros Rodrigo Caputo, Ricardo Matte y la consejera Soledad Huerta, junto a su Director Ejecutivo, Sergio Soto, y la Directora Jur\u00eddica, Catalina Coddou.<\/p>\n\n\n\n<p>El encuentro permiti\u00f3 compartir expectativas sobre la administraci\u00f3n transitoria que TGR realizar\u00e1 con los recursos provenientes de la cotizaci\u00f3n adicional del 1%, que a contar de este mes, deben realizar los empleadores, como tambi\u00e9n de las tareas desarrolladas para la implementaci\u00f3n de esta administraci\u00f3n.<\/p>\n\n\n\n<p>En este contexto, se acord\u00f3 instalar una mesa de trabajo que abordar\u00e1 los aspectos operativos de su administraci\u00f3n y que tendr\u00e1 permanente funcionamiento. Para esta etapa inicial, el FAPP opera con una estructura provisional en que participan el Instituto de Previsi\u00f3n Social (IPS) y TGR, adem\u00e1s de otras reparticiones p\u00fablicas.&nbsp; \u201cEsta estructura apunta a una transici\u00f3n ordenada y transparente, asumiendo como TGR la gesti\u00f3n de inversiones y la administraci\u00f3n financiera de manera transitoria, mientras se define el r\u00e9gimen definitivo\u201d, explic\u00f3 el Tesorero General, Hern\u00e1n Nobizelli.<\/p>\n\n\n\n<p>En la reuni\u00f3n tambi\u00e9n se abordaron los desaf\u00edos que tendr\u00e1 que asumir Tesorer\u00eda en su rol permanente respecto a la cobranza prejudicial, que deber\u00e1 iniciar el pr\u00f3ximo a\u00f1o. En este sentido, Nobizelli destac\u00f3 la experiencia del servicio a su cargo en la administraci\u00f3n de fondos y en procesos de cobranza, afirmando que \u201cesta fortaleza nos permite garantizar que cada etapa se realice con transparencia, eficiencia y en beneficio de las personas\u201d. Los consejeros del FAPP valoraron el trabajo colaborativo de TGR y destacaron que esta etapa ser\u00e1 clave para sentar las bases de un r\u00e9gimen permanente de inversiones y administraci\u00f3n de recursos, que responda a altos est\u00e1ndares de probidad y eficacia, procesos fundamentales de cara a la ciudadan\u00eda.<\/p>\n","protected":false},"excerpt":{"rendered":"La Tesorer\u00eda General de la Rep\u00fablica (TGR) y el Fondo Aut\u00f3nomo de Protecci\u00f3n Previsional (FAPP) sostuvieron una instancia&hellip;\n","protected":false},"author":2,"featured_media":5249,"comment_status":"open","ping_status":"open","sticky":false,"template":"","format":"standard","meta":{"_monsterinsights_skip_tracking":false,"_monsterinsights_sitenote_active":false,"_monsterinsights_sitenote_note":"","_monsterinsights_sitenote_category":0,"footnotes":""},"categories":[1],"tags":[],"class_list":{"0":"post-5248","1":"post","2":"type-post","3":"status-publish","4":"format-standard","5":"has-post-thumbnail","7":"category-uncategorized"},"aioseo_notices":[],"_links":{"self":[{"href":"https:\/\/www.rengoenlanoticia.cl\/prensa\/wp-json\/wp\/v2\/posts\/5248","targetHints":{"allow":["GET"]}}],"collection":[{"href":"https:\/\/www.rengoenlanoticia.cl\/prensa\/wp-json\/wp\/v2\/posts"}],"about":[{"href":"https:\/\/www.rengoenlanoticia.cl\/prensa\/wp-json\/wp\/v2\/types\/post"}],"author":[{"embeddable":true,"href":"https:\/\/www.rengoenlanoticia.cl\/prensa\/wp-json\/wp\/v2\/users\/2"}],"replies":[{"embeddable":true,"href":"https:\/\/www.rengoenlanoticia.cl\/prensa\/wp-json\/wp\/v2\/comments?post=5248"}],"version-history":[{"count":2,"href":"https:\/\/www.rengoenlanoticia.cl\/prensa\/wp-json\/wp\/v2\/posts\/5248\/revisions"}],"predecessor-version":[{"id":5251,"href":"https:\/\/www.rengoenlanoticia.cl\/prensa\/wp-json\/wp\/v2\/posts\/5248\/revisions\/5251"}],"wp:featuredmedia":[{"embeddable":true,"href":"https:\/\/www.rengoenlanoticia.cl\/prensa\/wp-json\/wp\/v2\/media\/5249"}],"wp:attachment":[{"href":"https:\/\/www.rengoenlanoticia.cl\/prensa\/wp-json\/wp\/v2\/media?parent=5248"}],"wp:term":[{"taxonomy":"category","embeddable":true,"href":"https:\/\/www.rengoenlanoticia.cl\/prensa\/wp-json\/wp\/v2\/categories?post=5248"},{"taxonomy":"post_tag","embeddable":true,"href":"https:\/\/www.rengoenlanoticia.cl\/prensa\/wp-json\/wp\/v2\/tags?post=5248"}],"curies":[{"name":"wp","href":"https:\/\/api.w.org\/{rel}","templated":true}]}}