{"id":5242,"date":"2025-08-14T14:21:31","date_gmt":"2025-08-14T14:21:31","guid":{"rendered":"https:\/\/www.rengoenlanoticia.cl\/prensa\/?p=5242"},"modified":"2025-08-14T14:21:34","modified_gmt":"2025-08-14T14:21:34","slug":"comision-de-hacienda-de-la-camara-de-diputadas-y-diputados-aprueba-proyecto-que-pone-fin-al-cae-y-crea-un-nuevo-instrumento-de-financiamiento-fes","status":"publish","type":"post","link":"https:\/\/www.rengoenlanoticia.cl\/prensa\/2025\/08\/14\/comision-de-hacienda-de-la-camara-de-diputadas-y-diputados-aprueba-proyecto-que-pone-fin-al-cae-y-crea-un-nuevo-instrumento-de-financiamiento-fes\/","title":{"rendered":"Comisi\u00f3n de Hacienda de la C\u00e1mara de Diputadas y Diputados aprueba proyecto que pone fin al CAE y crea un nuevo instrumento de financiamiento FES"},"content":{"rendered":"\n<p><em>Ahora el proyecto debe ser votado en Sala y, de ser aprobado, avanzar\u00e1 a segundo tr\u00e1mite constitucional en el Senado.<\/em><\/p>\n\n\n\n<p>Este mi\u00e9rcoles la Comisi\u00f3n de Hacienda de la C\u00e1mara de Diputadas y Diputados aprob\u00f3 en particular el proyecto de ley que crea un nuevo instrumento de financiamiento p\u00fablico para la educaci\u00f3n superior y un plan de reorganizaci\u00f3n y condonaci\u00f3n de deudas educativas, poniendo fin al CAE. Ahora la iniciativa ser\u00e1 revisada en la Sala de la C\u00e1mara.<\/p>\n\n\n\n<p>El ministro de Educaci\u00f3n, Nicol\u00e1s Cataldo, agradeci\u00f3 a las y los diputados que aprobaron el proyecto y valor\u00f3 la voluntad de la oposici\u00f3n de llegar a un acuerdo. \u201cCreo que hoy d\u00eda hemos dado un gran paso, estamos muy contentos y expectantes, porque tenemos el desaf\u00edo de construir un acuerdo para mejorar el proyecto. Somos conscientes de que necesitamos dar estos pasos para entregarle al pa\u00eds un nuevo financiamiento para la educaci\u00f3n superior, que sea responsable fiscalmente y que mejore las condiciones de quienes est\u00e1n endeudados con el CAE y el Cr\u00e9dito Corfo\u201d.<\/p>\n\n\n\n<p>El subsecretario de Educaci\u00f3n Superior, V\u00edctor Orellana, valor\u00f3 \u201ctodos los elementos que se han incorporado gracias a los aportes que han surgido durante esta etapa de la tramitaci\u00f3n, que han permitido fortalecer este proyecto en gran medida. Hoy comenzamos una nueva etapa en la tramitaci\u00f3n de este proyecto tan esperado por la ciudadan\u00eda, y esperamos que el debate democr\u00e1tico d\u00e9 frutos positivos para seguir avanzando en este compromiso, que es una necesidad pa\u00eds\u201d.<\/p>\n\n\n\n<p>La directora de Presupuestos, Javiera Mart\u00ednez, valor\u00f3 \u201cel trabajo t\u00e9cnico de los equipos tanto del Ejecutivo como de los diputados, que permiti\u00f3 que hoy di\u00e9ramos un paso relevante en la tramitaci\u00f3n del proyecto de ley, dentro de un camino al que todav\u00eda le quedan la Sala de la C\u00e1mara y el Senado\u201d. La autoridad agreg\u00f3 que \u201cen el Ejecutivo tenemos la convicci\u00f3n de que Chile tiene que avanzar hacia una convergencia fiscal, lo que se demuestra en la discusi\u00f3n y en la votaci\u00f3n de este proyecto de ley, que es sustancialmente m\u00e1s sostenible para el Fisco que el modelo actual\u201d.<\/p>\n\n\n\n<p>Asimismo, la integrante de la Comisi\u00f3n de Hacienda de la C\u00e1mara de Diputadas y Diputados, Camila Rojas, valor\u00f3 el trabajo del Ejecutivo \u201chemos logrado aprobar con la gran mayor\u00eda de los votos lo que tiene que ver con la condonaci\u00f3n que va a significar que quienes tienen deudas van a poder tener una condonaci\u00f3n, que van a poder reprogramar su situaci\u00f3n de deuda, y estamos convencidas, y as\u00ed tambi\u00e9n lo vamos a defender en sala, que este es un proyecto que va a permitir, si es ley, dejar mejor a los estudiantes actuales y a quienes ya estudiaron, pero hoy son deudores\u201d.<\/p>\n\n\n\n<p>El proyecto de ley fue presentado en octubre de 2024, y discutido en la Comisi\u00f3n de Educaci\u00f3n de la C\u00e1mara de Diputadas y Diputados a lo largo de sus distintas etapas. Posteriormente, fue presentado por el Ejecutivo en la Comisi\u00f3n de Hacienda a inicios de mayo y se espera que la revisi\u00f3n en Sala se realice durante este mes.<\/p>\n\n\n\n<p>M\u00e1s informaci\u00f3n sobre el proyecto de ley en <a href=\"http:\/\/www.fes.mineduc.cl\">www.fes.mineduc.cl<\/a>.&nbsp;<\/p>\n","protected":false},"excerpt":{"rendered":"Ahora el proyecto debe ser votado en Sala y, de ser aprobado, avanzar\u00e1 a segundo tr\u00e1mite constitucional en&hellip;\n","protected":false},"author":1,"featured_media":5243,"comment_status":"open","ping_status":"open","sticky":false,"template":"","format":"standard","meta":{"_monsterinsights_skip_tracking":false,"_monsterinsights_sitenote_active":false,"_monsterinsights_sitenote_note":"","_monsterinsights_sitenote_category":0,"footnotes":""},"categories":[11,8],"tags":[],"class_list":{"0":"post-5242","1":"post","2":"type-post","3":"status-publish","4":"format-standard","5":"has-post-thumbnail","7":"category-politica","8":"category-portada"},"aioseo_notices":[],"_links":{"self":[{"href":"https:\/\/www.rengoenlanoticia.cl\/prensa\/wp-json\/wp\/v2\/posts\/5242","targetHints":{"allow":["GET"]}}],"collection":[{"href":"https:\/\/www.rengoenlanoticia.cl\/prensa\/wp-json\/wp\/v2\/posts"}],"about":[{"href":"https:\/\/www.rengoenlanoticia.cl\/prensa\/wp-json\/wp\/v2\/types\/post"}],"author":[{"embeddable":true,"href":"https:\/\/www.rengoenlanoticia.cl\/prensa\/wp-json\/wp\/v2\/users\/1"}],"replies":[{"embeddable":true,"href":"https:\/\/www.rengoenlanoticia.cl\/prensa\/wp-json\/wp\/v2\/comments?post=5242"}],"version-history":[{"count":3,"href":"https:\/\/www.rengoenlanoticia.cl\/prensa\/wp-json\/wp\/v2\/posts\/5242\/revisions"}],"predecessor-version":[{"id":5246,"href":"https:\/\/www.rengoenlanoticia.cl\/prensa\/wp-json\/wp\/v2\/posts\/5242\/revisions\/5246"}],"wp:featuredmedia":[{"embeddable":true,"href":"https:\/\/www.rengoenlanoticia.cl\/prensa\/wp-json\/wp\/v2\/media\/5243"}],"wp:attachment":[{"href":"https:\/\/www.rengoenlanoticia.cl\/prensa\/wp-json\/wp\/v2\/media?parent=5242"}],"wp:term":[{"taxonomy":"category","embeddable":true,"href":"https:\/\/www.rengoenlanoticia.cl\/prensa\/wp-json\/wp\/v2\/categories?post=5242"},{"taxonomy":"post_tag","embeddable":true,"href":"https:\/\/www.rengoenlanoticia.cl\/prensa\/wp-json\/wp\/v2\/tags?post=5242"}],"curies":[{"name":"wp","href":"https:\/\/api.w.org\/{rel}","templated":true}]}}