{"id":5230,"date":"2025-08-14T14:11:15","date_gmt":"2025-08-14T14:11:15","guid":{"rendered":"https:\/\/www.rengoenlanoticia.cl\/prensa\/?p=5230"},"modified":"2025-08-14T14:11:19","modified_gmt":"2025-08-14T14:11:19","slug":"pumanque-inauguro-moderna-plaza-de-juegos-y-nueva-multicancha-en-zona-rural-de-la-comuna","status":"publish","type":"post","link":"https:\/\/www.rengoenlanoticia.cl\/prensa\/2025\/08\/14\/pumanque-inauguro-moderna-plaza-de-juegos-y-nueva-multicancha-en-zona-rural-de-la-comuna\/","title":{"rendered":"Pumanque inaugur\u00f3 moderna plaza de juegos y nueva multicancha en zona rural de la comuna"},"content":{"rendered":"\n<p>Ambos proyectos fueron financiados por el Fondo Regional de Iniciativa Local, FRIL, del Gobierno Regional.<\/p>\n\n\n\n<p> Destacando que los recursos del Gobierno Regional llegan a las 33 comunas de O\u00b4Higgins, sin importar la lejan\u00eda de las comunidades, el Gobernador Pablo Silva Amaya se traslad\u00f3 hasta Pumanque, en la provincia de Colchagua, para encabezar las ceremonias de inauguraci\u00f3n de una multicancha en el sector La Gloria y una plaza de juegos infantiles en la villa Padre Hurtado.<\/p>\n\n\n\n<p>Ambos proyectos significaron una inversi\u00f3n superior a los 362 millones de pesos del Fondo Regional de Iniciativa Local, FRIL, del Gobierno Regional, y se concretaron gracias al trabajo colaborativo con el municipio encabezado por el alcalde Gonzalo Baraona, su concejo municipal, y el compromiso de las juntas de vecinos respectivas.<\/p>\n\n\n\n<figure class=\"wp-block-image size-large\"><img loading=\"lazy\" decoding=\"async\" width=\"1024\" height=\"683\" src=\"https:\/\/www.rengoenlanoticia.cl\/prensa\/wp-content\/uploads\/2025\/08\/WhatsApp-Image-2025-08-14-at-10.03.33-1-1024x683.jpeg\" alt=\"\" class=\"wp-image-5232\" srcset=\"https:\/\/www.rengoenlanoticia.cl\/prensa\/wp-content\/uploads\/2025\/08\/WhatsApp-Image-2025-08-14-at-10.03.33-1-1024x683.jpeg 1024w, https:\/\/www.rengoenlanoticia.cl\/prensa\/wp-content\/uploads\/2025\/08\/WhatsApp-Image-2025-08-14-at-10.03.33-1-300x200.jpeg 300w, https:\/\/www.rengoenlanoticia.cl\/prensa\/wp-content\/uploads\/2025\/08\/WhatsApp-Image-2025-08-14-at-10.03.33-1-768x512.jpeg 768w, https:\/\/www.rengoenlanoticia.cl\/prensa\/wp-content\/uploads\/2025\/08\/WhatsApp-Image-2025-08-14-at-10.03.33-1-1536x1024.jpeg 1536w, https:\/\/www.rengoenlanoticia.cl\/prensa\/wp-content\/uploads\/2025\/08\/WhatsApp-Image-2025-08-14-at-10.03.33-1-2048x1365.jpeg 2048w, https:\/\/www.rengoenlanoticia.cl\/prensa\/wp-content\/uploads\/2025\/08\/WhatsApp-Image-2025-08-14-at-10.03.33-1-110x73.jpeg 110w, https:\/\/www.rengoenlanoticia.cl\/prensa\/wp-content\/uploads\/2025\/08\/WhatsApp-Image-2025-08-14-at-10.03.33-1-200x133.jpeg 200w, https:\/\/www.rengoenlanoticia.cl\/prensa\/wp-content\/uploads\/2025\/08\/WhatsApp-Image-2025-08-14-at-10.03.33-1-380x253.jpeg 380w, https:\/\/www.rengoenlanoticia.cl\/prensa\/wp-content\/uploads\/2025\/08\/WhatsApp-Image-2025-08-14-at-10.03.33-1-255x170.jpeg 255w, https:\/\/www.rengoenlanoticia.cl\/prensa\/wp-content\/uploads\/2025\/08\/WhatsApp-Image-2025-08-14-at-10.03.33-1-550x367.jpeg 550w, https:\/\/www.rengoenlanoticia.cl\/prensa\/wp-content\/uploads\/2025\/08\/WhatsApp-Image-2025-08-14-at-10.03.33-1-800x533.jpeg 800w, https:\/\/www.rengoenlanoticia.cl\/prensa\/wp-content\/uploads\/2025\/08\/WhatsApp-Image-2025-08-14-at-10.03.33-1-1160x773.jpeg 1160w, https:\/\/www.rengoenlanoticia.cl\/prensa\/wp-content\/uploads\/2025\/08\/WhatsApp-Image-2025-08-14-at-10.03.33-1-scaled.jpeg 2560w\" sizes=\"auto, (max-width: 1024px) 100vw, 1024px\" \/><\/figure>\n\n\n\n<p>Al respecto, el Gobernador Regional destac\u00f3 la importancia de inaugurar estos dos proyectos sociales para esta comuna. \u201cPumanque es una de las comunas m\u00e1s rurales y alejadas de la Regi\u00f3n de O\u00b4Higgins. Es gente de muy buen coraz\u00f3n, por lo que estamos muy contentos de inaugurar dos importantes proyectos, una multicancha en el sector La Gloria, en una zona muy alejada y rural de esta comuna; y tambi\u00e9n una plaza de juegos fant\u00e1stica en la villa Padre Hurtado. Estamos muy felices por el trabajo colaborativo que estamos haciendo con el alcalde, su concejo municipal, y la comunidad de Pumanque. Esto es una prueba concreta que desde el Gobierno Regional invertimos en las 33 comunas de O\u00b4Higgins, para darle dignidad y una mejor calidad de vida a quienes m\u00e1s necesitan el apoyo nuestro, lo que nos llena de orgullo\u201d, manifest\u00f3 Pablo Silva Amaya.<\/p>\n\n\n\n<figure class=\"wp-block-image size-large\"><img loading=\"lazy\" decoding=\"async\" width=\"1024\" height=\"682\" src=\"https:\/\/www.rengoenlanoticia.cl\/prensa\/wp-content\/uploads\/2025\/08\/WhatsApp-Image-2025-08-14-at-10.03.32-1024x682.jpeg\" alt=\"\" class=\"wp-image-5233\" srcset=\"https:\/\/www.rengoenlanoticia.cl\/prensa\/wp-content\/uploads\/2025\/08\/WhatsApp-Image-2025-08-14-at-10.03.32-1024x682.jpeg 1024w, https:\/\/www.rengoenlanoticia.cl\/prensa\/wp-content\/uploads\/2025\/08\/WhatsApp-Image-2025-08-14-at-10.03.32-300x200.jpeg 300w, https:\/\/www.rengoenlanoticia.cl\/prensa\/wp-content\/uploads\/2025\/08\/WhatsApp-Image-2025-08-14-at-10.03.32-768x512.jpeg 768w, https:\/\/www.rengoenlanoticia.cl\/prensa\/wp-content\/uploads\/2025\/08\/WhatsApp-Image-2025-08-14-at-10.03.32-1536x1024.jpeg 1536w, https:\/\/www.rengoenlanoticia.cl\/prensa\/wp-content\/uploads\/2025\/08\/WhatsApp-Image-2025-08-14-at-10.03.32-2048x1365.jpeg 2048w, https:\/\/www.rengoenlanoticia.cl\/prensa\/wp-content\/uploads\/2025\/08\/WhatsApp-Image-2025-08-14-at-10.03.32-110x73.jpeg 110w, https:\/\/www.rengoenlanoticia.cl\/prensa\/wp-content\/uploads\/2025\/08\/WhatsApp-Image-2025-08-14-at-10.03.32-200x133.jpeg 200w, https:\/\/www.rengoenlanoticia.cl\/prensa\/wp-content\/uploads\/2025\/08\/WhatsApp-Image-2025-08-14-at-10.03.32-380x253.jpeg 380w, https:\/\/www.rengoenlanoticia.cl\/prensa\/wp-content\/uploads\/2025\/08\/WhatsApp-Image-2025-08-14-at-10.03.32-255x170.jpeg 255w, https:\/\/www.rengoenlanoticia.cl\/prensa\/wp-content\/uploads\/2025\/08\/WhatsApp-Image-2025-08-14-at-10.03.32-550x366.jpeg 550w, https:\/\/www.rengoenlanoticia.cl\/prensa\/wp-content\/uploads\/2025\/08\/WhatsApp-Image-2025-08-14-at-10.03.32-800x533.jpeg 800w, https:\/\/www.rengoenlanoticia.cl\/prensa\/wp-content\/uploads\/2025\/08\/WhatsApp-Image-2025-08-14-at-10.03.32-1160x773.jpeg 1160w, https:\/\/www.rengoenlanoticia.cl\/prensa\/wp-content\/uploads\/2025\/08\/WhatsApp-Image-2025-08-14-at-10.03.32-scaled.jpeg 2560w\" sizes=\"auto, (max-width: 1024px) 100vw, 1024px\" \/><\/figure>\n\n\n\n<p>En tanto, el alcalde de Pumanque, Gonzalo Baraona, enfatiz\u00f3 que \u201cestoy muy contento y agradecido del Gobierno Regional por lo que estamos haciendo, y tambi\u00e9n orgulloso porque inauguramos una multicancha en un sector muy rec\u00f3ndito de la comuna, y una hermosa plaza de juegos de mucho beneficio para esta comunidad, en particular ni\u00f1as y ni\u00f1os del sector\u201d.<\/p>\n\n\n\n<p>Ambos proyectos tienen accesos universales y fueron muy valorados por las vecinas y vecinos, quienes asistieron masivamente a ambas ceremonias. Pascuala Becerra, presidenta de la Junta de Vecinos Santa Rita Rinc\u00f3n La Gloria, manifest\u00f3 su felicidad de contar con una moderna multicancha en su sector, ubicado en una zona rural de la comuna. \u201cNuestra comunidad tiene m\u00e1s de treinta a\u00f1os, y por m\u00e1s de cuatro a\u00f1os luchamos por este proyecto. Y gracias al apoyo del municipio y el financiamiento del Gobierno Regional, construimos una de las mejores canchas de este tipo en Colchagua. Es un orgullo para nosotros, porque somos una comunidad escondida. El pr\u00f3ximo s\u00e1bado celebraremos el d\u00eda del ni\u00f1o, en una actividad masiva en la multicancha, y luego tendremos diversos talleres deportivos para nuestros ni\u00f1os, ni\u00f1as y comunidad en general\u201d, expres\u00f3 emocionada.<\/p>\n\n\n\n<figure class=\"wp-block-image size-large\"><img loading=\"lazy\" decoding=\"async\" width=\"1024\" height=\"683\" src=\"https:\/\/www.rengoenlanoticia.cl\/prensa\/wp-content\/uploads\/2025\/08\/WhatsApp-Image-2025-08-14-at-10.03.34-1024x683.jpeg\" alt=\"\" class=\"wp-image-5234\" srcset=\"https:\/\/www.rengoenlanoticia.cl\/prensa\/wp-content\/uploads\/2025\/08\/WhatsApp-Image-2025-08-14-at-10.03.34-1024x683.jpeg 1024w, https:\/\/www.rengoenlanoticia.cl\/prensa\/wp-content\/uploads\/2025\/08\/WhatsApp-Image-2025-08-14-at-10.03.34-300x200.jpeg 300w, https:\/\/www.rengoenlanoticia.cl\/prensa\/wp-content\/uploads\/2025\/08\/WhatsApp-Image-2025-08-14-at-10.03.34-768x512.jpeg 768w, https:\/\/www.rengoenlanoticia.cl\/prensa\/wp-content\/uploads\/2025\/08\/WhatsApp-Image-2025-08-14-at-10.03.34-1536x1024.jpeg 1536w, https:\/\/www.rengoenlanoticia.cl\/prensa\/wp-content\/uploads\/2025\/08\/WhatsApp-Image-2025-08-14-at-10.03.34-2048x1365.jpeg 2048w, https:\/\/www.rengoenlanoticia.cl\/prensa\/wp-content\/uploads\/2025\/08\/WhatsApp-Image-2025-08-14-at-10.03.34-110x73.jpeg 110w, https:\/\/www.rengoenlanoticia.cl\/prensa\/wp-content\/uploads\/2025\/08\/WhatsApp-Image-2025-08-14-at-10.03.34-200x133.jpeg 200w, https:\/\/www.rengoenlanoticia.cl\/prensa\/wp-content\/uploads\/2025\/08\/WhatsApp-Image-2025-08-14-at-10.03.34-380x253.jpeg 380w, https:\/\/www.rengoenlanoticia.cl\/prensa\/wp-content\/uploads\/2025\/08\/WhatsApp-Image-2025-08-14-at-10.03.34-255x170.jpeg 255w, https:\/\/www.rengoenlanoticia.cl\/prensa\/wp-content\/uploads\/2025\/08\/WhatsApp-Image-2025-08-14-at-10.03.34-550x367.jpeg 550w, https:\/\/www.rengoenlanoticia.cl\/prensa\/wp-content\/uploads\/2025\/08\/WhatsApp-Image-2025-08-14-at-10.03.34-800x533.jpeg 800w, https:\/\/www.rengoenlanoticia.cl\/prensa\/wp-content\/uploads\/2025\/08\/WhatsApp-Image-2025-08-14-at-10.03.34-1160x773.jpeg 1160w, https:\/\/www.rengoenlanoticia.cl\/prensa\/wp-content\/uploads\/2025\/08\/WhatsApp-Image-2025-08-14-at-10.03.34-scaled.jpeg 2560w\" sizes=\"auto, (max-width: 1024px) 100vw, 1024px\" \/><\/figure>\n\n\n\n<p>En tanto, Valentina G\u00e1lvez, joven vecina de la villa Padre Hurtado, destac\u00f3 que \u201ccomo vecinos de toda la vida estamos muy contentos porque la nueva plaza es muy linda y mucho m\u00e1s segura, donde todos pueden jugar sin miedos. Primero fue una plaza con piso de tierra y juegos de madera, que estaban muy desgastados por su uso, despu\u00e9s se destruy\u00f3 y se transform\u00f3 en un mont\u00f3n de tierra. Por eso, estamos muy felices de contar con esta nueva plaza y estos juegos para ni\u00f1os\u201d.<\/p>\n\n\n\n<figure class=\"wp-block-image size-large\"><img loading=\"lazy\" decoding=\"async\" width=\"1024\" height=\"683\" src=\"https:\/\/www.rengoenlanoticia.cl\/prensa\/wp-content\/uploads\/2025\/08\/WhatsApp-Image-2025-08-14-at-10.03.32-1-1024x683.jpeg\" alt=\"\" class=\"wp-image-5235\" srcset=\"https:\/\/www.rengoenlanoticia.cl\/prensa\/wp-content\/uploads\/2025\/08\/WhatsApp-Image-2025-08-14-at-10.03.32-1-1024x683.jpeg 1024w, https:\/\/www.rengoenlanoticia.cl\/prensa\/wp-content\/uploads\/2025\/08\/WhatsApp-Image-2025-08-14-at-10.03.32-1-300x200.jpeg 300w, https:\/\/www.rengoenlanoticia.cl\/prensa\/wp-content\/uploads\/2025\/08\/WhatsApp-Image-2025-08-14-at-10.03.32-1-768x512.jpeg 768w, https:\/\/www.rengoenlanoticia.cl\/prensa\/wp-content\/uploads\/2025\/08\/WhatsApp-Image-2025-08-14-at-10.03.32-1-1536x1024.jpeg 1536w, https:\/\/www.rengoenlanoticia.cl\/prensa\/wp-content\/uploads\/2025\/08\/WhatsApp-Image-2025-08-14-at-10.03.32-1-2048x1365.jpeg 2048w, https:\/\/www.rengoenlanoticia.cl\/prensa\/wp-content\/uploads\/2025\/08\/WhatsApp-Image-2025-08-14-at-10.03.32-1-110x73.jpeg 110w, https:\/\/www.rengoenlanoticia.cl\/prensa\/wp-content\/uploads\/2025\/08\/WhatsApp-Image-2025-08-14-at-10.03.32-1-200x133.jpeg 200w, https:\/\/www.rengoenlanoticia.cl\/prensa\/wp-content\/uploads\/2025\/08\/WhatsApp-Image-2025-08-14-at-10.03.32-1-380x253.jpeg 380w, https:\/\/www.rengoenlanoticia.cl\/prensa\/wp-content\/uploads\/2025\/08\/WhatsApp-Image-2025-08-14-at-10.03.32-1-255x170.jpeg 255w, https:\/\/www.rengoenlanoticia.cl\/prensa\/wp-content\/uploads\/2025\/08\/WhatsApp-Image-2025-08-14-at-10.03.32-1-550x367.jpeg 550w, https:\/\/www.rengoenlanoticia.cl\/prensa\/wp-content\/uploads\/2025\/08\/WhatsApp-Image-2025-08-14-at-10.03.32-1-800x533.jpeg 800w, https:\/\/www.rengoenlanoticia.cl\/prensa\/wp-content\/uploads\/2025\/08\/WhatsApp-Image-2025-08-14-at-10.03.32-1-1160x773.jpeg 1160w, https:\/\/www.rengoenlanoticia.cl\/prensa\/wp-content\/uploads\/2025\/08\/WhatsApp-Image-2025-08-14-at-10.03.32-1-scaled.jpeg 2560w\" sizes=\"auto, (max-width: 1024px) 100vw, 1024px\" \/><\/figure>\n","protected":false},"excerpt":{"rendered":"Ambos proyectos fueron financiados por el Fondo Regional de Iniciativa Local, FRIL, del Gobierno Regional. Destacando que los&hellip;\n","protected":false},"author":1,"featured_media":5231,"comment_status":"open","ping_status":"open","sticky":false,"template":"","format":"standard","meta":{"_monsterinsights_skip_tracking":false,"_monsterinsights_sitenote_active":false,"_monsterinsights_sitenote_note":"","_monsterinsights_sitenote_category":0,"footnotes":""},"categories":[8],"tags":[],"class_list":{"0":"post-5230","1":"post","2":"type-post","3":"status-publish","4":"format-standard","5":"has-post-thumbnail","7":"category-portada"},"aioseo_notices":[],"_links":{"self":[{"href":"https:\/\/www.rengoenlanoticia.cl\/prensa\/wp-json\/wp\/v2\/posts\/5230","targetHints":{"allow":["GET"]}}],"collection":[{"href":"https:\/\/www.rengoenlanoticia.cl\/prensa\/wp-json\/wp\/v2\/posts"}],"about":[{"href":"https:\/\/www.rengoenlanoticia.cl\/prensa\/wp-json\/wp\/v2\/types\/post"}],"author":[{"embeddable":true,"href":"https:\/\/www.rengoenlanoticia.cl\/prensa\/wp-json\/wp\/v2\/users\/1"}],"replies":[{"embeddable":true,"href":"https:\/\/www.rengoenlanoticia.cl\/prensa\/wp-json\/wp\/v2\/comments?post=5230"}],"version-history":[{"count":3,"href":"https:\/\/www.rengoenlanoticia.cl\/prensa\/wp-json\/wp\/v2\/posts\/5230\/revisions"}],"predecessor-version":[{"id":5241,"href":"https:\/\/www.rengoenlanoticia.cl\/prensa\/wp-json\/wp\/v2\/posts\/5230\/revisions\/5241"}],"wp:featuredmedia":[{"embeddable":true,"href":"https:\/\/www.rengoenlanoticia.cl\/prensa\/wp-json\/wp\/v2\/media\/5231"}],"wp:attachment":[{"href":"https:\/\/www.rengoenlanoticia.cl\/prensa\/wp-json\/wp\/v2\/media?parent=5230"}],"wp:term":[{"taxonomy":"category","embeddable":true,"href":"https:\/\/www.rengoenlanoticia.cl\/prensa\/wp-json\/wp\/v2\/categories?post=5230"},{"taxonomy":"post_tag","embeddable":true,"href":"https:\/\/www.rengoenlanoticia.cl\/prensa\/wp-json\/wp\/v2\/tags?post=5230"}],"curies":[{"name":"wp","href":"https:\/\/api.w.org\/{rel}","templated":true}]}}