{"id":5228,"date":"2025-08-14T14:08:32","date_gmt":"2025-08-14T14:08:32","guid":{"rendered":"https:\/\/www.rengoenlanoticia.cl\/prensa\/?p=5228"},"modified":"2025-08-14T14:24:45","modified_gmt":"2025-08-14T14:24:45","slug":"mineduc-convoca-a-jornada-nacional-presentes-contra-la-violencia-en-todos-los-establecimientos-educacionales-del-pais","status":"publish","type":"post","link":"https:\/\/www.rengoenlanoticia.cl\/prensa\/2025\/08\/14\/mineduc-convoca-a-jornada-nacional-presentes-contra-la-violencia-en-todos-los-establecimientos-educacionales-del-pais\/","title":{"rendered":"Mineduc convoca a Jornada Nacional \u201cPresentes contra la violencia\u201d en todos los establecimientos educacionales del pa\u00eds"},"content":{"rendered":"\n<p><em>\u2022&nbsp;&nbsp;&nbsp;&nbsp;&nbsp; La jornada se realizar\u00e1 este jueves 21 de agosto y se espera que las comunidades educativas reflexionen y se comprometan con la construcci\u00f3n de espacios educativos de cuidado y bienestar.<\/em><\/p>\n\n\n\n<p>Atendiendo a lamentables episodios ocurridos durante el a\u00f1o en algunos establecimientos educacionales y sus entornos, el Ministerio de Educaci\u00f3n convoca a la Jornada Nacional \u201cPresentes contra la violencia\u201d, que se realizar\u00e1 el jueves 21 de agosto en jardines infantiles, escuelas y liceos de todo el pa\u00eds.<\/p>\n\n\n\n<p>La jornada originalmente estuvo programada para el 30 de julio, pero debido a la alerta de tsunami muchos establecimientos debieron suspenderla. Por ello, el Mineduc convoca nuevamente a esta instancia, en la que se espera que las comunidades educativas reflexionen y se comprometan con la construcci\u00f3n de espacios educativos de cuidado y bienestar.<\/p>\n\n\n\n<p>La convocatoria es voluntaria para todos los establecimientos, sin distinci\u00f3n de dependencia (municipales, SLEP, particulares subvencionados, particulares pagados), y contar\u00e1 con actividades diferenciadas, seg\u00fan la edad de las y los estudiantes, desde p\u00e1rvulos de jardines infantiles (nivel medio mayor) hasta estudiantes de 4\u00b0 medio.<\/p>\n\n\n\n<p>Para ello el Mineduc habilit\u00f3 el sitio presentescontralaviolencia.mineduc.cl, que contiene propuestas metodol\u00f3gicas para que las comunidades educativas realicen su jornada de acuerdo a sus necesidades y matr\u00edcula. El material est\u00e1 pensado para cuatro grupos educativos: nivel medio mayor; prek\u00ednder a 2\u00b0 b\u00e1sico; 3\u00b0 b\u00e1sico a 6\u00b0 b\u00e1sico; y 7\u00b0 b\u00e1sico a 4\u00b0 medio.<\/p>\n\n\n\n<p>El sitio tambi\u00e9n dispone de material para trabajar con madres, padres y apoderados, y una encuesta para que las y los directores de establecimientos eval\u00faen el alcance, desarrollo e impacto de la jornada.<\/p>\n\n\n\n<p>El ministro de Educaci\u00f3n, Nicol\u00e1s Cataldo, explic\u00f3 que \u201cnuestro pa\u00eds atraviesa por un momento complejo, que tiene que ver con el deterioro de la convivencia. Necesitamos de forma urgente conversar sobre nuestras diferencias, y por eso es que convocamos a todas las comunidades educativas a reflexionar sobre el impacto de la violencia en nuestras vidas, y a buscar mecanismos que nos permitan contar con espacios educativos que promuevan el bienestar\u201d.<\/p>\n\n\n\n<p>En el marco de la jornada nacional \u201cPresentes contra la Violencia\u201d, Mineduc invita a las y los directivos de establecimientos educacionales a responder, de manera voluntaria, una breve encuesta en l\u00ednea que se encuentra disponible en la web <a href=\"https:\/\/presentescontralaviolencia.mineduc.cl\">https:\/\/presentescontralaviolencia.mineduc.cl<\/a> . La participaci\u00f3n es fundamental para conocer c\u00f3mo se vivi\u00f3 esta jornada en los distintos establecimientos del pa\u00eds. Para aquellas comunidades educativas que ya desarrollaron esta iniciativa, la encuesta ya se encuentra disponible.<\/p>\n\n\n\n<p>La informaci\u00f3n que se levantar\u00e1 tiene por objetivo contribuir a la mejora continua de las pol\u00edticas educativas orientadas a fortalecer la convivencia y prevenir la violencia escolar.<\/p>\n\n\n\n<p><strong>Acciones por la convivencia educativa<\/strong><\/p>\n\n\n\n<p>La Jornada Nacional \u201cPresentes contra la violencia\u201d se suma a distintas acciones que el Mineduc ha impulsado en esta materia. Una de ellas es el proyecto de ley de convivencia, buen trato y bienestar de las comunidades educativas, que est\u00e1 en tramitaci\u00f3n en el Congreso y que propone un nuevo est\u00e1ndar para la gesti\u00f3n interna de la convivencia, recogiendo propuestas de otras mociones presentadas a prop\u00f3sito de los tr\u00e1gicos casos de los estudiantes Katy Winter y Jos\u00e9 Mat\u00edas, y de la profesora de Antofagasta, Katherine Yoma.<\/p>\n\n\n\n<p>Otra iniciativa es el Programa Comunidades Educativas Protegidas, que se enfoca en la prevenci\u00f3n y abordaje de la violencia en contextos educativos de 66 comunas priorizadas, trabajando para fortalecer la convivencia escolar y promover el bienestar socioemocional.<\/p>\n\n\n\n<p>Tambi\u00e9n se est\u00e1n implementando los Patrullajes Preventivos Inteligentes en entornos educativos, en 44 comunas priorizadas del pa\u00eds, una innovadora soluci\u00f3n tecnol\u00f3gica que utiliza inteligencia artificial para optimizar la seguridad alrededor de establecimientos educacionales, usando una plataforma de gesti\u00f3n operativa desarrollada por la Subsecretar\u00eda de Prevenci\u00f3n del Delito.<\/p>\n\n\n\n<p>Adem\u00e1s, el Mineduc est\u00e1 aplicando el Programa A Convivir se Aprende, que fortalece los equipos de gesti\u00f3n y de convivencia escolar de los establecimientos subvencionados para prevenir situaciones de violencia, que el a\u00f1o pasado trabaj\u00f3 en 149 comunas, apoyando a m\u00e1s de 1.760 comunidades educativas; y el Programa Habilidades para la Vida, que busca promover el autocuidado, el bienestar y la convivencia dentro de las comunidades educativas, beneficiando el a\u00f1o pasado a 747.495 estudiantes desde prek\u00ednder a IV medio. Y en mayo de 2024 se actualiz\u00f3 la Pol\u00edtica Nacional de Convivencia Educativa, instrumento que establece un nuevo marco de acci\u00f3n respecto al aprendizaje socioemocional.<\/p>\n","protected":false},"excerpt":{"rendered":"\u2022&nbsp;&nbsp;&nbsp;&nbsp;&nbsp; La jornada se realizar\u00e1 este jueves 21 de agosto y se espera que las comunidades educativas reflexionen&hellip;\n","protected":false},"author":1,"featured_media":5229,"comment_status":"open","ping_status":"open","sticky":false,"template":"","format":"standard","meta":{"_monsterinsights_skip_tracking":false,"_monsterinsights_sitenote_active":false,"_monsterinsights_sitenote_note":"","_monsterinsights_sitenote_category":0,"footnotes":""},"categories":[8],"tags":[],"class_list":{"0":"post-5228","1":"post","2":"type-post","3":"status-publish","4":"format-standard","5":"has-post-thumbnail","7":"category-portada"},"aioseo_notices":[],"_links":{"self":[{"href":"https:\/\/www.rengoenlanoticia.cl\/prensa\/wp-json\/wp\/v2\/posts\/5228","targetHints":{"allow":["GET"]}}],"collection":[{"href":"https:\/\/www.rengoenlanoticia.cl\/prensa\/wp-json\/wp\/v2\/posts"}],"about":[{"href":"https:\/\/www.rengoenlanoticia.cl\/prensa\/wp-json\/wp\/v2\/types\/post"}],"author":[{"embeddable":true,"href":"https:\/\/www.rengoenlanoticia.cl\/prensa\/wp-json\/wp\/v2\/users\/1"}],"replies":[{"embeddable":true,"href":"https:\/\/www.rengoenlanoticia.cl\/prensa\/wp-json\/wp\/v2\/comments?post=5228"}],"version-history":[{"count":2,"href":"https:\/\/www.rengoenlanoticia.cl\/prensa\/wp-json\/wp\/v2\/posts\/5228\/revisions"}],"predecessor-version":[{"id":5238,"href":"https:\/\/www.rengoenlanoticia.cl\/prensa\/wp-json\/wp\/v2\/posts\/5228\/revisions\/5238"}],"wp:featuredmedia":[{"embeddable":true,"href":"https:\/\/www.rengoenlanoticia.cl\/prensa\/wp-json\/wp\/v2\/media\/5229"}],"wp:attachment":[{"href":"https:\/\/www.rengoenlanoticia.cl\/prensa\/wp-json\/wp\/v2\/media?parent=5228"}],"wp:term":[{"taxonomy":"category","embeddable":true,"href":"https:\/\/www.rengoenlanoticia.cl\/prensa\/wp-json\/wp\/v2\/categories?post=5228"},{"taxonomy":"post_tag","embeddable":true,"href":"https:\/\/www.rengoenlanoticia.cl\/prensa\/wp-json\/wp\/v2\/tags?post=5228"}],"curies":[{"name":"wp","href":"https:\/\/api.w.org\/{rel}","templated":true}]}}