{"id":5210,"date":"2025-08-14T03:50:18","date_gmt":"2025-08-14T03:50:18","guid":{"rendered":"https:\/\/www.rengoenlanoticia.cl\/prensa\/?p=5210"},"modified":"2025-08-14T03:50:20","modified_gmt":"2025-08-14T03:50:20","slug":"presidente-de-la-corte-de-rancagua-participa-en-presentacion-de-libro-de-corporacion-opcion-sobre-estrategias-de-intervencion-con-jovenes-en-conflicto-con-la-justicia","status":"publish","type":"post","link":"https:\/\/www.rengoenlanoticia.cl\/prensa\/2025\/08\/14\/presidente-de-la-corte-de-rancagua-participa-en-presentacion-de-libro-de-corporacion-opcion-sobre-estrategias-de-intervencion-con-jovenes-en-conflicto-con-la-justicia\/","title":{"rendered":"Presidente de la Corte de Rancagua participa en presentaci\u00f3n de libro de Corporaci\u00f3n Opci\u00f3n sobre estrategias de intervenci\u00f3n con j\u00f3venes en conflicto con la justicia"},"content":{"rendered":"\n<p>En el Centro de Justicia de Rancagua, la Corte de Apelaciones de Rancagua, la Corporaci\u00f3n Opci\u00f3n y el Servicio Nacional de Menores (Sename) realizaron la presentaci\u00f3n del libro \u201cEstrategias Metodol\u00f3gicas para la intervenci\u00f3n con adolescentes y j\u00f3venes en conflicto con la justicia\u201d.<\/p>\n\n\n\n<p>Esta actividad en que se abord\u00f3 el documento elaborado por investigadores de la Corporaci\u00f3n Opci\u00f3n, se enmarca en la antesala de la puesta en marcha en la Regi\u00f3n de O\u2019Higgins de la Ley 21.527, que crea el \u201cServicio Nacional de Reinserci\u00f3n Social Juvenil\u201d y modifica la estructura institucional relativa a la administraci\u00f3n y ejecuci\u00f3n de las medidas y sanciones relacionadas con adolescentes infractores de ley.<\/p>\n\n\n\n<p>Las palabras de bienvenida estuvieron a cargo del presidente del tribunal de alzada, ministro Pedro Caro; la directora ejecutiva de Corporaci\u00f3n Opci\u00f3n, Milagros Nehgme; y la directora regional (s) del Sename, Carolina Villarroel.<\/p>\n\n\n\n<figure class=\"wp-block-image size-large\"><img loading=\"lazy\" decoding=\"async\" width=\"1024\" height=\"682\" src=\"https:\/\/www.rengoenlanoticia.cl\/prensa\/wp-content\/uploads\/2025\/08\/WhatsApp-Image-2025-08-13-at-11.30.46-1-1024x682.jpeg\" alt=\"\" class=\"wp-image-5219\" srcset=\"https:\/\/www.rengoenlanoticia.cl\/prensa\/wp-content\/uploads\/2025\/08\/WhatsApp-Image-2025-08-13-at-11.30.46-1-1024x682.jpeg 1024w, https:\/\/www.rengoenlanoticia.cl\/prensa\/wp-content\/uploads\/2025\/08\/WhatsApp-Image-2025-08-13-at-11.30.46-1-300x200.jpeg 300w, https:\/\/www.rengoenlanoticia.cl\/prensa\/wp-content\/uploads\/2025\/08\/WhatsApp-Image-2025-08-13-at-11.30.46-1-768x512.jpeg 768w, https:\/\/www.rengoenlanoticia.cl\/prensa\/wp-content\/uploads\/2025\/08\/WhatsApp-Image-2025-08-13-at-11.30.46-1-1536x1023.jpeg 1536w, https:\/\/www.rengoenlanoticia.cl\/prensa\/wp-content\/uploads\/2025\/08\/WhatsApp-Image-2025-08-13-at-11.30.46-1-110x73.jpeg 110w, https:\/\/www.rengoenlanoticia.cl\/prensa\/wp-content\/uploads\/2025\/08\/WhatsApp-Image-2025-08-13-at-11.30.46-1-200x133.jpeg 200w, https:\/\/www.rengoenlanoticia.cl\/prensa\/wp-content\/uploads\/2025\/08\/WhatsApp-Image-2025-08-13-at-11.30.46-1-380x253.jpeg 380w, https:\/\/www.rengoenlanoticia.cl\/prensa\/wp-content\/uploads\/2025\/08\/WhatsApp-Image-2025-08-13-at-11.30.46-1-255x170.jpeg 255w, https:\/\/www.rengoenlanoticia.cl\/prensa\/wp-content\/uploads\/2025\/08\/WhatsApp-Image-2025-08-13-at-11.30.46-1-550x366.jpeg 550w, https:\/\/www.rengoenlanoticia.cl\/prensa\/wp-content\/uploads\/2025\/08\/WhatsApp-Image-2025-08-13-at-11.30.46-1-800x533.jpeg 800w, https:\/\/www.rengoenlanoticia.cl\/prensa\/wp-content\/uploads\/2025\/08\/WhatsApp-Image-2025-08-13-at-11.30.46-1-1160x773.jpeg 1160w, https:\/\/www.rengoenlanoticia.cl\/prensa\/wp-content\/uploads\/2025\/08\/WhatsApp-Image-2025-08-13-at-11.30.46-1.jpeg 1600w\" sizes=\"auto, (max-width: 1024px) 100vw, 1024px\" \/><\/figure>\n\n\n\n<p>A la actividad tambi\u00e9n asistieron el ministro del tribunal de alzada, Ricardo Pairic\u00e1n; el fiscal regional Aquiles Cubillos; el defensor regional, Claudio Aspe; el director regional de Gendarmer\u00eda, H\u00e9ctor Labr\u00edn; la directora regional (s) del Servicio Nacional de Protecci\u00f3n Especializada a la Ni\u00f1ez y Adolescencia, Carolina Espinoza; jueces, administradores y representantes de la Defensor\u00eda de la Ni\u00f1ez y el Instituto Nacional de Derechos Humanos.<\/p>\n\n\n\n<p>El libro fue presentado por el Coordinador de Proyectos de Justicia Juvenil de Corporaci\u00f3n Opci\u00f3n, Osvaldo V\u00e1zquez, y por la Investigadora, Marcela Buzzetti.<\/p>\n\n\n\n<p>En tanto, el presidente de la Corte de Apelaciones, ministro Pedro Caro, estuvo a cargo de los comentarios del libro.<\/p>\n\n\n\n<p>Tambi\u00e9n integraron el panel el jefe de Estudios de la Defensor\u00eda Penal P\u00fablica de O\u2019Higgins, Mario Quezada; Bel\u00e9n Pizarro, jefa (s) Subdepartamento Gesti\u00f3n T\u00e9cnica del Servicio Nacional de Reinserci\u00f3n Social Juvenil; y el Doctor en Psicolog\u00eda y Acad\u00e9mico de la Universidad de Chile, Decio Mettifogo.<\/p>\n\n\n\n<p>\u201cEsta actividad se enmarca ante la pronta entrada en vigencia en nuestra regi\u00f3n de la Ley de Reinserci\u00f3n Social Juvenil, que comienza el 13 de enero de 2026. En el texto elaborado por Corporaci\u00f3n Opci\u00f3n se presenta una propuesta metodol\u00f3gica de intervenci\u00f3n, basada en evidencia, para lograr la responsabilizaci\u00f3n y la reinserci\u00f3n social de los adolescentes en conflicto con la justicia. Adem\u00e1s, aborda el marco te\u00f3rico, la experiencia desarrollada por la corporaci\u00f3n, present\u00e1ndose una propuesta seria de trabajo para lograr un cambio real mediante mecanismos de intervenci\u00f3n a corto plazo\u201d, manifest\u00f3 el ministro Pedro Caro.<\/p>\n\n\n\n<figure class=\"wp-block-image size-large\"><img loading=\"lazy\" decoding=\"async\" width=\"1024\" height=\"682\" src=\"https:\/\/www.rengoenlanoticia.cl\/prensa\/wp-content\/uploads\/2025\/08\/WhatsApp-Image-2025-08-13-at-11.30.45-1024x682.jpeg\" alt=\"\" class=\"wp-image-5217\" srcset=\"https:\/\/www.rengoenlanoticia.cl\/prensa\/wp-content\/uploads\/2025\/08\/WhatsApp-Image-2025-08-13-at-11.30.45-1024x682.jpeg 1024w, https:\/\/www.rengoenlanoticia.cl\/prensa\/wp-content\/uploads\/2025\/08\/WhatsApp-Image-2025-08-13-at-11.30.45-300x200.jpeg 300w, https:\/\/www.rengoenlanoticia.cl\/prensa\/wp-content\/uploads\/2025\/08\/WhatsApp-Image-2025-08-13-at-11.30.45-768x512.jpeg 768w, https:\/\/www.rengoenlanoticia.cl\/prensa\/wp-content\/uploads\/2025\/08\/WhatsApp-Image-2025-08-13-at-11.30.45-1536x1023.jpeg 1536w, https:\/\/www.rengoenlanoticia.cl\/prensa\/wp-content\/uploads\/2025\/08\/WhatsApp-Image-2025-08-13-at-11.30.45-110x73.jpeg 110w, https:\/\/www.rengoenlanoticia.cl\/prensa\/wp-content\/uploads\/2025\/08\/WhatsApp-Image-2025-08-13-at-11.30.45-200x133.jpeg 200w, https:\/\/www.rengoenlanoticia.cl\/prensa\/wp-content\/uploads\/2025\/08\/WhatsApp-Image-2025-08-13-at-11.30.45-380x253.jpeg 380w, https:\/\/www.rengoenlanoticia.cl\/prensa\/wp-content\/uploads\/2025\/08\/WhatsApp-Image-2025-08-13-at-11.30.45-255x170.jpeg 255w, https:\/\/www.rengoenlanoticia.cl\/prensa\/wp-content\/uploads\/2025\/08\/WhatsApp-Image-2025-08-13-at-11.30.45-550x366.jpeg 550w, https:\/\/www.rengoenlanoticia.cl\/prensa\/wp-content\/uploads\/2025\/08\/WhatsApp-Image-2025-08-13-at-11.30.45-800x533.jpeg 800w, https:\/\/www.rengoenlanoticia.cl\/prensa\/wp-content\/uploads\/2025\/08\/WhatsApp-Image-2025-08-13-at-11.30.45-1160x773.jpeg 1160w, https:\/\/www.rengoenlanoticia.cl\/prensa\/wp-content\/uploads\/2025\/08\/WhatsApp-Image-2025-08-13-at-11.30.45.jpeg 1600w\" sizes=\"auto, (max-width: 1024px) 100vw, 1024px\" \/><\/figure>\n\n\n\n<p>La directora ejecutiva de Corporaci\u00f3n Opci\u00f3n, Milagros Nehgme, explic\u00f3 que \u201ces una gran oportunidad presentar esta herramienta en Rancagua, no s\u00f3lo porque llevamos una trayectoria de m\u00e1s de 30 a\u00f1os aqu\u00ed en la regi\u00f3n aportando con infractores de ley, sino que tambi\u00e9n que nos interesa generar una propuesta metodol\u00f3gica para atender adolescentes que est\u00e1n en conflicto con la justicia y prepararnos para el cambio\u201d.<\/p>\n\n\n\n<p>\u201cEsta gu\u00eda metodol\u00f3gica surge por la necesidad de los equipos de contar con herramientas eficientes y eficaces para la intervenci\u00f3n compleja. Dentro de la nueva ley 21.527 -que crea el Servicio de Reinserci\u00f3n Social y crea muchas instituciones nuevas y le da un mayor nivel de especialidad al Poder Judicial, la Fiscal\u00eda y la Defensor\u00eda- uno de los grandes temas es la forma de promover que el sujeto desista de cometer nuevos delitos, que es un desaf\u00edo global, y tambi\u00e9n como \u00e9ste se hace responsable de aquellas conductas punibles\u201d, indic\u00f3 Osvaldo V\u00e1squez.<\/p>\n\n\n\n<p>Agreg\u00f3 que \u201cestamos frente a j\u00f3venes de la alta complejidad, con consumo de sustancias, de abandono, de vulneraciones no reparadas. Nada justifica la violencia, pero tenemos que recoger esos derechos vulnerados para restituirlos y ah\u00ed est\u00e1 el nudo clave de c\u00f3mo el profesional puede articular ciertas estrategias que sean efectivas para motivar el cambio\u201d.<\/p>\n","protected":false},"excerpt":{"rendered":"En el Centro de Justicia de Rancagua, la Corte de Apelaciones de Rancagua, la Corporaci\u00f3n Opci\u00f3n y el&hellip;\n","protected":false},"author":1,"featured_media":5218,"comment_status":"open","ping_status":"open","sticky":false,"template":"","format":"standard","meta":{"_monsterinsights_skip_tracking":false,"_monsterinsights_sitenote_active":false,"_monsterinsights_sitenote_note":"","_monsterinsights_sitenote_category":0,"footnotes":""},"categories":[8],"tags":[],"class_list":{"0":"post-5210","1":"post","2":"type-post","3":"status-publish","4":"format-standard","5":"has-post-thumbnail","7":"category-portada"},"aioseo_notices":[],"_links":{"self":[{"href":"https:\/\/www.rengoenlanoticia.cl\/prensa\/wp-json\/wp\/v2\/posts\/5210","targetHints":{"allow":["GET"]}}],"collection":[{"href":"https:\/\/www.rengoenlanoticia.cl\/prensa\/wp-json\/wp\/v2\/posts"}],"about":[{"href":"https:\/\/www.rengoenlanoticia.cl\/prensa\/wp-json\/wp\/v2\/types\/post"}],"author":[{"embeddable":true,"href":"https:\/\/www.rengoenlanoticia.cl\/prensa\/wp-json\/wp\/v2\/users\/1"}],"replies":[{"embeddable":true,"href":"https:\/\/www.rengoenlanoticia.cl\/prensa\/wp-json\/wp\/v2\/comments?post=5210"}],"version-history":[{"count":3,"href":"https:\/\/www.rengoenlanoticia.cl\/prensa\/wp-json\/wp\/v2\/posts\/5210\/revisions"}],"predecessor-version":[{"id":5227,"href":"https:\/\/www.rengoenlanoticia.cl\/prensa\/wp-json\/wp\/v2\/posts\/5210\/revisions\/5227"}],"wp:featuredmedia":[{"embeddable":true,"href":"https:\/\/www.rengoenlanoticia.cl\/prensa\/wp-json\/wp\/v2\/media\/5218"}],"wp:attachment":[{"href":"https:\/\/www.rengoenlanoticia.cl\/prensa\/wp-json\/wp\/v2\/media?parent=5210"}],"wp:term":[{"taxonomy":"category","embeddable":true,"href":"https:\/\/www.rengoenlanoticia.cl\/prensa\/wp-json\/wp\/v2\/categories?post=5210"},{"taxonomy":"post_tag","embeddable":true,"href":"https:\/\/www.rengoenlanoticia.cl\/prensa\/wp-json\/wp\/v2\/tags?post=5210"}],"curies":[{"name":"wp","href":"https:\/\/api.w.org\/{rel}","templated":true}]}}