{"id":5208,"date":"2025-08-14T03:46:33","date_gmt":"2025-08-14T03:46:33","guid":{"rendered":"https:\/\/www.rengoenlanoticia.cl\/prensa\/?p=5208"},"modified":"2025-08-14T03:46:35","modified_gmt":"2025-08-14T03:46:35","slug":"carabineros-os-7-desarticulan-banda-criminal-dedicada-a-la-venta-de-marihuana-cocaina-y-pasta-base","status":"publish","type":"post","link":"https:\/\/www.rengoenlanoticia.cl\/prensa\/2025\/08\/14\/carabineros-os-7-desarticulan-banda-criminal-dedicada-a-la-venta-de-marihuana-cocaina-y-pasta-base\/","title":{"rendered":"Carabineros OS- 7 desarticulan banda criminal dedicada a la venta de marihuana, coca\u00edna y pasta base"},"content":{"rendered":"\n<p>Individuos se hab\u00edan tomado una vivienda en la Poblaci\u00f3n Manuel Rodr\u00edguez para desarrollar el il\u00edcito negocio.<\/p>\n\n\n\n<p>En un amplio operativo en el sector oriente de Rancagua, Carabineros especializados del OS-7 Cachapoal logr\u00f3 desarticular una organizaci\u00f3n criminal, con la detenci\u00f3n de 5 personas, dos de ellos de nacionalidad haitiana por los delitos de tr\u00e1fico de drogas y violaci\u00f3n de morada.<br>En horas de la tarde del martes 12 de agosto, Carabineros lleg\u00f3 a la poblaci\u00f3n Manuel Rodr\u00edguez de la capital regional, con el objetivo de aprehender a los integrantes de una banda que era investigada por la venta ilegal de coca\u00edna, marihuana elaborada y pasta base en peque\u00f1as cantidades que manten\u00edan en el inmueble.<br>El Jefe de la Secci\u00f3n OS-7 Cachapoal, Juan Guzm\u00e1n explic\u00f3 que \u201cse trat\u00f3 de un trabajo investigativo desarrollado con diversas t\u00e9cnicas y metodolog\u00edas de inteligencia y an\u00e1lisis criminal en coordinaci\u00f3n con la Fiscal\u00eda Local de Rancagua, que permitieron materializar una exhaustiva y planificada intervenci\u00f3n a un domicilio, con apoyo del GOPE\u201d.<br>Seg\u00fan detalles entregados por el oficial, se logr\u00f3 establecer que la vivienda donde operaba esta banda, hab\u00eda sido tomada desde hace varios meses para desarrollar el il\u00edcito y lucrativo negocio de tr\u00e1fico de drogas, que adem\u00e1s, contaba con un Circuito Cerrado de Televisi\u00f3n (CCTV) para mantener una vigilancia permanente del entorno.<br>Durante el procedimiento y ante la presencia de los efectivos policiales, los sujetos huyeron por domicilios colindantes, no obstante, fueron aprehendidos y puestos a disposici\u00f3n del Ministerio P\u00fablico, quedando dos de ellos en prisi\u00f3n preventiva.<br>El Jefe de la Secci\u00f3n el Jefe de la Secci\u00f3n especializada del OS-7 Cachapoal Mayor Juan Guzm\u00e1n, se\u00f1al\u00f3 que \u201cestamos desarrollando diversas investigaciones junto a Fiscal\u00eda para seguir avanzando en la desarticulaci\u00f3n de bandas criminales dedicadas al tr\u00e1fico drogas. Habitualmente \u00e9stas tratan de insertarse en las comunidades instalando sus il\u00edcitos negocios y generando inseguridad en el barrio. Por ello, llamamos a la comunidad a denunciar de forma segura, mediante los diversos canales an\u00f3nimos que existen\u201d.<\/p>\n\n\n\n<figure class=\"wp-block-image size-large\"><img loading=\"lazy\" decoding=\"async\" width=\"1024\" height=\"707\" src=\"https:\/\/www.rengoenlanoticia.cl\/prensa\/wp-content\/uploads\/2025\/08\/WhatsApp-Image-2025-08-13-at-17.34.35-1024x707.jpeg\" alt=\"\" class=\"wp-image-5212\" srcset=\"https:\/\/www.rengoenlanoticia.cl\/prensa\/wp-content\/uploads\/2025\/08\/WhatsApp-Image-2025-08-13-at-17.34.35-1024x707.jpeg 1024w, https:\/\/www.rengoenlanoticia.cl\/prensa\/wp-content\/uploads\/2025\/08\/WhatsApp-Image-2025-08-13-at-17.34.35-300x207.jpeg 300w, https:\/\/www.rengoenlanoticia.cl\/prensa\/wp-content\/uploads\/2025\/08\/WhatsApp-Image-2025-08-13-at-17.34.35-768x530.jpeg 768w, https:\/\/www.rengoenlanoticia.cl\/prensa\/wp-content\/uploads\/2025\/08\/WhatsApp-Image-2025-08-13-at-17.34.35-110x76.jpeg 110w, https:\/\/www.rengoenlanoticia.cl\/prensa\/wp-content\/uploads\/2025\/08\/WhatsApp-Image-2025-08-13-at-17.34.35-200x138.jpeg 200w, https:\/\/www.rengoenlanoticia.cl\/prensa\/wp-content\/uploads\/2025\/08\/WhatsApp-Image-2025-08-13-at-17.34.35-380x262.jpeg 380w, https:\/\/www.rengoenlanoticia.cl\/prensa\/wp-content\/uploads\/2025\/08\/WhatsApp-Image-2025-08-13-at-17.34.35-255x176.jpeg 255w, https:\/\/www.rengoenlanoticia.cl\/prensa\/wp-content\/uploads\/2025\/08\/WhatsApp-Image-2025-08-13-at-17.34.35-550x380.jpeg 550w, https:\/\/www.rengoenlanoticia.cl\/prensa\/wp-content\/uploads\/2025\/08\/WhatsApp-Image-2025-08-13-at-17.34.35-800x553.jpeg 800w, https:\/\/www.rengoenlanoticia.cl\/prensa\/wp-content\/uploads\/2025\/08\/WhatsApp-Image-2025-08-13-at-17.34.35-1160x801.jpeg 1160w, https:\/\/www.rengoenlanoticia.cl\/prensa\/wp-content\/uploads\/2025\/08\/WhatsApp-Image-2025-08-13-at-17.34.35.jpeg 1280w\" sizes=\"auto, (max-width: 1024px) 100vw, 1024px\" \/><\/figure>\n\n\n\n<p><br>Los detenidos fueron identificados como C.R.C.A, de 37 a\u00f1os; M.A.S.P, de 40 a\u00f1os; y M.J.V.L, de 43 a\u00f1os, todos chilenos con antecedentes policiales, \u00e9ste \u00faltimo registra 26 detenciones anteriores.<br>Tambi\u00e9n fueron aprehendidos dos sujetos de nacionalidad haitiana, uno de ellos de forma irregular en el pa\u00eds e identificado como L.G, haitiano, 33 a\u00f1os; y R.O, haitiano, de 27 a\u00f1os, con documentaci\u00f3n migratoria al d\u00eda, el cual manten\u00eda una orden vigente por el delito de Robo en Lugar no Habitado.<br>En el operativo antidrogas se incautaron 2 kilos 152 gramos 200 miligramos de pasta base de coca\u00edna; \u2060368 gramos 600 miligramos de marihuana elaborada; \u206083 gramos de clorhidrato de coca\u00edna; \u2060$980 mil pesos en dinero en efectivo; un sistema de grabaci\u00f3n de CCTV, adem\u00e1s de una \u20601 m\u00e1quina de pago \u201cCompra Aqu\u00ed\u201d de una entidad bancaria, que eventualmente utilizaban los consumidores cuando no manten\u00edan dinero en efectivo. La incautaci\u00f3n realizada se traduce en m\u00e1s de 28 mil dosis de diferentes tipos de droga sacadas de circulaci\u00f3n.<\/p>\n","protected":false},"excerpt":{"rendered":"Individuos se hab\u00edan tomado una vivienda en la Poblaci\u00f3n Manuel Rodr\u00edguez para desarrollar el il\u00edcito negocio. En un&hellip;\n","protected":false},"author":1,"featured_media":5213,"comment_status":"open","ping_status":"open","sticky":false,"template":"","format":"standard","meta":{"_monsterinsights_skip_tracking":false,"_monsterinsights_sitenote_active":false,"_monsterinsights_sitenote_note":"","_monsterinsights_sitenote_category":0,"footnotes":""},"categories":[5,8],"tags":[],"class_list":{"0":"post-5208","1":"post","2":"type-post","3":"status-publish","4":"format-standard","5":"has-post-thumbnail","7":"category-policial","8":"category-portada"},"aioseo_notices":[],"_links":{"self":[{"href":"https:\/\/www.rengoenlanoticia.cl\/prensa\/wp-json\/wp\/v2\/posts\/5208","targetHints":{"allow":["GET"]}}],"collection":[{"href":"https:\/\/www.rengoenlanoticia.cl\/prensa\/wp-json\/wp\/v2\/posts"}],"about":[{"href":"https:\/\/www.rengoenlanoticia.cl\/prensa\/wp-json\/wp\/v2\/types\/post"}],"author":[{"embeddable":true,"href":"https:\/\/www.rengoenlanoticia.cl\/prensa\/wp-json\/wp\/v2\/users\/1"}],"replies":[{"embeddable":true,"href":"https:\/\/www.rengoenlanoticia.cl\/prensa\/wp-json\/wp\/v2\/comments?post=5208"}],"version-history":[{"count":3,"href":"https:\/\/www.rengoenlanoticia.cl\/prensa\/wp-json\/wp\/v2\/posts\/5208\/revisions"}],"predecessor-version":[{"id":5223,"href":"https:\/\/www.rengoenlanoticia.cl\/prensa\/wp-json\/wp\/v2\/posts\/5208\/revisions\/5223"}],"wp:featuredmedia":[{"embeddable":true,"href":"https:\/\/www.rengoenlanoticia.cl\/prensa\/wp-json\/wp\/v2\/media\/5213"}],"wp:attachment":[{"href":"https:\/\/www.rengoenlanoticia.cl\/prensa\/wp-json\/wp\/v2\/media?parent=5208"}],"wp:term":[{"taxonomy":"category","embeddable":true,"href":"https:\/\/www.rengoenlanoticia.cl\/prensa\/wp-json\/wp\/v2\/categories?post=5208"},{"taxonomy":"post_tag","embeddable":true,"href":"https:\/\/www.rengoenlanoticia.cl\/prensa\/wp-json\/wp\/v2\/tags?post=5208"}],"curies":[{"name":"wp","href":"https:\/\/api.w.org\/{rel}","templated":true}]}}