{"id":5202,"date":"2025-08-13T17:22:17","date_gmt":"2025-08-13T17:22:17","guid":{"rendered":"https:\/\/www.rengoenlanoticia.cl\/prensa\/?p=5202"},"modified":"2025-08-13T17:23:55","modified_gmt":"2025-08-13T17:23:55","slug":"parlamentarios-y-dirigentes-sindicales-entregan-carta-en-la-moneda-exigiendo-mejoras-urgentes-en-condiciones-laborales-de-la-mineria","status":"publish","type":"post","link":"https:\/\/www.rengoenlanoticia.cl\/prensa\/2025\/08\/13\/parlamentarios-y-dirigentes-sindicales-entregan-carta-en-la-moneda-exigiendo-mejoras-urgentes-en-condiciones-laborales-de-la-mineria\/","title":{"rendered":"Parlamentarios y dirigentes sindicales entregan carta en La Moneda exigiendo mejoras urgentes en condiciones laborales de la miner\u00eda"},"content":{"rendered":"\n<p>Un grupo de parlamentarios y dirigentes sindicales de la miner\u00eda, convocados por la Diputada Marta Gonz\u00e1lez, lleg\u00f3 esta ma\u00f1ana al Palacio de La Moneda para entregar al Presidente Gabriel Boric una carta con 12 medidas urgentes destinadas a garantizar condiciones laborales dignas, seguras y justas para todos los trabajadores del sector, en especial para quienes se desempe\u00f1an bajo r\u00e9gimen de subcontrato.<\/p>\n\n\n\n<p>La delegaci\u00f3n estuvo compuesta por la senadora Alejandra Sep\u00falveda (Circunscripci\u00f3n 8) y los diputados Marta Gonz\u00e1lez (Distrito 15), Andr\u00e9s Giordano (Distrito 9), Cristian Tapia (Distrito 4), Yovana Ahumada (Distrito 3) y F\u00e9lix Gonz\u00e1lez (Distrito 16), junto a dirigentes de diversos sindicatos y federaciones: Sindicato Interempresa de la Miner\u00eda y Construcci\u00f3n (SITRACOMI), Federaci\u00f3n de Trabajadores del Cobre (FTC), Federaci\u00f3n de Sindicatos de Bases de El Teniente (FESIBAT), Central Unitaria de Trabajadores Cachapoal (CUT), Central Aut\u00f3noma de Trabajadores (CAT), Sindicato de Establecimiento OHL El Teniente PPC y Sindicato Empresa Sesmedica de Cl\u00ednica Isamedica Rancagua.<\/p>\n\n\n\n<p>En la carta, los firmantes expresaron su consternaci\u00f3n por la tragedia ocurrida el 31 de julio en la Divisi\u00f3n El Teniente de Codelco, que cost\u00f3 la vida a seis trabajadores contratistas y dej\u00f3 a varios heridos, denunciando que el accidente refleja graves falencias de seguridad y un uso abusivo de la subcontrataci\u00f3n en la minera estatal.<\/p>\n\n\n\n<p>Seg\u00fan datos presentados, m\u00e1s del 80% de la dotaci\u00f3n de Codelco trabaja bajo r\u00e9gimen externo, lo que se traduce \u2014afirmaron\u2014 en precariedad laboral, funciones propias tercerizadas, pr\u00e1cticas antisindicales como \u201clistas negras\u201d y persecuci\u00f3n a dirigentes.<\/p>\n\n\n\n<p>Entre las medidas solicitadas destacan: la eliminaci\u00f3n gradual del subcontrato en la miner\u00eda estatal; el acompa\u00f1amiento permanente a las familias de trabajadores fallecidos y la urgencia en proyectos de ley sobre indemnizaciones; la remoci\u00f3n de gerencias involucradas en negligencias o malas pr\u00e1cticas laborales; la fiscalizaci\u00f3n efectiva de SERNAGEOMIN y de la Direcci\u00f3n del Trabajo en terreno; el fortalecimiento del Acuerdo Marco; la aplicaci\u00f3n plena de leyes laborales, como la de 40 horas y la Ley Karin, tambi\u00e9n a contratistas; el registro oficial de casos de represalias; la implementaci\u00f3n de un plan de fiscalizaci\u00f3n permanente y coordinada entre la Direcci\u00f3n del Trabajo, SERNAGEOMIN, dirigentes sindicales y comit\u00e9s paritarios; y las garant\u00edas para el retorno seguro a faenas.<\/p>\n\n\n\n<figure class=\"wp-block-image size-full\"><img loading=\"lazy\" decoding=\"async\" width=\"768\" height=\"610\" src=\"https:\/\/www.rengoenlanoticia.cl\/prensa\/wp-content\/uploads\/2025\/08\/WhatsApp-Image-2025-08-03-at-22.21.08-768x610-1.jpeg\" alt=\"\" class=\"wp-image-5204\" srcset=\"https:\/\/www.rengoenlanoticia.cl\/prensa\/wp-content\/uploads\/2025\/08\/WhatsApp-Image-2025-08-03-at-22.21.08-768x610-1.jpeg 768w, https:\/\/www.rengoenlanoticia.cl\/prensa\/wp-content\/uploads\/2025\/08\/WhatsApp-Image-2025-08-03-at-22.21.08-768x610-1-300x238.jpeg 300w, https:\/\/www.rengoenlanoticia.cl\/prensa\/wp-content\/uploads\/2025\/08\/WhatsApp-Image-2025-08-03-at-22.21.08-768x610-1-110x87.jpeg 110w, https:\/\/www.rengoenlanoticia.cl\/prensa\/wp-content\/uploads\/2025\/08\/WhatsApp-Image-2025-08-03-at-22.21.08-768x610-1-200x159.jpeg 200w, https:\/\/www.rengoenlanoticia.cl\/prensa\/wp-content\/uploads\/2025\/08\/WhatsApp-Image-2025-08-03-at-22.21.08-768x610-1-380x302.jpeg 380w, https:\/\/www.rengoenlanoticia.cl\/prensa\/wp-content\/uploads\/2025\/08\/WhatsApp-Image-2025-08-03-at-22.21.08-768x610-1-255x203.jpeg 255w, https:\/\/www.rengoenlanoticia.cl\/prensa\/wp-content\/uploads\/2025\/08\/WhatsApp-Image-2025-08-03-at-22.21.08-768x610-1-550x437.jpeg 550w\" sizes=\"auto, (max-width: 768px) 100vw, 768px\" \/><\/figure>\n\n\n\n<p>La Diputada Marta Gonz\u00e1lez indic\u00f3 que \u201cpor respeto a las familias de tantos fallecidos, El Teniente debe cambiar su forma de operar y relacionarse con los trabajadores. Este debe ser un punto de inflexi\u00f3n en la miner\u00eda chilena. No es posible que Codelco opere con m\u00e1s del 80% de sus funciones subcontratadas ni que mantenga listas negras que persiguen a quienes intentan sindicalizarse. Pedimos al Presidente Boric que d\u00e9 urgencia a estos proyectos y que su legado sea pro trabajador y defensor de los derechos laborales\u201d.<\/p>\n\n\n\n<p>En tanto, la Senadora Alejandra Sep\u00falveda dijo que \u201cvenimos acompa\u00f1ados de dirigentes representantes de distintas divisiones, porque esta no es una situaci\u00f3n aislada sino transversal. La carta contiene alrededor de 15 puntos que buscan modificar protocolos, leyes y actitudes para lograr una mayor seguridad laboral en el pa\u00eds. Esperamos que, durante el tiempo que queda de este Gobierno, se realicen las modificaciones necesarias para entregar seguridad a los trabajadores mineros, que hoy sufren precariedad sindical, persecuci\u00f3n y una inseguridad constante en sus labores\u201d.<\/p>\n\n\n\n<p>Por su parte, el Diputado Cristian Tapia se\u00f1al\u00f3: \u201cEn lo que va del 2025 ya llevamos 17 trabajadores fallecidos por accidentes laborales, y eso nos deber\u00eda dar mucha verg\u00fcenza. La actitud de Codelco, como empresa estatal, ha sido transferir la responsabilidad a los contratistas, responsabiliz\u00e1ndolos cuando la realidad es que las condiciones las impone la empresa mandante. Le pido al presidente de Codelco, M\u00e1ximo Pacheco, que sea transparente, que deje de mentir y eludir responsabilidades, porque son ellos los principales responsables. Para que la investigaci\u00f3n sea transparente, creo que Codelco debe hacer cambios inmediatos en su directorio, incluyendo la salida del Presidente (M\u00e1ximo Pacheco) y del gerente de Terceros, quienes administran los contratos con las empresas contratistas\u201d.<\/p>\n\n\n\n<p>El Diputado Andr\u00e9s Giordano a\u00f1adi\u00f3: \u201cQueremos cambios legislativos profundos. Vamos a presentar una bater\u00eda de proyectos que esperamos el Ejecutivo respalde y ponga en tabla con urgencia. Entre ellos, nos haremos cargo del problema de la subcontrataci\u00f3n y la precarizaci\u00f3n que esto implica, pues no es l\u00f3gico que Codelco, uno de los empleadores m\u00e1s importantes del pa\u00eds, precarice a trabajadores que cumplen funciones esenciales. Adem\u00e1s, es necesario aumentar las sanciones, incluso penales, para quienes no aseguren la vida y la integridad de sus trabajadores\u201d.<\/p>\n\n\n\n<p>Finalmente, Claudio Albornoz, representante de la Federaci\u00f3n de Sindicatos Base de El Teniente, se\u00f1al\u00f3: \u201cTenemos que mejorar en la parte de seguridad en la miner\u00eda. Exigimos como dirigentes que esto se solucione pronto. No puede haber m\u00e1s fallecidos. Necesitamos m\u00e1s seguridad, mejores tratos, mejores beneficios y mejores condiciones. A los trabajadores contratistas cuando nos jubilamos ni siquiera nos dan las gracias. A\u00fan no deber\u00edamos empezar a trabajar.&nbsp; Deber\u00edamos garantizar las condiciones b\u00e1sicas, m\u00ednimas, tener un informe t\u00e9cnico especializado, y reci\u00e9n podr\u00edamos retomar las labores en sectores que no est\u00e9n colapsados\u201d.<\/p>\n","protected":false},"excerpt":{"rendered":"Un grupo de parlamentarios y dirigentes sindicales de la miner\u00eda, convocados por la Diputada Marta Gonz\u00e1lez, lleg\u00f3 esta&hellip;\n","protected":false},"author":1,"featured_media":5203,"comment_status":"open","ping_status":"open","sticky":false,"template":"","format":"standard","meta":{"_monsterinsights_skip_tracking":false,"_monsterinsights_sitenote_active":false,"_monsterinsights_sitenote_note":"","_monsterinsights_sitenote_category":0,"footnotes":""},"categories":[11,8],"tags":[],"class_list":{"0":"post-5202","1":"post","2":"type-post","3":"status-publish","4":"format-standard","5":"has-post-thumbnail","7":"category-politica","8":"category-portada"},"aioseo_notices":[],"_links":{"self":[{"href":"https:\/\/www.rengoenlanoticia.cl\/prensa\/wp-json\/wp\/v2\/posts\/5202","targetHints":{"allow":["GET"]}}],"collection":[{"href":"https:\/\/www.rengoenlanoticia.cl\/prensa\/wp-json\/wp\/v2\/posts"}],"about":[{"href":"https:\/\/www.rengoenlanoticia.cl\/prensa\/wp-json\/wp\/v2\/types\/post"}],"author":[{"embeddable":true,"href":"https:\/\/www.rengoenlanoticia.cl\/prensa\/wp-json\/wp\/v2\/users\/1"}],"replies":[{"embeddable":true,"href":"https:\/\/www.rengoenlanoticia.cl\/prensa\/wp-json\/wp\/v2\/comments?post=5202"}],"version-history":[{"count":3,"href":"https:\/\/www.rengoenlanoticia.cl\/prensa\/wp-json\/wp\/v2\/posts\/5202\/revisions"}],"predecessor-version":[{"id":5207,"href":"https:\/\/www.rengoenlanoticia.cl\/prensa\/wp-json\/wp\/v2\/posts\/5202\/revisions\/5207"}],"wp:featuredmedia":[{"embeddable":true,"href":"https:\/\/www.rengoenlanoticia.cl\/prensa\/wp-json\/wp\/v2\/media\/5203"}],"wp:attachment":[{"href":"https:\/\/www.rengoenlanoticia.cl\/prensa\/wp-json\/wp\/v2\/media?parent=5202"}],"wp:term":[{"taxonomy":"category","embeddable":true,"href":"https:\/\/www.rengoenlanoticia.cl\/prensa\/wp-json\/wp\/v2\/categories?post=5202"},{"taxonomy":"post_tag","embeddable":true,"href":"https:\/\/www.rengoenlanoticia.cl\/prensa\/wp-json\/wp\/v2\/tags?post=5202"}],"curies":[{"name":"wp","href":"https:\/\/api.w.org\/{rel}","templated":true}]}}