{"id":5197,"date":"2025-08-13T12:04:00","date_gmt":"2025-08-13T12:04:00","guid":{"rendered":"https:\/\/www.rengoenlanoticia.cl\/prensa\/?p=5197"},"modified":"2025-08-13T12:04:02","modified_gmt":"2025-08-13T12:04:02","slug":"senadores-castro-y-macaya-junto-a-alcaldes-de-cuatro-comunas-se-reunen-con-ministra-del-mop-para-abordar-problematicas-de-la-carretera-de-la-fruta","status":"publish","type":"post","link":"https:\/\/www.rengoenlanoticia.cl\/prensa\/2025\/08\/13\/senadores-castro-y-macaya-junto-a-alcaldes-de-cuatro-comunas-se-reunen-con-ministra-del-mop-para-abordar-problematicas-de-la-carretera-de-la-fruta\/","title":{"rendered":"Senadores Castro y Macaya, junto a alcaldes de cuatro comunas, se re\u00fanen con ministra del MOP para abordar problem\u00e1ticas de la Carretera de la Fruta"},"content":{"rendered":"\n<p>En la sede del Congreso Nacional en Valpara\u00edso, los senadores por la regi\u00f3n de O\u2019Higgins, Juan Luis Castro y Javier Macaya, sostuvieron una reuni\u00f3n de trabajo con la ministra de Obras P\u00fablicas, Jessica L\u00f3pez, y los alcaldes de Pichidegua, Adolfo Cer\u00f3n; Las Cabras, Juan Pablo Flores; San Vicente, Guido Carre\u00f1o; y de Peumo, Ferm\u00edn Carre\u00f1o, para abordar el estado del proyecto de la Ruta 66, conocida como la Carretera de la Fruta y las graves deficiencias en tramos que hoy generan riesgos para la seguridad vial.<\/p>\n\n\n\n<p>El senador Juan Luis Castro recalc\u00f3 que \u201cla Carretera de la Fruta es una obra largamente postergada, con tramos judicializados y con cobros anticipados impropios que afectan a personas que no usan la v\u00eda hacia San Antonio. Lo dijimos todos: no puede haber afectaci\u00f3n a las comunidades. La ministra mostr\u00f3 una actitud positiva frente a los alcaldes y reconoci\u00f3 la necesidad de destrabar la burocracia y mejorar la relaci\u00f3n con la concesionaria para que este camino deje de ser solo un camino y se transforme en una verdadera carretera\u201d.<\/p>\n\n\n\n<p>Por su parte, el senador Javier Macaya se\u00f1al\u00f3 que \u201csubsisten problem\u00e1ticas como el cobro de peaje y la falta de soluciones concretas para las comunidades afectadas. No tengo dudas de que este no es solo un problema de O\u2019Higgins, sino tambi\u00e9n de comunas de la regi\u00f3n Metropolitana y Valpara\u00edso, cuyos alcaldes nos han manifestado sus mismos reclamos\u201d.<\/p>\n\n\n\n<p>El alcalde de San Vicente, Guido Carre\u00f1o, advirti\u00f3 que en el camino actual, que a\u00fan no ha sido intervenido, hay un deterioro importante. \u201cHay sectores de la carretera que pr\u00e1cticamente se han convertido en verdaderos cr\u00e1teres, con m\u00e1s de 25 accidentes solo en nuestra comuna durante episodios de lluvia. La ministra se comprometi\u00f3 a buscar una soluci\u00f3n definitiva y agilizar las gestiones con la empresa concesionaria\u201d.<\/p>\n\n\n\n<p>En este sentido, el alcalde de Las Cabras, Juan Pablo Flores, destac\u00f3 que \u201cesta reuni\u00f3n es important\u00edsima, tiene que ver con la mantenci\u00f3n y reparaci\u00f3n urgente de la carretera\u201d. Adem\u00e1s, valor\u00f3 la presencia de sus pares de las comunas a las que atraviesa la ruta. \u201cEsa es la manera de trabajar, todos juntos para dibujar la soluci\u00f3n a estas problem\u00e1ticas\u201d.<\/p>\n","protected":false},"excerpt":{"rendered":"En la sede del Congreso Nacional en Valpara\u00edso, los senadores por la regi\u00f3n de O\u2019Higgins, Juan Luis Castro&hellip;\n","protected":false},"author":1,"featured_media":5198,"comment_status":"open","ping_status":"open","sticky":false,"template":"","format":"standard","meta":{"_monsterinsights_skip_tracking":false,"_monsterinsights_sitenote_active":false,"_monsterinsights_sitenote_note":"","_monsterinsights_sitenote_category":0,"footnotes":""},"categories":[11,8],"tags":[],"class_list":{"0":"post-5197","1":"post","2":"type-post","3":"status-publish","4":"format-standard","5":"has-post-thumbnail","7":"category-politica","8":"category-portada"},"aioseo_notices":[],"_links":{"self":[{"href":"https:\/\/www.rengoenlanoticia.cl\/prensa\/wp-json\/wp\/v2\/posts\/5197","targetHints":{"allow":["GET"]}}],"collection":[{"href":"https:\/\/www.rengoenlanoticia.cl\/prensa\/wp-json\/wp\/v2\/posts"}],"about":[{"href":"https:\/\/www.rengoenlanoticia.cl\/prensa\/wp-json\/wp\/v2\/types\/post"}],"author":[{"embeddable":true,"href":"https:\/\/www.rengoenlanoticia.cl\/prensa\/wp-json\/wp\/v2\/users\/1"}],"replies":[{"embeddable":true,"href":"https:\/\/www.rengoenlanoticia.cl\/prensa\/wp-json\/wp\/v2\/comments?post=5197"}],"version-history":[{"count":3,"href":"https:\/\/www.rengoenlanoticia.cl\/prensa\/wp-json\/wp\/v2\/posts\/5197\/revisions"}],"predecessor-version":[{"id":5201,"href":"https:\/\/www.rengoenlanoticia.cl\/prensa\/wp-json\/wp\/v2\/posts\/5197\/revisions\/5201"}],"wp:featuredmedia":[{"embeddable":true,"href":"https:\/\/www.rengoenlanoticia.cl\/prensa\/wp-json\/wp\/v2\/media\/5198"}],"wp:attachment":[{"href":"https:\/\/www.rengoenlanoticia.cl\/prensa\/wp-json\/wp\/v2\/media?parent=5197"}],"wp:term":[{"taxonomy":"category","embeddable":true,"href":"https:\/\/www.rengoenlanoticia.cl\/prensa\/wp-json\/wp\/v2\/categories?post=5197"},{"taxonomy":"post_tag","embeddable":true,"href":"https:\/\/www.rengoenlanoticia.cl\/prensa\/wp-json\/wp\/v2\/tags?post=5197"}],"curies":[{"name":"wp","href":"https:\/\/api.w.org\/{rel}","templated":true}]}}