{"id":5178,"date":"2025-08-13T11:44:27","date_gmt":"2025-08-13T11:44:27","guid":{"rendered":"https:\/\/www.rengoenlanoticia.cl\/prensa\/?p=5178"},"modified":"2025-08-13T11:53:56","modified_gmt":"2025-08-13T11:53:56","slug":"pro-ohiggins-registra-un-68-de-avance-en-la-realizacion-de-transferencias-tecnologicas-entre-liceos-empresas-del-programa-en-ruta-tp","status":"publish","type":"post","link":"https:\/\/www.rengoenlanoticia.cl\/prensa\/2025\/08\/13\/pro-ohiggins-registra-un-68-de-avance-en-la-realizacion-de-transferencias-tecnologicas-entre-liceos-empresas-del-programa-en-ruta-tp\/","title":{"rendered":"Pro O\u2019Higgins registra un 68% de avance en la realizaci\u00f3n de transferencias tecnol\u00f3gicas entre liceos \u2013 empresas del programa EN RUTA TP"},"content":{"rendered":"\n<p>Esta experiencia que se realiza por 4to a\u00f1o consecutivo, ha aumentado a\u00f1o tras a\u00f1o el inter\u00e9s de las empresas y liceos TP de la regi\u00f3n.<\/p>\n\n\n\n<p>El programa <strong>EN RUTA TP<\/strong> de Corporaci\u00f3n Pro O\u2019Higgins lleva un 68% de la meta propuesta para este 2025, logrando conectar a 30 empresas con 41 liceos t\u00e9cnico profesionales de la regi\u00f3n de O\u2019Higgins, beneficiando directamente a 1.084 estudiantes y 75 docentes y directivos.<\/p>\n\n\n\n<p>Este programa busca fortalecer la vinculaci\u00f3n de empresas y liceos, mediante jornadas de transferencia tecnol\u00f3gica y experiencias desde el mundo productivo a las comunidades educativas. Estas instancias no solo permiten que las y los estudiantes adquieran capacidades pertinentes para su formaci\u00f3n profesional, sino que tambi\u00e9n ofrecen a las empresas la oportunidad de anticiparse a las competencias que necesitar\u00e1n los trabajadores del ma\u00f1ana.<\/p>\n\n\n\n<p><strong><em>\u00abCon EN RUTA TP logramos que la relaci\u00f3n entre educaci\u00f3n t\u00e9cnico profesional y empresa sea m\u00e1s directa y productiva. Las empresas conocen el talento que se est\u00e1 formando y los liceos reciben un impulso concreto para preparar mejor a sus estudiantes. Esta sinergia es clave para el desarrollo regional y para asegurar que nuestros j\u00f3venes tengan las herramientas necesarias para enfrentar los desaf\u00edos del mundo laboral\u00bb<\/em><\/strong><strong>,<\/strong> destac\u00f3 Braulio Guzm\u00e1n, gerente general de Corporaci\u00f3n Pro O\u2019Higgins.<\/p>\n\n\n\n<p><strong>Liceos participantes:<\/strong><\/p>\n\n\n\n<p>Este a\u00f1o participan los siguientes liceos:<\/p>\n\n\n\n<figure class=\"wp-block-table\"><table class=\"has-fixed-layout\"><tbody><tr><td>Liceo Bicentenario T\u00e9cnico de Rancagua<\/td><td>Instituto Tecnol\u00f3gico Minero Bernardo O\u00b4Higgins<\/td><td>Liceo T\u00e9cnico Felisa Clara Tolup Zeiman<\/td><\/tr><tr><td>Liceo Pedro Aguirre Cerda<\/td><td>Colegio Diego Portales<\/td><td>Colegio Sixto M\u00e9ndez<\/td><\/tr><tr><td>Instituto Santa Cruz<\/td><td>Liceo Eduardo Charme<\/td><td>Liceo Pablo Neruda<\/td><\/tr><tr><td>Instituto Comercial Alberto Valenzuela Llanos<\/td><td>Liceo Industrial Esteban Leyton Soto<\/td><td>Liceo Polit\u00e9cnico Tom\u00e1s Mar\u00edn de Poveda<\/td><\/tr><tr><td>Colegio Ena Bellemans Montti<\/td><td>Liceo Municipal Zoila Rosa Carre\u00f1o<\/td><td>Liceo Francisco Antonio Armanet<\/td><\/tr><tr><td>Colegio Jean Buchanan<\/td><td>Liceo de Lolol<\/td><td>Liceo Mirella Catal\u00e1n<\/td><\/tr><tr><td>Instituto Santa Teresa de los Andes<\/td><td>Colegio Manuel Francisco Correa<\/td><td>Complejo Educacional Chimbarongo<\/td><\/tr><tr><td>Liceo Industrial Ernesto Pinto Lagarrigue<\/td><td>Liceo Ferm\u00edn del Real Castillo<\/td><td>Liceo T\u00e9cnico Jos\u00e9 Victorino Lastarria<\/td><\/tr><tr><td>Liceo Berta Zamorano<\/td><td>Liceo Juan Pablo II<\/td><td>Instituto Cardenal Caro<\/td><\/tr><tr><td>Liceo Polivalente Requ\u00ednoa<\/td><td>Liceo Latinoamericano<\/td><td>Liceo T\u00e9cnico Santa Rosa<\/td><\/tr><tr><td>Liceo Machal\u00ed<\/td><td>Liceo Alberto Hurtado<\/td><td>Liceo Misael Lobos<\/td><\/tr><tr><td>Liceo Comercial Diego Portales<\/td><td>Escuela Agr\u00edcola Cristo Obrero<\/td><td>Liceo Industrial San Fernando<\/td><\/tr><tr><td>Liceo El Tambo<\/td><td>Liceo Jorge Alessandri<\/td><td>Liceo San Jos\u00e9 del Carmen<\/td><\/tr><tr><td>Liceo Rep\u00fablica de Italia<\/td><td>Liceo Sim\u00f3n Bol\u00edvar<\/td><td>&nbsp;<\/td><\/tr><\/tbody><\/table><\/figure>\n\n\n\n<p><strong>Empresas participantes:<\/strong><\/p>\n\n\n\n<p>Asimismo, forman parte de esta iniciativa 30 empresas que han abierto sus puertas y compartido su experiencia.<\/p>\n\n\n\n<figure class=\"wp-block-table\"><table class=\"has-fixed-layout\"><tbody><tr><td>Beatself<\/td><td>Tinguiririca Energ\u00eda<\/td><td>Sofruco<\/td><\/tr><tr><td>Sodexo<\/td><td>Fundaci\u00f3n Integra<\/td><td>Vi\u00f1a La Rosa<\/td><\/tr><tr><td>Olivos Riego<\/td><td>Hotel Hacienda Hist\u00f3rica<\/td><td>ACHS<\/td><\/tr><tr><td>Essbio<\/td><td>Nueva Vid<\/td><td>Sercotec<\/td><\/tr><tr><td>Mundo<\/td><td>Livic Maq<\/td><td>Vi\u00f1a Montes<\/td><\/tr><tr><td>Link<\/td><td>Statkraft<\/td><td>Tecnilub<\/td><\/tr><tr><td>Metrogas<\/td><td>Tecsud<\/td><td>Geosupport S.A.<\/td><\/tr><tr><td>Transcargo<\/td><td>Biogas SPA<\/td><td>SBY Technologies<\/td><\/tr><tr><td>Copeval<\/td><td>Subsecretar\u00eda de Educaci\u00f3n Parvularia<\/td><td>Riagro Drone<\/td><\/tr><tr><td>Reborn Electric<\/td><td>Bigda<\/td><td>Nestl\u00e9<\/td><\/tr><\/tbody><\/table><\/figure>\n\n\n\n<p>Con este avance, Pro O\u2019Higgins reafirma su compromiso de impulsar la formaci\u00f3n t\u00e9cnica de calidad y de ser un puente efectivo entre la educaci\u00f3n t\u00e9cnico profesional y el sector productivo, contribuyendo al desarrollo sostenible de la regi\u00f3n.<\/p>\n","protected":false},"excerpt":{"rendered":"Esta experiencia que se realiza por 4to a\u00f1o consecutivo, ha aumentado a\u00f1o tras a\u00f1o el inter\u00e9s de las&hellip;\n","protected":false},"author":1,"featured_media":5179,"comment_status":"open","ping_status":"open","sticky":false,"template":"","format":"standard","meta":{"_monsterinsights_skip_tracking":false,"_monsterinsights_sitenote_active":false,"_monsterinsights_sitenote_note":"","_monsterinsights_sitenote_category":0,"footnotes":""},"categories":[8],"tags":[],"class_list":{"0":"post-5178","1":"post","2":"type-post","3":"status-publish","4":"format-standard","5":"has-post-thumbnail","7":"category-portada"},"aioseo_notices":[],"_links":{"self":[{"href":"https:\/\/www.rengoenlanoticia.cl\/prensa\/wp-json\/wp\/v2\/posts\/5178","targetHints":{"allow":["GET"]}}],"collection":[{"href":"https:\/\/www.rengoenlanoticia.cl\/prensa\/wp-json\/wp\/v2\/posts"}],"about":[{"href":"https:\/\/www.rengoenlanoticia.cl\/prensa\/wp-json\/wp\/v2\/types\/post"}],"author":[{"embeddable":true,"href":"https:\/\/www.rengoenlanoticia.cl\/prensa\/wp-json\/wp\/v2\/users\/1"}],"replies":[{"embeddable":true,"href":"https:\/\/www.rengoenlanoticia.cl\/prensa\/wp-json\/wp\/v2\/comments?post=5178"}],"version-history":[{"count":3,"href":"https:\/\/www.rengoenlanoticia.cl\/prensa\/wp-json\/wp\/v2\/posts\/5178\/revisions"}],"predecessor-version":[{"id":5192,"href":"https:\/\/www.rengoenlanoticia.cl\/prensa\/wp-json\/wp\/v2\/posts\/5178\/revisions\/5192"}],"wp:featuredmedia":[{"embeddable":true,"href":"https:\/\/www.rengoenlanoticia.cl\/prensa\/wp-json\/wp\/v2\/media\/5179"}],"wp:attachment":[{"href":"https:\/\/www.rengoenlanoticia.cl\/prensa\/wp-json\/wp\/v2\/media?parent=5178"}],"wp:term":[{"taxonomy":"category","embeddable":true,"href":"https:\/\/www.rengoenlanoticia.cl\/prensa\/wp-json\/wp\/v2\/categories?post=5178"},{"taxonomy":"post_tag","embeddable":true,"href":"https:\/\/www.rengoenlanoticia.cl\/prensa\/wp-json\/wp\/v2\/tags?post=5178"}],"curies":[{"name":"wp","href":"https:\/\/api.w.org\/{rel}","templated":true}]}}