{"id":5170,"date":"2025-08-13T11:56:44","date_gmt":"2025-08-13T11:56:44","guid":{"rendered":"https:\/\/www.rengoenlanoticia.cl\/prensa\/?p=5170"},"modified":"2025-08-13T11:56:47","modified_gmt":"2025-08-13T11:56:47","slug":"phagelab-y-lab4u-fueron-reconocidas-en-demo-day-de-los-15-anos-de-start-up-chile","status":"publish","type":"post","link":"https:\/\/www.rengoenlanoticia.cl\/prensa\/2025\/08\/13\/phagelab-y-lab4u-fueron-reconocidas-en-demo-day-de-los-15-anos-de-start-up-chile\/","title":{"rendered":"PhageLab y Lab4U fueron reconocidas en Demo Day de los 15 a\u00f1os de Start-Up Chile"},"content":{"rendered":"\n<p>El evento cont\u00f3 con la participaci\u00f3n de la Subsecretaria de Econom\u00eda y Empresas de Menor Tama\u00f1o, Javiera Petersen, y el vicepresidente Ejecutivo de Corfo, Jos\u00e9 Miguel Benavente, quienes celebraron el aniversario de la aceleradora p\u00fablica.<\/p>\n\n\n\n<p>Las startups de biotecnolog\u00eda Bifidice y Giraffe Bio tambi\u00e9n resultaron ganadoras.<\/p>\n\n\n\n<p>Quince startups de Chile, Suiza, Rusia, Brasil y Argentina presentaron sus soluciones en el Demo Day de los 15 a\u00f1os de Start-Up Chile, la aceleradora p\u00fablica de Corfo, en un evento que reuni\u00f3 a emprendedores, emprendedoras y a los actores m\u00e1s relevantes del ecosistema de innovaci\u00f3n local en el edificio m\u00e1s alto de Sudam\u00e9rica, Skycostanera.<\/p>\n\n\n\n<figure class=\"wp-block-image size-large\"><img loading=\"lazy\" decoding=\"async\" width=\"1024\" height=\"684\" src=\"https:\/\/www.rengoenlanoticia.cl\/prensa\/wp-content\/uploads\/2025\/08\/DemoDay15-1024x684.jpg\" alt=\"\" class=\"wp-image-5181\" srcset=\"https:\/\/www.rengoenlanoticia.cl\/prensa\/wp-content\/uploads\/2025\/08\/DemoDay15-1024x684.jpg 1024w, https:\/\/www.rengoenlanoticia.cl\/prensa\/wp-content\/uploads\/2025\/08\/DemoDay15-300x200.jpg 300w, https:\/\/www.rengoenlanoticia.cl\/prensa\/wp-content\/uploads\/2025\/08\/DemoDay15-768x513.jpg 768w, https:\/\/www.rengoenlanoticia.cl\/prensa\/wp-content\/uploads\/2025\/08\/DemoDay15-1536x1025.jpg 1536w, https:\/\/www.rengoenlanoticia.cl\/prensa\/wp-content\/uploads\/2025\/08\/DemoDay15-110x73.jpg 110w, https:\/\/www.rengoenlanoticia.cl\/prensa\/wp-content\/uploads\/2025\/08\/DemoDay15-200x134.jpg 200w, https:\/\/www.rengoenlanoticia.cl\/prensa\/wp-content\/uploads\/2025\/08\/DemoDay15-380x254.jpg 380w, https:\/\/www.rengoenlanoticia.cl\/prensa\/wp-content\/uploads\/2025\/08\/DemoDay15-255x170.jpg 255w, https:\/\/www.rengoenlanoticia.cl\/prensa\/wp-content\/uploads\/2025\/08\/DemoDay15-550x367.jpg 550w, https:\/\/www.rengoenlanoticia.cl\/prensa\/wp-content\/uploads\/2025\/08\/DemoDay15-800x534.jpg 800w, https:\/\/www.rengoenlanoticia.cl\/prensa\/wp-content\/uploads\/2025\/08\/DemoDay15-1160x774.jpg 1160w, https:\/\/www.rengoenlanoticia.cl\/prensa\/wp-content\/uploads\/2025\/08\/DemoDay15.jpg 2000w\" sizes=\"auto, (max-width: 1024px) 100vw, 1024px\" \/><\/figure>\n\n\n\n<p>Para conmemorar este aniversario, la aceleradora hizo un repaso por los principales hitos desde su creaci\u00f3n en 2010, como parte del Ministerio de Econom\u00eda y Corfo, en respuesta a la crisis socioecon\u00f3mica que se viv\u00eda en el pa\u00eds a ra\u00edz de la crisis financiera subprime y el terremoto del 27 de febrero.<\/p>\n\n\n\n<p>Tras participar de la actividad, la subsecretaria de Econom\u00eda y Empresas de Menor Tama\u00f1o, Javiera Petersen, se\u00f1al\u00f3 que \u201c<strong>las startups desempe\u00f1an un papel fundamental en la transformaci\u00f3n tecnol\u00f3gica<\/strong>. No s\u00f3lo por su capacidad de crecer e innovar, sino tambi\u00e9n en c\u00f3mo son capaces de multiplicar sus v\u00ednculos productivos y comerciales en distintas industrias. Por eso, como Gobierno impulsamos el proyecto que crea la&nbsp;<strong>Agencia de Financiamiento e Inversi\u00f3n para el Desarrollo&nbsp;<\/strong>(AFIDE) que, entre otras cosas,&nbsp;<strong>crear\u00e1 el primer fondo de fondos de capital de riesgo de Chile.<\/strong>&nbsp;Este fondo ser\u00e1 de cerca de US$200 millones, lo que permitir\u00e1 movilizar m\u00e1s de US$1000 millones a startups a trav\u00e9s de distintos fondos de inversiones\u201d.<\/p>\n\n\n\n<p>Por su parte, el Vicepresidente Ejecutivo de Corfo, Jos\u00e9 Miguel Benavente, destac\u00f3 que \u201c<strong>este es un tipo de pol\u00edtica p\u00fablica<\/strong>&nbsp;que no es solo de un gobierno, sino de Estado.&nbsp;<strong>En el mundo, nuestro pa\u00eds es reconocido, entre otras cosas, por Start-Up Chile de Corfo<\/strong>, lo que debe llenarnos de orgullo porque formamos parte de un ecosistema internacional de promoci\u00f3n del emprendimiento a trav\u00e9s de una aceleradora p\u00fablica que fue pionera a nivel global. Y si bien en estos 15 a\u00f1os ha evolucionado, esta iniciativa mantiene un sello que hay que potenciar, impulsar y trascender.&nbsp;<strong>Mantengamos a Start-Up Chile en lo m\u00e1s alto, desde Chile para el mundo<\/strong>\u201d.<\/p>\n\n\n\n<p>De su portafolio de m\u00e1s de tres mil emprendimientos de base tecnol\u00f3gica, Start-Up Chile seleccion\u00f3 para esta ocasi\u00f3n a algunos de los proyectos m\u00e1s representativos que han recibido su apoyo. Entre ellos,&nbsp;<strong>SoyMomo&nbsp;<\/strong>(Retail) y&nbsp;<strong>FirstJob&nbsp;<\/strong>(Recursos Humanos) que pasaron por el primer programa dise\u00f1ado para startups en etapas m\u00e1s avanzadas,&nbsp;<strong>Nutrix&nbsp;<\/strong>(Salud) y&nbsp;<strong>QCart&nbsp;<\/strong>(Retail) que fueron parte de un programa exclusivo para mujeres, hasta&nbsp;<strong>GoodMeal&nbsp;<\/strong>(Retail),&nbsp;<strong>Casoca&nbsp;<\/strong>(Marketing) y&nbsp;<strong>Cheers&nbsp;<\/strong>(Legal) que representan el programa actual, BIG.<\/p>\n\n\n\n<p>\u201cEsta es una instancia muy especial en la que&nbsp;<strong>celebramos los 15 a\u00f1os de Start-Up Chile contando su historia a trav\u00e9s de nuestros emprendedores y emprendedoras.<\/strong>&nbsp;En cada uno de ellos, sus startups y sus resultados, podemos ver personificado el impacto, la diversidad y la tecnolog\u00eda que esta pol\u00edtica p\u00fablica ha aportado al pa\u00eds desde 2010 y creemos que es una fuente de inspiraci\u00f3n para todos quienes quieran ser parte del futuro del ecosistema de innovaci\u00f3n local\u201d, coment\u00f3 Javiera Araneda.<\/p>\n\n\n\n<p>Los 15 emprendedores y emprendedoras se presentaron frente a un jurado conformado por Javiera Araneda, gerenta de Start-Up Chile; Nicol\u00e1s Shea, miembro del equipo fundador de Start-Up Chile; los ex directores ejecutivos Sebasti\u00e1n Vidal y Sebasti\u00e1n D\u00edaz; y la exgerente Mar\u00eda de los \u00c1ngeles Romo.<\/p>\n\n\n\n<p><strong>Los ganadores<\/strong><\/p>\n\n\n\n<p>Las startups premiadas fueron&nbsp;<strong>Bifidice&nbsp;<\/strong>como M\u00e1s Innovadora, que permite incorporar a trav\u00e9s de la tecnolog\u00eda probi\u00f3ticos en helados para transformar la microbiota de las personas, y&nbsp;<strong>Giraffe Bio&nbsp;<\/strong>como la con Mayor Potencial de Inversi\u00f3n, que desarrolla biomol\u00e9culas para la extracci\u00f3n eficiente y sostenible de minerales como el cobre y el litio.&nbsp;<strong>PhageLab,<\/strong>&nbsp;con sus soluciones basadas en bacteri\u00f3fagos para abordar el desaf\u00edo del control de pat\u00f3genos en sistemas de producci\u00f3n intensiva, fue elegida la Mejor Startup en este aniversario.<\/p>\n\n\n\n<p>\u201cStart-Up Chile es un proyecto tremendo y muy emblem\u00e1tico, por el que han pasado startups de alt\u00edsimo impacto. Ser reconocidos como la mejor de estos a\u00f1os es muy gratificante y refleja el trabajo de todo el equipo de PhageLab y el trabajar en funci\u00f3n de un prop\u00f3sito mayor. Adem\u00e1s, nuestro paso por el programa de aceleraci\u00f3n fue un verdadero punto de inflexi\u00f3n: nos permiti\u00f3 acceder a m\u00e1s recursos, mayor visibilidad y un impulso clave para avanzar\u201d, dijo Hans Pieringer, CEO de la compa\u00f1\u00eda.<\/p>\n\n\n\n<p>Adem\u00e1s, la edtech&nbsp;<strong>Lab4U&nbsp;<\/strong>y su fundadora Komal Dadlani recibieron el reconocimiento SUP Spirit, en honor a su participaci\u00f3n activa en el ecosistema de innovaci\u00f3n local y como egresados de Start-Up Chile.<\/p>\n\n\n\n<p>En la instancia tambi\u00e9n participaron&nbsp;<strong>ByBug&nbsp;<\/strong>(Biotecnolog\u00eda),&nbsp;<strong>B\u00faho&nbsp;<\/strong>(Salud),&nbsp;<strong>\u00a1Instacrops (Agricultura) y BraveUp!<\/strong>&nbsp;(Impacto Social).<\/p>\n\n\n\n<p><strong>Colaboraci\u00f3n p\u00fablico-privada<\/strong><\/p>\n\n\n\n<p>El evento se realiz\u00f3 bajo una alianza p\u00fablico-privada que Start-Up Chile mantiene con Cenco Malls, Banco BCI, Entel y Caja Los Andes.<\/p>\n\n\n\n<p>Desde Cenco Malls, comentaron que \u201cestar presentes en los 15 a\u00f1os de Start-Up Chile reafirma nuestro compromiso de ser parte del ecosistema local. Creemos en la innovaci\u00f3n como pilar estrat\u00e9gico para generar sinergias y enriquecer nuestra propuesta de valor, tanto en centros comerciales como en oficinas, lo que va en l\u00ednea con nuestro prop\u00f3sito de liderar la generaci\u00f3n de espacios y experiencias para un mundo mejor\u201d.<\/p>\n\n\n\n<p>Como parte de esta colaboraci\u00f3n, las empresas entregan apoyo para la realizaci\u00f3n de estas instancias de networking y pueden tener acceso a las startups del programa para evaluar oportunidades de conexi\u00f3n.<\/p>\n","protected":false},"excerpt":{"rendered":"El evento cont\u00f3 con la participaci\u00f3n de la Subsecretaria de Econom\u00eda y Empresas de Menor Tama\u00f1o, Javiera Petersen,&hellip;\n","protected":false},"author":1,"featured_media":5180,"comment_status":"open","ping_status":"open","sticky":false,"template":"","format":"standard","meta":{"_monsterinsights_skip_tracking":false,"_monsterinsights_sitenote_active":false,"_monsterinsights_sitenote_note":"","_monsterinsights_sitenote_category":0,"footnotes":""},"categories":[8],"tags":[],"class_list":{"0":"post-5170","1":"post","2":"type-post","3":"status-publish","4":"format-standard","5":"has-post-thumbnail","7":"category-portada"},"aioseo_notices":[],"_links":{"self":[{"href":"https:\/\/www.rengoenlanoticia.cl\/prensa\/wp-json\/wp\/v2\/posts\/5170","targetHints":{"allow":["GET"]}}],"collection":[{"href":"https:\/\/www.rengoenlanoticia.cl\/prensa\/wp-json\/wp\/v2\/posts"}],"about":[{"href":"https:\/\/www.rengoenlanoticia.cl\/prensa\/wp-json\/wp\/v2\/types\/post"}],"author":[{"embeddable":true,"href":"https:\/\/www.rengoenlanoticia.cl\/prensa\/wp-json\/wp\/v2\/users\/1"}],"replies":[{"embeddable":true,"href":"https:\/\/www.rengoenlanoticia.cl\/prensa\/wp-json\/wp\/v2\/comments?post=5170"}],"version-history":[{"count":3,"href":"https:\/\/www.rengoenlanoticia.cl\/prensa\/wp-json\/wp\/v2\/posts\/5170\/revisions"}],"predecessor-version":[{"id":5194,"href":"https:\/\/www.rengoenlanoticia.cl\/prensa\/wp-json\/wp\/v2\/posts\/5170\/revisions\/5194"}],"wp:featuredmedia":[{"embeddable":true,"href":"https:\/\/www.rengoenlanoticia.cl\/prensa\/wp-json\/wp\/v2\/media\/5180"}],"wp:attachment":[{"href":"https:\/\/www.rengoenlanoticia.cl\/prensa\/wp-json\/wp\/v2\/media?parent=5170"}],"wp:term":[{"taxonomy":"category","embeddable":true,"href":"https:\/\/www.rengoenlanoticia.cl\/prensa\/wp-json\/wp\/v2\/categories?post=5170"},{"taxonomy":"post_tag","embeddable":true,"href":"https:\/\/www.rengoenlanoticia.cl\/prensa\/wp-json\/wp\/v2\/tags?post=5170"}],"curies":[{"name":"wp","href":"https:\/\/api.w.org\/{rel}","templated":true}]}}