{"id":5169,"date":"2025-08-13T11:51:20","date_gmt":"2025-08-13T11:51:20","guid":{"rendered":"https:\/\/www.rengoenlanoticia.cl\/prensa\/?p=5169"},"modified":"2025-08-13T11:51:22","modified_gmt":"2025-08-13T11:51:22","slug":"un-dia-para-sonreir-hospital-de-santa-cruz-conmemoro-dia-de-la-ninez","status":"publish","type":"post","link":"https:\/\/www.rengoenlanoticia.cl\/prensa\/2025\/08\/13\/un-dia-para-sonreir-hospital-de-santa-cruz-conmemoro-dia-de-la-ninez\/","title":{"rendered":"Un d\u00eda para sonre\u00edr: Hospital de Santa Cruz conmemor\u00f3 D\u00eda de la Ni\u00f1ez"},"content":{"rendered":"\n<p>\u00b7&nbsp;&nbsp;&nbsp;&nbsp;&nbsp;&nbsp;&nbsp;&nbsp;&nbsp;Con actividades organizadas por el equipo&nbsp;<em>Chile Crece Contigo<\/em>, el recinto entreg\u00f3 un saludo especial a sus pacientes m\u00e1s peque\u00f1os, destacando la importancia del juego y la infancia en la labor del establecimiento, record\u00e1ndoles que su bienestar es el coraz\u00f3n del quehacer hospitalario.<\/p>\n\n\n\n<p>Inspirados en una reflexi\u00f3n del pedagogo Jean Piaget,\u00a0<em>\u201cLos ni\u00f1os y ni\u00f1as no juegan para aprender, pero aprenden porque juegan. El juego es el trabajo de la infancia\u201d<\/em>, el equipo del Departamento\u00a0<em>Chile Crece Contigo<\/em>\u00a0del Hospital de Santa Cruz celebr\u00f3 el D\u00eda de la Ni\u00f1ez con una emotiva actividad dedicada a cada ni\u00f1o y ni\u00f1a que se encontraba en las dependencias del recinto asistencial.<\/p>\n\n\n\n<figure class=\"wp-block-image size-large\"><img loading=\"lazy\" decoding=\"async\" width=\"1024\" height=\"755\" src=\"https:\/\/www.rengoenlanoticia.cl\/prensa\/wp-content\/uploads\/2025\/08\/dia-ninez-HSC-3-1-1024x755.jpeg\" alt=\"\" class=\"wp-image-5173\" srcset=\"https:\/\/www.rengoenlanoticia.cl\/prensa\/wp-content\/uploads\/2025\/08\/dia-ninez-HSC-3-1-1024x755.jpeg 1024w, https:\/\/www.rengoenlanoticia.cl\/prensa\/wp-content\/uploads\/2025\/08\/dia-ninez-HSC-3-1-300x221.jpeg 300w, https:\/\/www.rengoenlanoticia.cl\/prensa\/wp-content\/uploads\/2025\/08\/dia-ninez-HSC-3-1-768x566.jpeg 768w, https:\/\/www.rengoenlanoticia.cl\/prensa\/wp-content\/uploads\/2025\/08\/dia-ninez-HSC-3-1-1536x1133.jpeg 1536w, https:\/\/www.rengoenlanoticia.cl\/prensa\/wp-content\/uploads\/2025\/08\/dia-ninez-HSC-3-1-2048x1510.jpeg 2048w, https:\/\/www.rengoenlanoticia.cl\/prensa\/wp-content\/uploads\/2025\/08\/dia-ninez-HSC-3-1-110x81.jpeg 110w, https:\/\/www.rengoenlanoticia.cl\/prensa\/wp-content\/uploads\/2025\/08\/dia-ninez-HSC-3-1-200x147.jpeg 200w, https:\/\/www.rengoenlanoticia.cl\/prensa\/wp-content\/uploads\/2025\/08\/dia-ninez-HSC-3-1-380x280.jpeg 380w, https:\/\/www.rengoenlanoticia.cl\/prensa\/wp-content\/uploads\/2025\/08\/dia-ninez-HSC-3-1-255x188.jpeg 255w, https:\/\/www.rengoenlanoticia.cl\/prensa\/wp-content\/uploads\/2025\/08\/dia-ninez-HSC-3-1-550x406.jpeg 550w, https:\/\/www.rengoenlanoticia.cl\/prensa\/wp-content\/uploads\/2025\/08\/dia-ninez-HSC-3-1-800x590.jpeg 800w, https:\/\/www.rengoenlanoticia.cl\/prensa\/wp-content\/uploads\/2025\/08\/dia-ninez-HSC-3-1-1160x855.jpeg 1160w, https:\/\/www.rengoenlanoticia.cl\/prensa\/wp-content\/uploads\/2025\/08\/dia-ninez-HSC-3-1.jpeg 2250w\" sizes=\"auto, (max-width: 1024px) 100vw, 1024px\" \/><\/figure>\n\n\n\n<p>La iniciativa busc\u00f3 reconocer la importancia que tiene la infancia en el quehacer diario del hospital, recordando que cada sonrisa, cada juego y cada gesto de ternura son parte esencial de la labor que se realiza al interior de la instituci\u00f3n de salud.<\/p>\n\n\n\n<p>Durante la jornada, los peque\u00f1os pacientes recibieron saludos y muestras de afecto de parte de los funcionarios, quienes compartieron con ellos un espacio de alegr\u00eda y cercan\u00eda. \u201cAgradecemos cada sonrisa y cada muestra de cari\u00f1o de nuestros pacientitos m\u00e1s peque\u00f1os, quienes nos inspiran d\u00eda a d\u00eda a seguir trabajando por su bienestar y futuro\u201d, se\u00f1al\u00f3 la Psic\u00f3loga de Chile Crece M\u00e1s, Camila Navarro.<\/p>\n\n\n\n<p>Por su parte, el director del Hospital de Santa Cruz, Dr. Sebasti\u00e1n Urz\u00faa, destac\u00f3 que \u201cpara nosotros, la infancia es el coraz\u00f3n de nuestra labor. No se trata solo de atender una necesidad de salud, sino de brindar contenci\u00f3n, afecto y un entorno que favorezca su desarrollo. El D\u00eda de la Ni\u00f1ez nos recuerda que, a trav\u00e9s de peque\u00f1os gestos, podemos marcar una gran diferencia en sus vidas\u201d.<\/p>\n\n\n\n<figure class=\"wp-block-image size-large\"><img loading=\"lazy\" decoding=\"async\" width=\"1024\" height=\"768\" src=\"https:\/\/www.rengoenlanoticia.cl\/prensa\/wp-content\/uploads\/2025\/08\/dia-ninez-HSC-4-1-1024x768.jpeg\" alt=\"\" class=\"wp-image-5174\" srcset=\"https:\/\/www.rengoenlanoticia.cl\/prensa\/wp-content\/uploads\/2025\/08\/dia-ninez-HSC-4-1-1024x768.jpeg 1024w, https:\/\/www.rengoenlanoticia.cl\/prensa\/wp-content\/uploads\/2025\/08\/dia-ninez-HSC-4-1-300x225.jpeg 300w, https:\/\/www.rengoenlanoticia.cl\/prensa\/wp-content\/uploads\/2025\/08\/dia-ninez-HSC-4-1-768x576.jpeg 768w, https:\/\/www.rengoenlanoticia.cl\/prensa\/wp-content\/uploads\/2025\/08\/dia-ninez-HSC-4-1-1536x1152.jpeg 1536w, https:\/\/www.rengoenlanoticia.cl\/prensa\/wp-content\/uploads\/2025\/08\/dia-ninez-HSC-4-1-110x83.jpeg 110w, https:\/\/www.rengoenlanoticia.cl\/prensa\/wp-content\/uploads\/2025\/08\/dia-ninez-HSC-4-1-200x150.jpeg 200w, https:\/\/www.rengoenlanoticia.cl\/prensa\/wp-content\/uploads\/2025\/08\/dia-ninez-HSC-4-1-380x285.jpeg 380w, https:\/\/www.rengoenlanoticia.cl\/prensa\/wp-content\/uploads\/2025\/08\/dia-ninez-HSC-4-1-255x191.jpeg 255w, https:\/\/www.rengoenlanoticia.cl\/prensa\/wp-content\/uploads\/2025\/08\/dia-ninez-HSC-4-1-550x413.jpeg 550w, https:\/\/www.rengoenlanoticia.cl\/prensa\/wp-content\/uploads\/2025\/08\/dia-ninez-HSC-4-1-800x600.jpeg 800w, https:\/\/www.rengoenlanoticia.cl\/prensa\/wp-content\/uploads\/2025\/08\/dia-ninez-HSC-4-1-1160x870.jpeg 1160w, https:\/\/www.rengoenlanoticia.cl\/prensa\/wp-content\/uploads\/2025\/08\/dia-ninez-HSC-4-1.jpeg 1600w\" sizes=\"auto, (max-width: 1024px) 100vw, 1024px\" \/><\/figure>\n\n\n\n<p>Con acciones como esta, el Hospital de Santa Cruz reafirma su compromiso con el cuidado integral de la ni\u00f1ez, reconociendo que su desarrollo, salud y felicidad son la base de una comunidad m\u00e1s sana y solidaria.<\/p>\n","protected":false},"excerpt":{"rendered":"\u00b7&nbsp;&nbsp;&nbsp;&nbsp;&nbsp;&nbsp;&nbsp;&nbsp;&nbsp;Con actividades organizadas por el equipo&nbsp;Chile Crece Contigo, el recinto entreg\u00f3 un saludo especial a sus pacientes m\u00e1s&hellip;\n","protected":false},"author":1,"featured_media":5172,"comment_status":"open","ping_status":"open","sticky":false,"template":"","format":"standard","meta":{"_monsterinsights_skip_tracking":false,"_monsterinsights_sitenote_active":false,"_monsterinsights_sitenote_note":"","_monsterinsights_sitenote_category":0,"footnotes":""},"categories":[8],"tags":[],"class_list":{"0":"post-5169","1":"post","2":"type-post","3":"status-publish","4":"format-standard","5":"has-post-thumbnail","7":"category-portada"},"aioseo_notices":[],"_links":{"self":[{"href":"https:\/\/www.rengoenlanoticia.cl\/prensa\/wp-json\/wp\/v2\/posts\/5169","targetHints":{"allow":["GET"]}}],"collection":[{"href":"https:\/\/www.rengoenlanoticia.cl\/prensa\/wp-json\/wp\/v2\/posts"}],"about":[{"href":"https:\/\/www.rengoenlanoticia.cl\/prensa\/wp-json\/wp\/v2\/types\/post"}],"author":[{"embeddable":true,"href":"https:\/\/www.rengoenlanoticia.cl\/prensa\/wp-json\/wp\/v2\/users\/1"}],"replies":[{"embeddable":true,"href":"https:\/\/www.rengoenlanoticia.cl\/prensa\/wp-json\/wp\/v2\/comments?post=5169"}],"version-history":[{"count":3,"href":"https:\/\/www.rengoenlanoticia.cl\/prensa\/wp-json\/wp\/v2\/posts\/5169\/revisions"}],"predecessor-version":[{"id":5190,"href":"https:\/\/www.rengoenlanoticia.cl\/prensa\/wp-json\/wp\/v2\/posts\/5169\/revisions\/5190"}],"wp:featuredmedia":[{"embeddable":true,"href":"https:\/\/www.rengoenlanoticia.cl\/prensa\/wp-json\/wp\/v2\/media\/5172"}],"wp:attachment":[{"href":"https:\/\/www.rengoenlanoticia.cl\/prensa\/wp-json\/wp\/v2\/media?parent=5169"}],"wp:term":[{"taxonomy":"category","embeddable":true,"href":"https:\/\/www.rengoenlanoticia.cl\/prensa\/wp-json\/wp\/v2\/categories?post=5169"},{"taxonomy":"post_tag","embeddable":true,"href":"https:\/\/www.rengoenlanoticia.cl\/prensa\/wp-json\/wp\/v2\/tags?post=5169"}],"curies":[{"name":"wp","href":"https:\/\/api.w.org\/{rel}","templated":true}]}}