{"id":5155,"date":"2025-08-12T02:41:10","date_gmt":"2025-08-12T02:41:10","guid":{"rendered":"https:\/\/www.rengoenlanoticia.cl\/prensa\/?p=5155"},"modified":"2025-08-12T18:55:54","modified_gmt":"2025-08-12T18:55:54","slug":"diputado-marta-gonzalez-valora-salida-de-andres-music-pero-la-considera-insuficiente-maximo-pacheco-tenia-los-antecedentes-de-lo-que-pasaba-en-el-teniente","status":"publish","type":"post","link":"https:\/\/www.rengoenlanoticia.cl\/prensa\/2025\/08\/12\/diputado-marta-gonzalez-valora-salida-de-andres-music-pero-la-considera-insuficiente-maximo-pacheco-tenia-los-antecedentes-de-lo-que-pasaba-en-el-teniente\/","title":{"rendered":"Diputada Marta Gonz\u00e1lez valora salida de Andr\u00e9s Music, pero la considera insuficiente: \u201cM\u00e1ximo Pacheco ten\u00eda los antecedentes de lo que pasaba en el Teniente\u201d"},"content":{"rendered":"\n<p>La Diputada representante de la Regi\u00f3n de O&#8217;Higgins, Marta Gonz\u00e1lez, valor\u00f3 la renuncia del gerente general de El Teniente, Andr\u00e9s Music, sin embargo, la consider\u00f3 una medida insuficiente y apunt\u00f3 a M\u00e1ximo Pacheco.<\/p>\n\n\n\n<p>Asimismo, la parlamentaria relev\u00f3 que esta renuncia se realiza el mismo d\u00eda en que junto a parlamentarios y dirigentes sindicales entregaron una carta en La Moneda dirigida al Presidente de la Rep\u00fablica, Gabriel Boric, solicitando al Gobierno medidas concretas y urgentes para garantizar condiciones laborales dignas , seguras y justas para todos los trabajadores mineros, especialmente aquellos que laboran bajo subcontrato.<\/p>\n\n\n\n<figure class=\"wp-block-image size-large\"><img loading=\"lazy\" decoding=\"async\" width=\"1024\" height=\"813\" src=\"https:\/\/www.rengoenlanoticia.cl\/prensa\/wp-content\/uploads\/2025\/08\/WhatsApp-Image-2025-08-03-at-22.21.08-1024x813.jpeg\" alt=\"\" class=\"wp-image-4896\" srcset=\"https:\/\/www.rengoenlanoticia.cl\/prensa\/wp-content\/uploads\/2025\/08\/WhatsApp-Image-2025-08-03-at-22.21.08-1024x813.jpeg 1024w, https:\/\/www.rengoenlanoticia.cl\/prensa\/wp-content\/uploads\/2025\/08\/WhatsApp-Image-2025-08-03-at-22.21.08-300x238.jpeg 300w, https:\/\/www.rengoenlanoticia.cl\/prensa\/wp-content\/uploads\/2025\/08\/WhatsApp-Image-2025-08-03-at-22.21.08-768x610.jpeg 768w, https:\/\/www.rengoenlanoticia.cl\/prensa\/wp-content\/uploads\/2025\/08\/WhatsApp-Image-2025-08-03-at-22.21.08-1536x1220.jpeg 1536w, https:\/\/www.rengoenlanoticia.cl\/prensa\/wp-content\/uploads\/2025\/08\/WhatsApp-Image-2025-08-03-at-22.21.08-110x87.jpeg 110w, https:\/\/www.rengoenlanoticia.cl\/prensa\/wp-content\/uploads\/2025\/08\/WhatsApp-Image-2025-08-03-at-22.21.08-200x159.jpeg 200w, https:\/\/www.rengoenlanoticia.cl\/prensa\/wp-content\/uploads\/2025\/08\/WhatsApp-Image-2025-08-03-at-22.21.08-380x302.jpeg 380w, https:\/\/www.rengoenlanoticia.cl\/prensa\/wp-content\/uploads\/2025\/08\/WhatsApp-Image-2025-08-03-at-22.21.08-255x203.jpeg 255w, https:\/\/www.rengoenlanoticia.cl\/prensa\/wp-content\/uploads\/2025\/08\/WhatsApp-Image-2025-08-03-at-22.21.08-550x437.jpeg 550w, https:\/\/www.rengoenlanoticia.cl\/prensa\/wp-content\/uploads\/2025\/08\/WhatsApp-Image-2025-08-03-at-22.21.08-800x636.jpeg 800w, https:\/\/www.rengoenlanoticia.cl\/prensa\/wp-content\/uploads\/2025\/08\/WhatsApp-Image-2025-08-03-at-22.21.08-1160x921.jpeg 1160w, https:\/\/www.rengoenlanoticia.cl\/prensa\/wp-content\/uploads\/2025\/08\/WhatsApp-Image-2025-08-03-at-22.21.08.jpeg 1600w\" sizes=\"auto, (max-width: 1024px) 100vw, 1024px\" \/><\/figure>\n\n\n\n<p>\u00abHoy d\u00eda estuvimos en La Moneda entregando una carta con medidas concretas para subsanar la crisis de seguridad que est\u00e1 en la miner\u00eda. Hemos hecho un petitorio con al menos 16 puntos, consensuado con distintas organizaciones sindicales, trabajadores y tambi\u00e9n familiares de personas que han fallecido dentro de las faenas mineras\u00bb, se\u00f1al\u00f3 la diputada Gonz\u00e1lez.<\/p>\n\n\n\n<p>La parlamentaria agreg\u00f3 que \u00abuna de las peticiones era que los altos ejecutivos que han tenido administraciones nefastas en sus faenas, que han sido sindicados como ejecutantes de pr\u00e1ctica antisindical, que han tenido baja producci\u00f3n y que adem\u00e1s han tenido accidentes fatales en sus faenas, den un paso al costado\u00bb.<\/p>\n\n\n\n<p>\u00abValoramos la salida del gerente general del Teniente, el se\u00f1or Andr\u00e9s Music, pero es una medida hoy d\u00eda todav\u00eda insuficiente. Hay muchos m\u00e1s responsables pol\u00edticos de esta tragedia que hemos vivido en el Teniente. El se\u00f1or M\u00e1ximo Pacheco ten\u00eda los antecedentes que se los dejamos hace mucho tiempo de lo que pasaba en el Teniente, y tambi\u00e9n necesitamos que salga el gerente de Relaciones de terceros, el se\u00f1or Juan Luis Trejo, que no ha hecho ninguna pol\u00edtica de escucha y de atenci\u00f3n y de plan de trabajo con los trabajadores\u00bb, manifest\u00f3 Marta Gonz\u00e1lez.<\/p>\n\n\n\n<p>La legisladora cerr\u00f3 acusando que \u00aba lo \u00fanico que se han dedicado es a silenciar a los trabajadores, y eso es una de las cosas que tiene que cambiar. Esperamos que este sea el comienzo de un nuevo trato laboral con los mineros de nuestro pa\u00eds\u00bb.<\/p>\n\n\n\n<figure class=\"wp-block-image size-full\"><img loading=\"lazy\" decoding=\"async\" width=\"957\" height=\"878\" src=\"https:\/\/www.rengoenlanoticia.cl\/prensa\/wp-content\/uploads\/2025\/08\/WhatsApp-Image-2025-08-12-at-14.24.33.jpeg\" alt=\"\" class=\"wp-image-5166\" srcset=\"https:\/\/www.rengoenlanoticia.cl\/prensa\/wp-content\/uploads\/2025\/08\/WhatsApp-Image-2025-08-12-at-14.24.33.jpeg 957w, https:\/\/www.rengoenlanoticia.cl\/prensa\/wp-content\/uploads\/2025\/08\/WhatsApp-Image-2025-08-12-at-14.24.33-300x275.jpeg 300w, https:\/\/www.rengoenlanoticia.cl\/prensa\/wp-content\/uploads\/2025\/08\/WhatsApp-Image-2025-08-12-at-14.24.33-768x705.jpeg 768w, https:\/\/www.rengoenlanoticia.cl\/prensa\/wp-content\/uploads\/2025\/08\/WhatsApp-Image-2025-08-12-at-14.24.33-110x101.jpeg 110w, https:\/\/www.rengoenlanoticia.cl\/prensa\/wp-content\/uploads\/2025\/08\/WhatsApp-Image-2025-08-12-at-14.24.33-200x183.jpeg 200w, https:\/\/www.rengoenlanoticia.cl\/prensa\/wp-content\/uploads\/2025\/08\/WhatsApp-Image-2025-08-12-at-14.24.33-380x349.jpeg 380w, https:\/\/www.rengoenlanoticia.cl\/prensa\/wp-content\/uploads\/2025\/08\/WhatsApp-Image-2025-08-12-at-14.24.33-255x234.jpeg 255w, https:\/\/www.rengoenlanoticia.cl\/prensa\/wp-content\/uploads\/2025\/08\/WhatsApp-Image-2025-08-12-at-14.24.33-550x505.jpeg 550w, https:\/\/www.rengoenlanoticia.cl\/prensa\/wp-content\/uploads\/2025\/08\/WhatsApp-Image-2025-08-12-at-14.24.33-800x734.jpeg 800w\" sizes=\"auto, (max-width: 957px) 100vw, 957px\" \/><\/figure>\n","protected":false},"excerpt":{"rendered":"La Diputada representante de la Regi\u00f3n de O&#8217;Higgins, Marta Gonz\u00e1lez, valor\u00f3 la renuncia del gerente general de El&hellip;\n","protected":false},"author":1,"featured_media":5159,"comment_status":"open","ping_status":"open","sticky":false,"template":"","format":"standard","meta":{"_monsterinsights_skip_tracking":false,"_monsterinsights_sitenote_active":false,"_monsterinsights_sitenote_note":"","_monsterinsights_sitenote_category":0,"footnotes":""},"categories":[8],"tags":[],"class_list":{"0":"post-5155","1":"post","2":"type-post","3":"status-publish","4":"format-standard","5":"has-post-thumbnail","7":"category-portada"},"aioseo_notices":[],"_links":{"self":[{"href":"https:\/\/www.rengoenlanoticia.cl\/prensa\/wp-json\/wp\/v2\/posts\/5155","targetHints":{"allow":["GET"]}}],"collection":[{"href":"https:\/\/www.rengoenlanoticia.cl\/prensa\/wp-json\/wp\/v2\/posts"}],"about":[{"href":"https:\/\/www.rengoenlanoticia.cl\/prensa\/wp-json\/wp\/v2\/types\/post"}],"author":[{"embeddable":true,"href":"https:\/\/www.rengoenlanoticia.cl\/prensa\/wp-json\/wp\/v2\/users\/1"}],"replies":[{"embeddable":true,"href":"https:\/\/www.rengoenlanoticia.cl\/prensa\/wp-json\/wp\/v2\/comments?post=5155"}],"version-history":[{"count":4,"href":"https:\/\/www.rengoenlanoticia.cl\/prensa\/wp-json\/wp\/v2\/posts\/5155\/revisions"}],"predecessor-version":[{"id":5168,"href":"https:\/\/www.rengoenlanoticia.cl\/prensa\/wp-json\/wp\/v2\/posts\/5155\/revisions\/5168"}],"wp:featuredmedia":[{"embeddable":true,"href":"https:\/\/www.rengoenlanoticia.cl\/prensa\/wp-json\/wp\/v2\/media\/5159"}],"wp:attachment":[{"href":"https:\/\/www.rengoenlanoticia.cl\/prensa\/wp-json\/wp\/v2\/media?parent=5155"}],"wp:term":[{"taxonomy":"category","embeddable":true,"href":"https:\/\/www.rengoenlanoticia.cl\/prensa\/wp-json\/wp\/v2\/categories?post=5155"},{"taxonomy":"post_tag","embeddable":true,"href":"https:\/\/www.rengoenlanoticia.cl\/prensa\/wp-json\/wp\/v2\/tags?post=5155"}],"curies":[{"name":"wp","href":"https:\/\/api.w.org\/{rel}","templated":true}]}}