{"id":5145,"date":"2025-08-11T19:37:11","date_gmt":"2025-08-11T19:37:11","guid":{"rendered":"https:\/\/www.rengoenlanoticia.cl\/prensa\/?p=5145"},"modified":"2025-08-11T19:37:13","modified_gmt":"2025-08-11T19:37:13","slug":"avanzando-en-salud-territorial-desde-el-hospital-de-santa-cruz","status":"publish","type":"post","link":"https:\/\/www.rengoenlanoticia.cl\/prensa\/2025\/08\/11\/avanzando-en-salud-territorial-desde-el-hospital-de-santa-cruz\/","title":{"rendered":"Avanzando en salud territorial desde el Hospital de Santa Cruz"},"content":{"rendered":"\n<p>Durante\u00a0la Jornada CIRAM,\u00a0que reuni\u00f3 a representantes de siete comunas de la micro\u00e1rea, con foco en listas de espera, articulaci\u00f3n y mejora continua en salud.<\/p>\n\n\n\n<p>Con el objetivo de reforzar la articulaci\u00f3n de la red asistencial y avanzar en temas estrat\u00e9gicos para la salud p\u00fablica local, el Hospital de Santa Cruz fue sede de una nueva Jornada CIRAM (Coordinaci\u00f3n de la Red Asistencial de la Micro\u00e1rea), instancia que reuni\u00f3 a representantes de las comunas de Santa Cruz, Lolol, Peralillo, Ch\u00e9pica, Palmilla, Litueche y Pichilemu.<\/p>\n\n\n\n<p>La jornada, realizada en dependencias del hospital por iniciativa del director del establecimiento, Dr. Sebasti\u00e1n Urz\u00faa, convoc\u00f3 a equipos directivos, referentes cl\u00ednicos y representantes de los establecimientos de atenci\u00f3n primaria de las comunas participantes.<\/p>\n\n\n\n<p>Durante el encuentro se abordaron temas prioritarios para el funcionamiento coordinado de la red, tales como los avances en la gesti\u00f3n de listas de espera, el fortalecimiento de la coordinaci\u00f3n asistencial entre niveles de atenci\u00f3n, y la promoci\u00f3n del trabajo colaborativo y articulado entre los equipos comunales.<\/p>\n\n\n\n<p>\u00abEl trabajo en red es esencial para garantizar una atenci\u00f3n oportuna y de calidad a nuestros usuarios. Instancias como esta permiten estrategias alineales, compartir buenas pr\u00e1cticas y seguir fortaleciendo la salud p\u00fablica desde el territorio\u00bb, se\u00f1al\u00f3 el Dr. Urz\u00faa.<\/p>\n\n\n\n<p>Asimismo, resalt\u00f3 que \u201cel desarrollo de esta jornada CIRAM refleja el compromiso de los equipos de salud con la mejora continua, la eficiencia en la gesti\u00f3n cl\u00ednica y administrativa, y el abordaje conjunto de los desaf\u00edos locales en materia sanitaria. Adem\u00e1s, consolida el trabajo intersectorial como base para construir soluciones sostenibles y centradas en las personas\u201d.<\/p>\n\n\n\n<p>Finalmente, indic\u00f3 que \u201ccon esta jornada, nuestro Hospital de Santa Cruz reafirma su rol como referente t\u00e9cnico de la micro\u00e1rea, facilitando espacios de coordinaci\u00f3n que impactan directamente en la calidad de la atenci\u00f3n y el bienestar de la comunidad\u201d.<\/p>\n","protected":false},"excerpt":{"rendered":"Durante\u00a0la Jornada CIRAM,\u00a0que reuni\u00f3 a representantes de siete comunas de la micro\u00e1rea, con foco en listas de espera,&hellip;\n","protected":false},"author":1,"featured_media":5150,"comment_status":"open","ping_status":"open","sticky":false,"template":"","format":"standard","meta":{"_monsterinsights_skip_tracking":false,"_monsterinsights_sitenote_active":false,"_monsterinsights_sitenote_note":"","_monsterinsights_sitenote_category":0,"footnotes":""},"categories":[8],"tags":[],"class_list":{"0":"post-5145","1":"post","2":"type-post","3":"status-publish","4":"format-standard","5":"has-post-thumbnail","7":"category-portada"},"aioseo_notices":[],"_links":{"self":[{"href":"https:\/\/www.rengoenlanoticia.cl\/prensa\/wp-json\/wp\/v2\/posts\/5145","targetHints":{"allow":["GET"]}}],"collection":[{"href":"https:\/\/www.rengoenlanoticia.cl\/prensa\/wp-json\/wp\/v2\/posts"}],"about":[{"href":"https:\/\/www.rengoenlanoticia.cl\/prensa\/wp-json\/wp\/v2\/types\/post"}],"author":[{"embeddable":true,"href":"https:\/\/www.rengoenlanoticia.cl\/prensa\/wp-json\/wp\/v2\/users\/1"}],"replies":[{"embeddable":true,"href":"https:\/\/www.rengoenlanoticia.cl\/prensa\/wp-json\/wp\/v2\/comments?post=5145"}],"version-history":[{"count":3,"href":"https:\/\/www.rengoenlanoticia.cl\/prensa\/wp-json\/wp\/v2\/posts\/5145\/revisions"}],"predecessor-version":[{"id":5153,"href":"https:\/\/www.rengoenlanoticia.cl\/prensa\/wp-json\/wp\/v2\/posts\/5145\/revisions\/5153"}],"wp:featuredmedia":[{"embeddable":true,"href":"https:\/\/www.rengoenlanoticia.cl\/prensa\/wp-json\/wp\/v2\/media\/5150"}],"wp:attachment":[{"href":"https:\/\/www.rengoenlanoticia.cl\/prensa\/wp-json\/wp\/v2\/media?parent=5145"}],"wp:term":[{"taxonomy":"category","embeddable":true,"href":"https:\/\/www.rengoenlanoticia.cl\/prensa\/wp-json\/wp\/v2\/categories?post=5145"},{"taxonomy":"post_tag","embeddable":true,"href":"https:\/\/www.rengoenlanoticia.cl\/prensa\/wp-json\/wp\/v2\/tags?post=5145"}],"curies":[{"name":"wp","href":"https:\/\/api.w.org\/{rel}","templated":true}]}}