{"id":5144,"date":"2025-08-11T19:26:55","date_gmt":"2025-08-11T19:26:55","guid":{"rendered":"https:\/\/www.rengoenlanoticia.cl\/prensa\/?p=5144"},"modified":"2025-08-11T19:26:56","modified_gmt":"2025-08-11T19:26:56","slug":"codelco-informa-salida-del-gerente-general-de-el-teniente-andres-music","status":"publish","type":"post","link":"https:\/\/www.rengoenlanoticia.cl\/prensa\/2025\/08\/11\/codelco-informa-salida-del-gerente-general-de-el-teniente-andres-music\/","title":{"rendered":"Codelco informa salida del gerente general de El Teniente, Andr\u00e9s Music"},"content":{"rendered":"\n<p>La Presidencia Ejecutiva de Codelco y el se\u00f1or Andr\u00e9s Music Garrido, gerente general de la Divisi\u00f3n El Teniente, han acordado el t\u00e9rmino de las funciones de este \u00faltimo en la Corporaci\u00f3n a partir de ma\u00f1ana, martes 12 de agosto.<\/p>\n\n\n\n<p>Esta decisi\u00f3n no responde a la asignaci\u00f3n de alguna responsabilidad, sino que obedece exclusivamente a la necesidad de focalizar la atenci\u00f3n de la divisi\u00f3n en los desaf\u00edos que presenta la ejecuci\u00f3n del Plan de Retorno Seguro y Gradual. Su salida bajo t\u00e9rminos de mutuo acuerdo, confirma la integridad y el liderazgo que Andr\u00e9s ha mostrado durante su trayectoria de m\u00e1s de 15 a\u00f1os en la empresa, donde ha velado siempre\u2013 de acuerdo con sus propias palabras\u2013 \u201cpor lo mejor para la compa\u00f1\u00eda y la familia Codelco\u201d.<\/p>\n\n\n\n<p>La Presidencia Ejecutiva ha designado como gerente general interino a don Claudio Sougarret, actual gerente de Operaciones de la Divisi\u00f3n El Teniente, con el objetivo prioritario de restablecer las operaciones recientemente autorizadas, bajo las condiciones de seguridad y gradualidad exigidas por la autoridad, y avanzar hacia la nueva normalidad en la divisi\u00f3n.<\/p>\n\n\n\n<p>Como compa\u00f1\u00eda confiamos en que el avance de las distintas investigaciones en curso, esclarezcan las causas y aprendizajes de este fatal accidente.<\/p>\n\n\n\n<figure class=\"wp-block-image size-large\"><img loading=\"lazy\" decoding=\"async\" width=\"1024\" height=\"576\" src=\"https:\/\/www.rengoenlanoticia.cl\/prensa\/wp-content\/uploads\/2025\/08\/Parcelas-1024x576.jpeg\" alt=\"\" class=\"wp-image-5091\" srcset=\"https:\/\/www.rengoenlanoticia.cl\/prensa\/wp-content\/uploads\/2025\/08\/Parcelas-1024x576.jpeg 1024w, https:\/\/www.rengoenlanoticia.cl\/prensa\/wp-content\/uploads\/2025\/08\/Parcelas-300x169.jpeg 300w, https:\/\/www.rengoenlanoticia.cl\/prensa\/wp-content\/uploads\/2025\/08\/Parcelas-768x432.jpeg 768w, https:\/\/www.rengoenlanoticia.cl\/prensa\/wp-content\/uploads\/2025\/08\/Parcelas-1536x864.jpeg 1536w, https:\/\/www.rengoenlanoticia.cl\/prensa\/wp-content\/uploads\/2025\/08\/Parcelas-110x62.jpeg 110w, https:\/\/www.rengoenlanoticia.cl\/prensa\/wp-content\/uploads\/2025\/08\/Parcelas-200x113.jpeg 200w, https:\/\/www.rengoenlanoticia.cl\/prensa\/wp-content\/uploads\/2025\/08\/Parcelas-380x214.jpeg 380w, https:\/\/www.rengoenlanoticia.cl\/prensa\/wp-content\/uploads\/2025\/08\/Parcelas-255x143.jpeg 255w, https:\/\/www.rengoenlanoticia.cl\/prensa\/wp-content\/uploads\/2025\/08\/Parcelas-550x309.jpeg 550w, https:\/\/www.rengoenlanoticia.cl\/prensa\/wp-content\/uploads\/2025\/08\/Parcelas-800x450.jpeg 800w, https:\/\/www.rengoenlanoticia.cl\/prensa\/wp-content\/uploads\/2025\/08\/Parcelas-1160x653.jpeg 1160w, https:\/\/www.rengoenlanoticia.cl\/prensa\/wp-content\/uploads\/2025\/08\/Parcelas.jpeg 1920w\" sizes=\"auto, (max-width: 1024px) 100vw, 1024px\" \/><\/figure>\n","protected":false},"excerpt":{"rendered":"La Presidencia Ejecutiva de Codelco y el se\u00f1or Andr\u00e9s Music Garrido, gerente general de la Divisi\u00f3n El Teniente,&hellip;\n","protected":false},"author":1,"featured_media":5146,"comment_status":"open","ping_status":"open","sticky":false,"template":"","format":"standard","meta":{"_monsterinsights_skip_tracking":false,"_monsterinsights_sitenote_active":false,"_monsterinsights_sitenote_note":"","_monsterinsights_sitenote_category":0,"footnotes":""},"categories":[8],"tags":[],"class_list":{"0":"post-5144","1":"post","2":"type-post","3":"status-publish","4":"format-standard","5":"has-post-thumbnail","7":"category-portada"},"aioseo_notices":[],"_links":{"self":[{"href":"https:\/\/www.rengoenlanoticia.cl\/prensa\/wp-json\/wp\/v2\/posts\/5144","targetHints":{"allow":["GET"]}}],"collection":[{"href":"https:\/\/www.rengoenlanoticia.cl\/prensa\/wp-json\/wp\/v2\/posts"}],"about":[{"href":"https:\/\/www.rengoenlanoticia.cl\/prensa\/wp-json\/wp\/v2\/types\/post"}],"author":[{"embeddable":true,"href":"https:\/\/www.rengoenlanoticia.cl\/prensa\/wp-json\/wp\/v2\/users\/1"}],"replies":[{"embeddable":true,"href":"https:\/\/www.rengoenlanoticia.cl\/prensa\/wp-json\/wp\/v2\/comments?post=5144"}],"version-history":[{"count":3,"href":"https:\/\/www.rengoenlanoticia.cl\/prensa\/wp-json\/wp\/v2\/posts\/5144\/revisions"}],"predecessor-version":[{"id":5149,"href":"https:\/\/www.rengoenlanoticia.cl\/prensa\/wp-json\/wp\/v2\/posts\/5144\/revisions\/5149"}],"wp:featuredmedia":[{"embeddable":true,"href":"https:\/\/www.rengoenlanoticia.cl\/prensa\/wp-json\/wp\/v2\/media\/5146"}],"wp:attachment":[{"href":"https:\/\/www.rengoenlanoticia.cl\/prensa\/wp-json\/wp\/v2\/media?parent=5144"}],"wp:term":[{"taxonomy":"category","embeddable":true,"href":"https:\/\/www.rengoenlanoticia.cl\/prensa\/wp-json\/wp\/v2\/categories?post=5144"},{"taxonomy":"post_tag","embeddable":true,"href":"https:\/\/www.rengoenlanoticia.cl\/prensa\/wp-json\/wp\/v2\/tags?post=5144"}],"curies":[{"name":"wp","href":"https:\/\/api.w.org\/{rel}","templated":true}]}}