{"id":5129,"date":"2025-08-11T19:09:14","date_gmt":"2025-08-11T19:09:14","guid":{"rendered":"https:\/\/www.rengoenlanoticia.cl\/prensa\/?p=5129"},"modified":"2025-08-11T19:09:16","modified_gmt":"2025-08-11T19:09:16","slug":"juzgado-de-garantia-de-graneros-decreta-el-arresto-domiciliario-de-concejala-por-uso-de-certificados-medicos-falsos","status":"publish","type":"post","link":"https:\/\/www.rengoenlanoticia.cl\/prensa\/2025\/08\/11\/juzgado-de-garantia-de-graneros-decreta-el-arresto-domiciliario-de-concejala-por-uso-de-certificados-medicos-falsos\/","title":{"rendered":"Juzgado de Garant\u00eda de Graneros decreta el arresto domiciliario de concejala por uso de certificados m\u00e9dicos falsos"},"content":{"rendered":"\n<p>En audiencia de formalizaci\u00f3n (causa rol 1.649-2025), el magistrado Patricio Acevedo Silva acogi\u00f3 las cautelares solicitadas por la fiscal\u00eda al considerarlas apropiadas y proporcionales a los fines del procedimiento. Adem\u00e1s, fij\u00f3, en 120 d\u00edas el plazo de investigaci\u00f3n.<\/p>\n\n\n\n<p>El Juzgado de Garant\u00eda de Graneros dej\u00f3 hoy \u2013lunes lunes 11 de agosto\u2013 sujeta a las medidas cautelares de arresto domiciliario parcial nocturno, arraigo nacional y firma quincenal a Thae Loiza Galaz, imputada por el Ministerio P\u00fablico como autora de los delitos de fraude de remuneraciones y uso reiterado de certificados m\u00e9dicos falsos. Il\u00edcitos que habr\u00eda perpetrado entre diciembre de 2019 y mayo pasado.<\/p>\n\n\n\n<p>En audiencia de formalizaci\u00f3n (causa rol 1.649-2025), el magistrado Patricio Acevedo Silva acogi\u00f3 las cautelares solicitadas por la fiscal\u00eda al considerarlas apropiadas y proporcionales a los fines del procedimiento. Adem\u00e1s, fij\u00f3, en 120 d\u00edas el plazo de investigaci\u00f3n.<\/p>\n\n\n\n<p>En tanto, Karen Collado Cabezas qued\u00f3 con&nbsp;arraigo nacional y firma quincenal, imputada&nbsp;como autora de 13 delitos de falsificaci\u00f3n de certificados m\u00e9dicos. &nbsp;<\/p>\n\n\n\n<p>Seg\u00fan el ente persecutor, la concejala Loiza Galaz present\u00f3, entre el 12 de diciembre de 2019 y el 20 de mayo de 2025, trece certificados m\u00e9dicos falsos con la finalidad de que no le descontaran de la remuneraci\u00f3n las inasistencias al Concejo Municipal, las que recibi\u00f3 de forma \u00edntegra.<\/p>\n\n\n\n<p>Certificados que la edil consegu\u00eda, a cambio del pago de $10.000, de la imputada Collado Cabezas. Documentos falsos que correspond\u00eda a un m\u00e9dico fallecido en junio de 2019 (10) y de un facultativo de una cl\u00ednica de Rancagua (3), que nunca atendi\u00f3 a la concejala del municipio de Graneros.<\/p>\n\n\n\n<figure class=\"wp-block-image size-large\"><img loading=\"lazy\" decoding=\"async\" width=\"1024\" height=\"576\" src=\"https:\/\/www.rengoenlanoticia.cl\/prensa\/wp-content\/uploads\/2025\/08\/Parcelas-1024x576.jpeg\" alt=\"\" class=\"wp-image-5091\" srcset=\"https:\/\/www.rengoenlanoticia.cl\/prensa\/wp-content\/uploads\/2025\/08\/Parcelas-1024x576.jpeg 1024w, https:\/\/www.rengoenlanoticia.cl\/prensa\/wp-content\/uploads\/2025\/08\/Parcelas-300x169.jpeg 300w, https:\/\/www.rengoenlanoticia.cl\/prensa\/wp-content\/uploads\/2025\/08\/Parcelas-768x432.jpeg 768w, https:\/\/www.rengoenlanoticia.cl\/prensa\/wp-content\/uploads\/2025\/08\/Parcelas-1536x864.jpeg 1536w, https:\/\/www.rengoenlanoticia.cl\/prensa\/wp-content\/uploads\/2025\/08\/Parcelas-110x62.jpeg 110w, https:\/\/www.rengoenlanoticia.cl\/prensa\/wp-content\/uploads\/2025\/08\/Parcelas-200x113.jpeg 200w, https:\/\/www.rengoenlanoticia.cl\/prensa\/wp-content\/uploads\/2025\/08\/Parcelas-380x214.jpeg 380w, https:\/\/www.rengoenlanoticia.cl\/prensa\/wp-content\/uploads\/2025\/08\/Parcelas-255x143.jpeg 255w, https:\/\/www.rengoenlanoticia.cl\/prensa\/wp-content\/uploads\/2025\/08\/Parcelas-550x309.jpeg 550w, https:\/\/www.rengoenlanoticia.cl\/prensa\/wp-content\/uploads\/2025\/08\/Parcelas-800x450.jpeg 800w, https:\/\/www.rengoenlanoticia.cl\/prensa\/wp-content\/uploads\/2025\/08\/Parcelas-1160x653.jpeg 1160w, https:\/\/www.rengoenlanoticia.cl\/prensa\/wp-content\/uploads\/2025\/08\/Parcelas.jpeg 1920w\" sizes=\"auto, (max-width: 1024px) 100vw, 1024px\" \/><\/figure>\n","protected":false},"excerpt":{"rendered":"En audiencia de formalizaci\u00f3n (causa rol 1.649-2025), el magistrado Patricio Acevedo Silva acogi\u00f3 las cautelares solicitadas por la&hellip;\n","protected":false},"author":1,"featured_media":5130,"comment_status":"open","ping_status":"open","sticky":false,"template":"","format":"standard","meta":{"_monsterinsights_skip_tracking":false,"_monsterinsights_sitenote_active":false,"_monsterinsights_sitenote_note":"","_monsterinsights_sitenote_category":0,"footnotes":""},"categories":[8],"tags":[],"class_list":{"0":"post-5129","1":"post","2":"type-post","3":"status-publish","4":"format-standard","5":"has-post-thumbnail","7":"category-portada"},"aioseo_notices":[],"_links":{"self":[{"href":"https:\/\/www.rengoenlanoticia.cl\/prensa\/wp-json\/wp\/v2\/posts\/5129","targetHints":{"allow":["GET"]}}],"collection":[{"href":"https:\/\/www.rengoenlanoticia.cl\/prensa\/wp-json\/wp\/v2\/posts"}],"about":[{"href":"https:\/\/www.rengoenlanoticia.cl\/prensa\/wp-json\/wp\/v2\/types\/post"}],"author":[{"embeddable":true,"href":"https:\/\/www.rengoenlanoticia.cl\/prensa\/wp-json\/wp\/v2\/users\/1"}],"replies":[{"embeddable":true,"href":"https:\/\/www.rengoenlanoticia.cl\/prensa\/wp-json\/wp\/v2\/comments?post=5129"}],"version-history":[{"count":3,"href":"https:\/\/www.rengoenlanoticia.cl\/prensa\/wp-json\/wp\/v2\/posts\/5129\/revisions"}],"predecessor-version":[{"id":5143,"href":"https:\/\/www.rengoenlanoticia.cl\/prensa\/wp-json\/wp\/v2\/posts\/5129\/revisions\/5143"}],"wp:featuredmedia":[{"embeddable":true,"href":"https:\/\/www.rengoenlanoticia.cl\/prensa\/wp-json\/wp\/v2\/media\/5130"}],"wp:attachment":[{"href":"https:\/\/www.rengoenlanoticia.cl\/prensa\/wp-json\/wp\/v2\/media?parent=5129"}],"wp:term":[{"taxonomy":"category","embeddable":true,"href":"https:\/\/www.rengoenlanoticia.cl\/prensa\/wp-json\/wp\/v2\/categories?post=5129"},{"taxonomy":"post_tag","embeddable":true,"href":"https:\/\/www.rengoenlanoticia.cl\/prensa\/wp-json\/wp\/v2\/tags?post=5129"}],"curies":[{"name":"wp","href":"https:\/\/api.w.org\/{rel}","templated":true}]}}