{"id":5128,"date":"2025-08-11T19:06:25","date_gmt":"2025-08-11T19:06:25","guid":{"rendered":"https:\/\/www.rengoenlanoticia.cl\/prensa\/?p=5128"},"modified":"2025-08-11T19:08:42","modified_gmt":"2025-08-11T19:08:42","slug":"presidenta-s-de-la-corte-suprema-se-interioriza-en-rancagua-sobre-implementacion-del-nuevo-sistema-de-tramitacion-judicial","status":"publish","type":"post","link":"https:\/\/www.rengoenlanoticia.cl\/prensa\/2025\/08\/11\/presidenta-s-de-la-corte-suprema-se-interioriza-en-rancagua-sobre-implementacion-del-nuevo-sistema-de-tramitacion-judicial\/","title":{"rendered":"Presidenta (s) de la Corte Suprema se interioriza en Rancagua sobre implementaci\u00f3n del nuevo sistema de tramitaci\u00f3n judicial"},"content":{"rendered":"\n<p>La presidenta (s) de la Corte Suprema, Gloria Ana Chevesich, realiz\u00f3 una visita a los tribunales de la ciudad de Rancagua para conocer en detalle la implementaci\u00f3n del nuevo sistema inform\u00e1tico de tramitaci\u00f3n de causas: Unijud.<\/p>\n\n\n\n<p>En un recorrido por la Corte de Apelaciones y el Juzgado de Garant\u00eda, la ministra Chevesich se reuni\u00f3 con el Pleno del tribunal de alzada y convers\u00f3 con jueces, administradores y funcionarios sobre los avances y desaf\u00edos que ha implicado la puesta en marcha de esta herramienta tecnol\u00f3gica. El objetivo de la visita fue recibir retroalimentaci\u00f3n directa de quienes trabajan a diario con el nuevo sistema, con el fin de evaluar su impacto en la gesti\u00f3n judicial y la tramitaci\u00f3n de causas, de cara a su aplicaci\u00f3n en regiones m\u00e1s grandes como la Metropolitana.<\/p>\n\n\n\n<figure class=\"wp-block-image size-large\"><img loading=\"lazy\" decoding=\"async\" width=\"1024\" height=\"576\" src=\"https:\/\/www.rengoenlanoticia.cl\/prensa\/wp-content\/uploads\/2025\/08\/Parcelas-1024x576.jpeg\" alt=\"\" class=\"wp-image-5091\" srcset=\"https:\/\/www.rengoenlanoticia.cl\/prensa\/wp-content\/uploads\/2025\/08\/Parcelas-1024x576.jpeg 1024w, https:\/\/www.rengoenlanoticia.cl\/prensa\/wp-content\/uploads\/2025\/08\/Parcelas-300x169.jpeg 300w, https:\/\/www.rengoenlanoticia.cl\/prensa\/wp-content\/uploads\/2025\/08\/Parcelas-768x432.jpeg 768w, https:\/\/www.rengoenlanoticia.cl\/prensa\/wp-content\/uploads\/2025\/08\/Parcelas-1536x864.jpeg 1536w, https:\/\/www.rengoenlanoticia.cl\/prensa\/wp-content\/uploads\/2025\/08\/Parcelas-110x62.jpeg 110w, https:\/\/www.rengoenlanoticia.cl\/prensa\/wp-content\/uploads\/2025\/08\/Parcelas-200x113.jpeg 200w, https:\/\/www.rengoenlanoticia.cl\/prensa\/wp-content\/uploads\/2025\/08\/Parcelas-380x214.jpeg 380w, https:\/\/www.rengoenlanoticia.cl\/prensa\/wp-content\/uploads\/2025\/08\/Parcelas-255x143.jpeg 255w, https:\/\/www.rengoenlanoticia.cl\/prensa\/wp-content\/uploads\/2025\/08\/Parcelas-550x309.jpeg 550w, https:\/\/www.rengoenlanoticia.cl\/prensa\/wp-content\/uploads\/2025\/08\/Parcelas-800x450.jpeg 800w, https:\/\/www.rengoenlanoticia.cl\/prensa\/wp-content\/uploads\/2025\/08\/Parcelas-1160x653.jpeg 1160w, https:\/\/www.rengoenlanoticia.cl\/prensa\/wp-content\/uploads\/2025\/08\/Parcelas.jpeg 1920w\" sizes=\"auto, (max-width: 1024px) 100vw, 1024px\" \/><\/figure>\n\n\n\n<p>Durante su visita, la presidenta (s) del m\u00e1ximo tribunal destac\u00f3 la importancia de Unijud como un paso fundamental para la modernizaci\u00f3n de la justicia en Chile. \u00abEs crucial que escuchemos a quienes est\u00e1n utilizando el sistema. La experiencia de Rancagua nos permite identificar \u00e1reas de mejora y asegurar que esta plataforma cumpla con su objetivo principal: agilizar, dar seguridad, control y transparentar la administraci\u00f3n de justicia para todos los chilenos desde un sistema inform\u00e1tico. Me voy muy tranquila tras conocer en terreno y observando directamente desde los computadores de funcionarios y jueces que todo va avanzando bien\u00bb, se\u00f1al\u00f3.<\/p>\n\n\n\n<figure class=\"wp-block-image size-large\"><img loading=\"lazy\" decoding=\"async\" width=\"1024\" height=\"516\" src=\"https:\/\/www.rengoenlanoticia.cl\/prensa\/wp-content\/uploads\/2025\/08\/WhatsApp-Image-2025-08-11-at-11.48.16-3-1024x516.jpeg\" alt=\"\" class=\"wp-image-5134\" srcset=\"https:\/\/www.rengoenlanoticia.cl\/prensa\/wp-content\/uploads\/2025\/08\/WhatsApp-Image-2025-08-11-at-11.48.16-3-1024x516.jpeg 1024w, https:\/\/www.rengoenlanoticia.cl\/prensa\/wp-content\/uploads\/2025\/08\/WhatsApp-Image-2025-08-11-at-11.48.16-3-300x151.jpeg 300w, https:\/\/www.rengoenlanoticia.cl\/prensa\/wp-content\/uploads\/2025\/08\/WhatsApp-Image-2025-08-11-at-11.48.16-3-768x387.jpeg 768w, https:\/\/www.rengoenlanoticia.cl\/prensa\/wp-content\/uploads\/2025\/08\/WhatsApp-Image-2025-08-11-at-11.48.16-3-1536x774.jpeg 1536w, https:\/\/www.rengoenlanoticia.cl\/prensa\/wp-content\/uploads\/2025\/08\/WhatsApp-Image-2025-08-11-at-11.48.16-3-110x55.jpeg 110w, https:\/\/www.rengoenlanoticia.cl\/prensa\/wp-content\/uploads\/2025\/08\/WhatsApp-Image-2025-08-11-at-11.48.16-3-200x101.jpeg 200w, https:\/\/www.rengoenlanoticia.cl\/prensa\/wp-content\/uploads\/2025\/08\/WhatsApp-Image-2025-08-11-at-11.48.16-3-380x191.jpeg 380w, https:\/\/www.rengoenlanoticia.cl\/prensa\/wp-content\/uploads\/2025\/08\/WhatsApp-Image-2025-08-11-at-11.48.16-3-255x128.jpeg 255w, https:\/\/www.rengoenlanoticia.cl\/prensa\/wp-content\/uploads\/2025\/08\/WhatsApp-Image-2025-08-11-at-11.48.16-3-550x277.jpeg 550w, https:\/\/www.rengoenlanoticia.cl\/prensa\/wp-content\/uploads\/2025\/08\/WhatsApp-Image-2025-08-11-at-11.48.16-3-800x403.jpeg 800w, https:\/\/www.rengoenlanoticia.cl\/prensa\/wp-content\/uploads\/2025\/08\/WhatsApp-Image-2025-08-11-at-11.48.16-3-1160x584.jpeg 1160w, https:\/\/www.rengoenlanoticia.cl\/prensa\/wp-content\/uploads\/2025\/08\/WhatsApp-Image-2025-08-11-at-11.48.16-3.jpeg 1600w\" sizes=\"auto, (max-width: 1024px) 100vw, 1024px\" \/><\/figure>\n\n\n\n<p>La ministra Chevesich tambi\u00e9n valor\u00f3 el compromiso de los funcionarios judiciales de la regi\u00f3n en el proceso de adaptaci\u00f3n a Unijud, subrayando que su colaboraci\u00f3n es clave para el \u00e9xito del proyecto.<\/p>\n\n\n\n<p>El presidente de la Corte de Rancagua, Pedro Caro, explic\u00f3 que \u201cla importancia de la visita de la Presidenta (s) de la Corte Suprema, Gloria Ana Chevesich, a esta jurisdicci\u00f3n tiene que ver con el hecho de que hace m\u00e1s de un a\u00f1o ya se implement\u00f3 en todos los tribunales penales de la Regi\u00f3n de O&#8217;Higgins el sistema de tramitaci\u00f3n Unijud, que facilita la gesti\u00f3n de causa, tiene herramientas innovadoras para la gesti\u00f3n penal y otorga mayores controles a la gesti\u00f3n de la administraci\u00f3n, entregando mayor certeza y seguridad en el uso de los sistemas digitales de tramitaci\u00f3n\u201d, dijo.<\/p>\n\n\n\n<p>\u201cLo importante era que precisamente la Presidenta del m\u00e1ximo tribunal conociera el terreno del funcionamiento del sistema, conversara con los funcionarios y pudiera captar de primera mano las ventajas de este sistema. Obviamente que se trata de un sistema perfectible, que puede tener correcciones, pero es una base significativa en relaci\u00f3n con el sistema anterior de tramitaci\u00f3n que reg\u00eda o rige todav\u00eda en algunos tribunales de nuestro pa\u00eds. Precisamente en tiempos en que se requiere mayor certeza de parte de la tramitaci\u00f3n de los tribunales penales, esta herramienta viene a avanzar en eso y permitir que, en definitiva, con una implementaci\u00f3n como la que se ha llevado a cabo en nuestra regi\u00f3n, pueda llevarse a cabo tambi\u00e9n en los dem\u00e1s tribunales del pa\u00eds\u201d, concluy\u00f3 el presidente de la Corte de Rancagua.<\/p>\n\n\n\n<figure class=\"wp-block-image size-large\"><img loading=\"lazy\" decoding=\"async\" width=\"1024\" height=\"682\" src=\"https:\/\/www.rengoenlanoticia.cl\/prensa\/wp-content\/uploads\/2025\/08\/WhatsApp-Image-2025-08-11-at-11.48.16-1-1024x682.jpeg\" alt=\"\" class=\"wp-image-5133\" srcset=\"https:\/\/www.rengoenlanoticia.cl\/prensa\/wp-content\/uploads\/2025\/08\/WhatsApp-Image-2025-08-11-at-11.48.16-1-1024x682.jpeg 1024w, https:\/\/www.rengoenlanoticia.cl\/prensa\/wp-content\/uploads\/2025\/08\/WhatsApp-Image-2025-08-11-at-11.48.16-1-300x200.jpeg 300w, https:\/\/www.rengoenlanoticia.cl\/prensa\/wp-content\/uploads\/2025\/08\/WhatsApp-Image-2025-08-11-at-11.48.16-1-768x512.jpeg 768w, https:\/\/www.rengoenlanoticia.cl\/prensa\/wp-content\/uploads\/2025\/08\/WhatsApp-Image-2025-08-11-at-11.48.16-1-1536x1023.jpeg 1536w, https:\/\/www.rengoenlanoticia.cl\/prensa\/wp-content\/uploads\/2025\/08\/WhatsApp-Image-2025-08-11-at-11.48.16-1-110x73.jpeg 110w, https:\/\/www.rengoenlanoticia.cl\/prensa\/wp-content\/uploads\/2025\/08\/WhatsApp-Image-2025-08-11-at-11.48.16-1-200x133.jpeg 200w, https:\/\/www.rengoenlanoticia.cl\/prensa\/wp-content\/uploads\/2025\/08\/WhatsApp-Image-2025-08-11-at-11.48.16-1-380x253.jpeg 380w, https:\/\/www.rengoenlanoticia.cl\/prensa\/wp-content\/uploads\/2025\/08\/WhatsApp-Image-2025-08-11-at-11.48.16-1-255x170.jpeg 255w, https:\/\/www.rengoenlanoticia.cl\/prensa\/wp-content\/uploads\/2025\/08\/WhatsApp-Image-2025-08-11-at-11.48.16-1-550x366.jpeg 550w, https:\/\/www.rengoenlanoticia.cl\/prensa\/wp-content\/uploads\/2025\/08\/WhatsApp-Image-2025-08-11-at-11.48.16-1-800x533.jpeg 800w, https:\/\/www.rengoenlanoticia.cl\/prensa\/wp-content\/uploads\/2025\/08\/WhatsApp-Image-2025-08-11-at-11.48.16-1-1160x773.jpeg 1160w, https:\/\/www.rengoenlanoticia.cl\/prensa\/wp-content\/uploads\/2025\/08\/WhatsApp-Image-2025-08-11-at-11.48.16-1.jpeg 1600w\" sizes=\"auto, (max-width: 1024px) 100vw, 1024px\" \/><\/figure>\n\n\n\n<p>En tanto, el juez (s) presidente de Garant\u00eda, Felipe Izquierdo, resalt\u00f3 la mayor celeridad y seguridad en el uso del sistema. \u201cEn lo que dice en relaci\u00f3n con la labor de los magistrados, claramente el nuevo sistema Unijud se ha traducido en una mayor eficiencia y eficacia en el servicio judicial, en espec\u00edfico en lo que dice en relaci\u00f3n con la firma de despacho, el an\u00e1lisis de la historia de tramitaci\u00f3n de cada causa, la trazabilidad, en espec\u00edfico, \u00f3rdenes de detenci\u00f3n de los distintos imputados, en relaci\u00f3n a los diversos tribunales de la jurisdicci\u00f3n. Evidentemente, ha significado de modo ostensible una mejora en el servicio judicial que prestamos en esta ciudad\u201d.<\/p>\n\n\n\n<p>Por \u00faltimo, el administrador de Garant\u00eda y anfitri\u00f3n de la visita, Rodrigo Valenzuela, explic\u00f3 que para la implementaci\u00f3n y mejoras se ha desarrollado un trabajo conjunto entre los juzgados de la regi\u00f3n. \u201cEste trabajo ha sido un trabajo colaborativo entre los distintos tribunales de garant\u00eda de esta regi\u00f3n y que ha sido de la mano de profesionales expertos en inform\u00e1tica de la Corporaci\u00f3n Administrativa del Poder Judicial. Es un sistema que es amigable, que permite a los funcionarios trabajar de mejor forma, acortar su tiempo de trabajo, lo que nos tiene a nosotros muy contentos. Sin duda un sistema que a\u00fan es perfectible y seguimos hasta el d\u00eda de hoy en colaboraci\u00f3n con colegas ministros de la ejecuci\u00f3n y por supuesto con la presencia de los funcionarios y de nuestros jueces, trabajando para irlo mejorando\u201d.<\/p>\n\n\n\n<p>El directivo reiter\u00f3 el compromiso \u201cpara todo lo que fuese necesario y as\u00ed tambi\u00e9n lo hago extensivo a mis colegas administradores de la regi\u00f3n que me han manifestado tambi\u00e9n su disposici\u00f3n. Estamos muy atentos para apoyar en tanto sea posible con la experiencia que a nosotros nos ha tocado vivir hasta el d\u00eda de hoy\u201d.<\/p>\n\n\n\n<figure class=\"wp-block-image size-large\"><img loading=\"lazy\" decoding=\"async\" width=\"1024\" height=\"682\" src=\"https:\/\/www.rengoenlanoticia.cl\/prensa\/wp-content\/uploads\/2025\/08\/WhatsApp-Image-2025-08-11-at-11.48.17-1024x682.jpeg\" alt=\"\" class=\"wp-image-5136\" srcset=\"https:\/\/www.rengoenlanoticia.cl\/prensa\/wp-content\/uploads\/2025\/08\/WhatsApp-Image-2025-08-11-at-11.48.17-1024x682.jpeg 1024w, https:\/\/www.rengoenlanoticia.cl\/prensa\/wp-content\/uploads\/2025\/08\/WhatsApp-Image-2025-08-11-at-11.48.17-300x200.jpeg 300w, https:\/\/www.rengoenlanoticia.cl\/prensa\/wp-content\/uploads\/2025\/08\/WhatsApp-Image-2025-08-11-at-11.48.17-768x512.jpeg 768w, https:\/\/www.rengoenlanoticia.cl\/prensa\/wp-content\/uploads\/2025\/08\/WhatsApp-Image-2025-08-11-at-11.48.17-1536x1023.jpeg 1536w, https:\/\/www.rengoenlanoticia.cl\/prensa\/wp-content\/uploads\/2025\/08\/WhatsApp-Image-2025-08-11-at-11.48.17-110x73.jpeg 110w, https:\/\/www.rengoenlanoticia.cl\/prensa\/wp-content\/uploads\/2025\/08\/WhatsApp-Image-2025-08-11-at-11.48.17-200x133.jpeg 200w, https:\/\/www.rengoenlanoticia.cl\/prensa\/wp-content\/uploads\/2025\/08\/WhatsApp-Image-2025-08-11-at-11.48.17-380x253.jpeg 380w, https:\/\/www.rengoenlanoticia.cl\/prensa\/wp-content\/uploads\/2025\/08\/WhatsApp-Image-2025-08-11-at-11.48.17-255x170.jpeg 255w, https:\/\/www.rengoenlanoticia.cl\/prensa\/wp-content\/uploads\/2025\/08\/WhatsApp-Image-2025-08-11-at-11.48.17-550x366.jpeg 550w, https:\/\/www.rengoenlanoticia.cl\/prensa\/wp-content\/uploads\/2025\/08\/WhatsApp-Image-2025-08-11-at-11.48.17-800x533.jpeg 800w, https:\/\/www.rengoenlanoticia.cl\/prensa\/wp-content\/uploads\/2025\/08\/WhatsApp-Image-2025-08-11-at-11.48.17-1160x773.jpeg 1160w, https:\/\/www.rengoenlanoticia.cl\/prensa\/wp-content\/uploads\/2025\/08\/WhatsApp-Image-2025-08-11-at-11.48.17.jpeg 1600w\" sizes=\"auto, (max-width: 1024px) 100vw, 1024px\" \/><\/figure>\n\n\n\n<p>UNIJUD<br>Este nuevo sistema de gesti\u00f3n de causas busca unificar las plataformas inform\u00e1ticas existentes, centralizando la informaci\u00f3n y automatizando procesos, lo que se espera reduzca los tiempos de tramitaci\u00f3n y mejore la calidad del servicio judicial.<\/p>\n\n\n\n<p>Una de las principales novedades de Unijud es su enfoque modular y escalable, lo que permitir\u00e1 su adaptaci\u00f3n a diferentes tipos de tribunales y jurisdicciones.<br>Entre sus beneficios m\u00e1s destacados se encuentran:<\/p>\n\n\n\n<ul class=\"wp-block-list\">\n<li>Mayor eficiencia y rapidez: El sistema automatizar\u00e1 tareas repetitivas, como la notificaci\u00f3n de resoluciones y la generaci\u00f3n de expedientes digitales, reduciendo significativamente los tiempos de tramitaci\u00f3n.<\/li>\n\n\n\n<li>Transparencia mejorada: La plataforma permitir\u00e1 un seguimiento en tiempo real del estado de las causas, garantizando una mayor visibilidad y control para los ciudadanos y las partes involucradas.<\/li>\n\n\n\n<li>Acceso simplificado: Unijud facilitar\u00e1 el acceso remoto a la informaci\u00f3n y a los servicios judiciales a trav\u00e9s de una interfaz m\u00e1s intuitiva y amigable.<\/li>\n\n\n\n<li>Seguridad reforzada: Se implementar\u00e1n robustos protocolos de seguridad para proteger la integridad y confidencialidad de la informaci\u00f3n judicial.<\/li>\n<\/ul>\n","protected":false},"excerpt":{"rendered":"La presidenta (s) de la Corte Suprema, Gloria Ana Chevesich, realiz\u00f3 una visita a los tribunales de la&hellip;\n","protected":false},"author":1,"featured_media":5135,"comment_status":"open","ping_status":"open","sticky":false,"template":"","format":"standard","meta":{"_monsterinsights_skip_tracking":false,"_monsterinsights_sitenote_active":false,"_monsterinsights_sitenote_note":"","_monsterinsights_sitenote_category":0,"footnotes":""},"categories":[8],"tags":[],"class_list":{"0":"post-5128","1":"post","2":"type-post","3":"status-publish","4":"format-standard","5":"has-post-thumbnail","7":"category-portada"},"aioseo_notices":[],"_links":{"self":[{"href":"https:\/\/www.rengoenlanoticia.cl\/prensa\/wp-json\/wp\/v2\/posts\/5128","targetHints":{"allow":["GET"]}}],"collection":[{"href":"https:\/\/www.rengoenlanoticia.cl\/prensa\/wp-json\/wp\/v2\/posts"}],"about":[{"href":"https:\/\/www.rengoenlanoticia.cl\/prensa\/wp-json\/wp\/v2\/types\/post"}],"author":[{"embeddable":true,"href":"https:\/\/www.rengoenlanoticia.cl\/prensa\/wp-json\/wp\/v2\/users\/1"}],"replies":[{"embeddable":true,"href":"https:\/\/www.rengoenlanoticia.cl\/prensa\/wp-json\/wp\/v2\/comments?post=5128"}],"version-history":[{"count":4,"href":"https:\/\/www.rengoenlanoticia.cl\/prensa\/wp-json\/wp\/v2\/posts\/5128\/revisions"}],"predecessor-version":[{"id":5141,"href":"https:\/\/www.rengoenlanoticia.cl\/prensa\/wp-json\/wp\/v2\/posts\/5128\/revisions\/5141"}],"wp:featuredmedia":[{"embeddable":true,"href":"https:\/\/www.rengoenlanoticia.cl\/prensa\/wp-json\/wp\/v2\/media\/5135"}],"wp:attachment":[{"href":"https:\/\/www.rengoenlanoticia.cl\/prensa\/wp-json\/wp\/v2\/media?parent=5128"}],"wp:term":[{"taxonomy":"category","embeddable":true,"href":"https:\/\/www.rengoenlanoticia.cl\/prensa\/wp-json\/wp\/v2\/categories?post=5128"},{"taxonomy":"post_tag","embeddable":true,"href":"https:\/\/www.rengoenlanoticia.cl\/prensa\/wp-json\/wp\/v2\/tags?post=5128"}],"curies":[{"name":"wp","href":"https:\/\/api.w.org\/{rel}","templated":true}]}}