{"id":5123,"date":"2025-08-11T11:53:42","date_gmt":"2025-08-11T11:53:42","guid":{"rendered":"https:\/\/www.rengoenlanoticia.cl\/prensa\/?p=5123"},"modified":"2025-08-11T11:54:20","modified_gmt":"2025-08-11T11:54:20","slug":"proteger-la-dirigencia-es-potenciar-la-democracia","status":"publish","type":"post","link":"https:\/\/www.rengoenlanoticia.cl\/prensa\/2025\/08\/11\/proteger-la-dirigencia-es-potenciar-la-democracia\/","title":{"rendered":"Proteger la dirigencia es potenciar la democracia"},"content":{"rendered":"\n<p>Cada vez que nos toca, en nuestro papel de Seremi de Gobierno, dialogar con los dirigentes sociales de nuestra regi\u00f3n, nos encontramos con un mundo enorme de personas que desempe\u00f1an una labor fundamental en la participaci\u00f3n de la ciudadan\u00eda y en la representaci\u00f3n de las demandas que es preciso canalizar y responder adecuadamente con pol\u00edticas p\u00fablicas certeras que resuelvan y proyecten soluciones que permitan fortalecer la labor del Estado en las m\u00faltiples necesidades que nuestra democracia tiene.&nbsp;La organizaci\u00f3n de la sociedad civil es fundamental para dar un soporte ciudadano de legitimidad democr\u00e1tica a la labor del Estado.&nbsp;<\/p>\n\n\n\n<p>Centenares de dirigentes y dirigentas -mayoritariamente mujeres, hay que decirlo- desempe\u00f1an un rol insustituible en las juntas de vecinos, clubes de adultos mayores, clubes deportivos, comit\u00e9s de vivienda, centros de padres y apoderados o Servicios Sanitarios Rurales, entre otras organizaciones, que permiten organizar a la ciudadan\u00eda y entender -desde el Estado- cu\u00e1les son las necesidades urgentes que el pueblo tiene.&nbsp;<\/p>\n\n\n\n<p>La conexi\u00f3n de las autoridades con la ciudadan\u00eda organizada permite construir una agenda de necesidades que es fundamental para responder con pol\u00edticas p\u00fablicas de calidad y as\u00ed configurar l\u00edneas de desarrollo regional y nacional efectivas.<\/p>\n\n\n\n<p>Agosto es el mes de la dirigencia social y como Gobierno del Presidente Gabriel Boric no solo enviamos un afectuoso y fraterno saludo de felicitaciones a los dirigentes y dirigentas sociales sino que llamamos a los diputados y diputadas de los distritos de nuestra regi\u00f3n a votar favorablemente el proyecto de ley que les da protecci\u00f3n efectiva a los dirigentes y dirigentas elevando las penas a quienes les amenacen o agredan y que se vota este lunes 11 de agosto en el Congreso Nacional.<\/p>\n\n\n\n<p>Ser\u00e1 el mejor respaldo a la labor de quienes son fundamentales para robustecer nuestra democracia.&nbsp;<\/p>\n\n\n\n<p><strong>Carlos Carrasco Olea<\/strong><\/p>\n\n\n\n<p><strong>Seremi de Gobierno Regi\u00f3n de O&#8217;Higgins<\/strong><\/p>\n","protected":false},"excerpt":{"rendered":"Cada vez que nos toca, en nuestro papel de Seremi de Gobierno, dialogar con los dirigentes sociales de&hellip;\n","protected":false},"author":1,"featured_media":5124,"comment_status":"open","ping_status":"open","sticky":false,"template":"","format":"standard","meta":{"_monsterinsights_skip_tracking":false,"_monsterinsights_sitenote_active":false,"_monsterinsights_sitenote_note":"","_monsterinsights_sitenote_category":0,"footnotes":""},"categories":[8],"tags":[],"class_list":{"0":"post-5123","1":"post","2":"type-post","3":"status-publish","4":"format-standard","5":"has-post-thumbnail","7":"category-portada"},"aioseo_notices":[],"_links":{"self":[{"href":"https:\/\/www.rengoenlanoticia.cl\/prensa\/wp-json\/wp\/v2\/posts\/5123","targetHints":{"allow":["GET"]}}],"collection":[{"href":"https:\/\/www.rengoenlanoticia.cl\/prensa\/wp-json\/wp\/v2\/posts"}],"about":[{"href":"https:\/\/www.rengoenlanoticia.cl\/prensa\/wp-json\/wp\/v2\/types\/post"}],"author":[{"embeddable":true,"href":"https:\/\/www.rengoenlanoticia.cl\/prensa\/wp-json\/wp\/v2\/users\/1"}],"replies":[{"embeddable":true,"href":"https:\/\/www.rengoenlanoticia.cl\/prensa\/wp-json\/wp\/v2\/comments?post=5123"}],"version-history":[{"count":2,"href":"https:\/\/www.rengoenlanoticia.cl\/prensa\/wp-json\/wp\/v2\/posts\/5123\/revisions"}],"predecessor-version":[{"id":5126,"href":"https:\/\/www.rengoenlanoticia.cl\/prensa\/wp-json\/wp\/v2\/posts\/5123\/revisions\/5126"}],"wp:featuredmedia":[{"embeddable":true,"href":"https:\/\/www.rengoenlanoticia.cl\/prensa\/wp-json\/wp\/v2\/media\/5124"}],"wp:attachment":[{"href":"https:\/\/www.rengoenlanoticia.cl\/prensa\/wp-json\/wp\/v2\/media?parent=5123"}],"wp:term":[{"taxonomy":"category","embeddable":true,"href":"https:\/\/www.rengoenlanoticia.cl\/prensa\/wp-json\/wp\/v2\/categories?post=5123"},{"taxonomy":"post_tag","embeddable":true,"href":"https:\/\/www.rengoenlanoticia.cl\/prensa\/wp-json\/wp\/v2\/tags?post=5123"}],"curies":[{"name":"wp","href":"https:\/\/api.w.org\/{rel}","templated":true}]}}